{"id":1005,"date":"2020-05-15T15:46:01","date_gmt":"2020-05-15T15:46:01","guid":{"rendered":"https:\/\/tribunavm.com.ar\/?p=1005"},"modified":"2020-05-15T15:46:01","modified_gmt":"2020-05-15T15:46:01","slug":"la-pandemia-no-detiene-a-los-duenos-de-la-deuda","status":"publish","type":"post","link":"https:\/\/tribunavm.com.ar\/index.php\/2020\/05\/15\/la-pandemia-no-detiene-a-los-duenos-de-la-deuda\/","title":{"rendered":"La pandemia no detiene a los due\u00f1os de la deuda"},"content":{"rendered":"<div class=\"row clearfix\">\n<div class=\"col-md-8\">\n<p><span style=\"color: #212121; font-size: 1.5em; letter-spacing: -0.01em;\">En un contexto social cr\u00edtico que atraviesa el mundo en medio de una pandemia, grupos financieros buscan cobrar sus ganancias por intereses de una deuda eterna y odiosa.<\/span><\/p>\n<p><span style=\"font-weight: 400;\"><span class=\"dropcap \" style=\"background-color: #ffffff; color: #dd9933; border-color: #ffffff;\">A<\/span> comienzos de la semana pasada grupos econ\u00f3micos que concentran cerca del 50% de las tenencias de los bonos que el Gobierno pretende reestructurar de la deuda emitida por Argentina rechazaron en forma conjunta la oferta que el Gobierno Argentino les hab\u00eda presentado ante los pr\u00f3ximos vencimientos que deb\u00eda afrontar.<\/span><\/p>\n<p><span style=\"font-weight: 400;\">Estos grupos (Ver: <a href=\"https:\/\/tribunavm.com.ar\/index.php\/2020\/05\/15\/duenos-de-la-deuda\/\">Due\u00f1os de la Deuda<\/a>), denunciaron que \u201csufrir\u00e1n p\u00e9rdidas desproporcionadas que no son justificadas ni necesarias\u201d y se\u00f1alan que la Argentina tiene &#8220;mayor capacidad de pago de la deuda en el largo plazo de lo que figura en la oferta&#8221;. &#8220;No hay justificaci\u00f3n econ\u00f3mica para no hacer pagos hasta mayo de 2023&#8221;.<\/span><\/p>\n<p><span style=\"font-weight: 400;\">La oferta que realiz\u00f3 el gobierno de reestructuraci\u00f3n est\u00e1 direccionada a acreedores de deuda en moneda y legislaci\u00f3n extranjera y responde a alrededor de USD 68 mil millones, un 20% de la deuda total (hoy en d\u00eda la deuda argentina asciende a 320 mil millones de USD). Este escenario de conflicto con los privados se desarrolla en uno de los frentes de negociaci\u00f3n, a los cuales se agrega la deuda intra p\u00fablica que ya fue postergada y aquella con organismos multilaterales de cr\u00e9dito (FMI y Club de Par\u00eds, entre otros).<\/span><\/p>\n<p><span style=\"font-weight: 400;\">Por su parte el Ministerio de Econom\u00eda respondi\u00f3 que el Gobierno &#8220;est\u00e1 decepcionado\u201d por la declaraci\u00f3n de los acreedores y reafirm\u00f3 que &#8220;hemos publicado nuestro an\u00e1lisis de sostenibilidad de la deuda y se encuentra alineado con el del FMI. Si los tenedores de bonos tienen un enfoque diferente que se adecue a esas limitaciones, deber\u00edan presentar una propuesta espec\u00edfica&#8221;.<\/span><\/p>\n<p><span style=\"font-weight: 400;\">Dicho comunicado luego fue respaldado por Alberto Fern\u00e1ndez al se\u00f1alar que \u201clos acreedores no est\u00e1n perdiendo con nuestra propuesta, s\u00f3lo est\u00e1n ganando menos\u201d. Y record\u00f3 las conversaciones que mantuvo con Jeffrey Sachs (economista estadounidense) quien le se\u00f1al\u00f3 que no deber\u00eda haber tanta preocupaci\u00f3n ya que \u201cel mundo va a estar en default, habr\u00e1 m\u00e1s de 40 pa\u00edses as\u00ed\u201d.<\/span><\/p>\n<p><span style=\"color: #ff6600;\"><b>La vida o la deuda<\/b><\/span><\/p>\n<p><span style=\"font-weight: 400;\">Kristalina Georgieva, presidenta del FMI, reiter\u00f3 que Argentina ha actuado responsablemente ante la pandemia y sentenci\u00f3 que la \u201cdeuda es insostenible, as\u00ed que esperemos que el compromiso continuo lleve a una buena soluci\u00f3n de la negociaci\u00f3n con los acreedores\u201d. El FMI declara apoyar la propuesta de reestructuraci\u00f3n para acreedores privados, por un lado, en un momento donde no tiene grandes vencimientos estos a\u00f1os, y por otro, el organismo sigue recibiendo sus pagos, ya que la semana pasada Argentina cancel\u00f3 intereses trimestrales por US$ 320 millones.<\/span><\/p>\n<p><span style=\"font-weight: 400;\">En este escenario de tires y aflojes la Autoconvocatoria por la Suspensi\u00f3n del Pago e Investigaci\u00f3n de la Deuda envi\u00f3 una carta al presidente precisando que <\/span><span style=\"font-weight: 400;\">\u201ceste aplazamiento debe transformarse, de manera inmediata, en una suspensi\u00f3n de pagos de toda la presunta deuda p\u00fablica\u201d. \u201cSe deben destinar los recursos con que ahora se paga deuda para fortalecer el sistema p\u00fablico de salud y las pol\u00edticas sociales frente a la pandemia\u201d.<\/span><\/p>\n<blockquote class=\"pullquote align-center\"><p><span style=\"font-weight: 400;\"> \u201cSe deben destinar los recursos con que ahora se paga deuda para fortalecer el sistema p\u00fablico de salud y las pol\u00edticas sociales frente a la pandemia\u201d. <strong>Autoconvocatoria por la Suspensi\u00f3n del Pago e Investigaci\u00f3n de la Deuda<\/strong><\/span><\/p><\/blockquote>\n<p><span style=\"font-weight: 400;\">Avanzar en \u201cun impuesto a las grandes fortunas y rentas\u201d, bregar por \u201cla nacionalizaci\u00f3n de los hidrocarburos, la banca, el comercio exterior y todos los recursos estrat\u00e9gicos, para afrontar la crisis en el marco de un plan econ\u00f3mico al servicio y bajo control de los trabajadores\u201d. Mientras que \u201cel gobierno sigue priorizando el pago de la deuda externa usuraria al FMI y a los fondos buitre\u201d se\u00f1alan que \u201cesos fondos y todos los que sean necesarios deben estar para garantizar los salarios, la Salud y las necesidades b\u00e1sicas de la poblaci\u00f3n\u201d reza el comunicado impulsado por el <strong>Plenario del Sindicalismo Combativo<\/strong>.<\/span><\/p>\n<p><span style=\"font-weight: 400;\">Hoy, el Banco Central public\u00f3 un <a href=\"http:\/\/www.bcra.gov.ar\/Noticias\/publicacion-de-informe-mercado-cambios-deuda-2015-2019.asp\">informe<\/a> destacando que <\/span><span style=\"font-weight: 400;\">durante el gobierno de <\/span><span style=\"font-weight: 400;\">Maur<\/span><span style=\"font-weight: 400;\">icio Macri<\/span><span style=\"font-weight: 400;\">, se facilitaron las condiciones para la <\/span><span style=\"font-weight: 400;\">fuga de capitales<\/span><span style=\"font-weight: 400;\"> por m\u00e1s de USD 86.000 millones generando \u201cla irrupci\u00f3n de un nuevo episodio de crisis por sobreendeudamiento externo\u201d.<\/span><\/p>\n<p><span style=\"color: #ff6600;\"><b>Cosechando apoyos<\/b><\/span><\/p>\n<p><span style=\"font-weight: 400;\">Ante los cruces que gener\u00f3 el escenario de negociaci\u00f3n de la deuda, el gobierno de Fern\u00e1ndez cosech\u00f3 apoyos de empresarios de los <strong>sectores agroindustriales, productivos, financiero y parte del movimiento obrero<\/strong> en la propuesta de reestructuraci\u00f3n.\u00a0<\/span><\/p>\n<p><span style=\"font-weight: 400;\">De esta forma se llev\u00f3 a cabo una <strong>reuni\u00f3n en la Quinta de Olivos<\/strong> con la presencia de los representantes de los grupos empresarios m\u00e1s poderosos como la Uni\u00f3n Industrial Argentina, la C\u00e1mara de Comercio, la Bolsa de Comercio de Buenos Aires, la Sociedad Rural, la Asociaci\u00f3n de Bancos Argentinos, C\u00e1mara Argentina de la Construcci\u00f3n, entre otras. Y los principales referentes sindicales de la CGT entre los que se destacan H\u00e9ctor Daer, Carlos Acu\u00f1a (Estaciones de Servicio), Gerardo Mart\u00ednez (UOCRA), Andr\u00e9s Rodr\u00edguez (UPCN), Jos\u00e9 Luis Lingeri (Obras Sanitarias), Armando Cavalieri (Comercio y Servicios) y Antonio Cal\u00f3 (UOM). All\u00ed Fern\u00e1ndez, acompa\u00f1ado por parte de su gabinete, dijo que \u201cesta mesa demuestra la vocaci\u00f3n de estar juntos\u201d.<\/span><\/p>\n<figure id=\"attachment_1007\" aria-describedby=\"caption-attachment-1007\" style=\"width: 1024px\" class=\"wp-caption aligncenter\"><img loading=\"lazy\" decoding=\"async\" class=\"wp-image-1007 size-large\" src=\"https:\/\/tribunavm.com.ar\/wp-content\/uploads\/2020\/05\/KNV5GDCV3NEDPE23RM4TVBB2EA-1024x576.jpg\" alt=\"\" width=\"1024\" height=\"576\" srcset=\"https:\/\/tribunavm.com.ar\/wp-content\/uploads\/2020\/05\/KNV5GDCV3NEDPE23RM4TVBB2EA-1024x576.jpg 1024w, https:\/\/tribunavm.com.ar\/wp-content\/uploads\/2020\/05\/KNV5GDCV3NEDPE23RM4TVBB2EA-300x169.jpg 300w, https:\/\/tribunavm.com.ar\/wp-content\/uploads\/2020\/05\/KNV5GDCV3NEDPE23RM4TVBB2EA-768x432.jpg 768w, https:\/\/tribunavm.com.ar\/wp-content\/uploads\/2020\/05\/KNV5GDCV3NEDPE23RM4TVBB2EA-1536x864.jpg 1536w, https:\/\/tribunavm.com.ar\/wp-content\/uploads\/2020\/05\/KNV5GDCV3NEDPE23RM4TVBB2EA-750x422.jpg 750w, https:\/\/tribunavm.com.ar\/wp-content\/uploads\/2020\/05\/KNV5GDCV3NEDPE23RM4TVBB2EA-1140x641.jpg 1140w, https:\/\/tribunavm.com.ar\/wp-content\/uploads\/2020\/05\/KNV5GDCV3NEDPE23RM4TVBB2EA.jpg 1920w\" sizes=\"(max-width: 1024px) 100vw, 1024px\" \/><figcaption id=\"caption-attachment-1007\" class=\"wp-caption-text\">Quinta de Olivos. Reuni\u00f3n de Sindicatos, Gobierno y Empresarios. Foto: Infobae<\/figcaption><\/figure>\n<blockquote class=\"pullquote align-right\"><p><span style=\"font-weight: 400;\">\u201cEsta mesa demuestra la vocaci\u00f3n de estar juntos\u201d. <strong>Alberto Fern\u00e1ndez<\/strong>, ante los lideres empresariales y dirigentes de la CGT.<\/span><\/p><\/blockquote>\n<p>&nbsp;<\/p>\n<p><span style=\"font-weight: 400;\">A su vez, distintas personalidades del mundo de las ciencias econ\u00f3micas abogan por la propuesta presentada por Guzm\u00e1n y de esta forma realizan una carta en apoyo a la Argentina con la firma de m\u00e1s de 160 economistas de 20 pa\u00edses. &#8220;Creemos que un acuerdo sustentable beneficia a ambas partes\u201d, &#8220;s\u00f3lo una econom\u00eda que crece sustentablemente puede cumplir con sus compromisos financieros a lo largo del tiempo&#8221;. Ante &#8220;la ausencia de un marco normativo internacional no deber\u00eda privar a los pa\u00edses endeudados de la posibilidad de proteger a su gente y proveer las condiciones para la recuperaci\u00f3n econ\u00f3mica durante la mayor crisis global que tengamos memoria&#8221;. Entre los firmantes se destacan los premios nobel de Econom\u00eda Joseph Stiglitz, Thomas Piketty (autor de libros acerca del estudio del capitalismo contempor\u00e1neo), Carlos Ominami (impulsor junto a Fern\u00e1ndez del Grupo de Puebla), entre otros.\u00a0<\/span><\/p>\n<p><span style=\"font-weight: 400;\">As\u00ed tambi\u00e9n empresarios nucleados en el grupo \u201cIDEA\u201d reclamaron al Gobierno un \u201cacuerdo sostenible\u201d con los acreedores. &#8220;Al desaf\u00edo de hacerle frente a la emergencia por el virus lo acompa\u00f1a lograr un acuerdo con los acreedores, de igual complejidad ante las consecuencias sociales y econ\u00f3micas de la pandemia\u201d.<\/span><\/p>\n<p><span style=\"color: #ff6600;\"><b>Una pronta salida<\/b><\/span><\/p>\n<p><span style=\"font-weight: 400;\">Mientras el gobierno espera una contrapropuesta por parte de los bonistas, si no se llega a un acuerdo antes del 22 de mayo, habr\u00e1 una cesaci\u00f3n de pagos, lo que com\u00fanmente se llama default. Muchos sostienen que ser\u00eda grav\u00edsimo ese escenario ya que no podr\u00edamos acceder a cr\u00e9dito. Sin embargo, hoy en d\u00eda las tasas son tan altas y los bonos cotizan a niveles de default.<\/span><\/p>\n<p><span style=\"font-weight: 400;\">El tiempo corre, y para los fondos de inversi\u00f3n apremia la necesidad de resolver la negociaci\u00f3n de forma favorable a sus intereses. La taba est\u00e1 en el aire, y lo que restara por definir es si las consecuencias de entrar en cesaci\u00f3n de pagos son m\u00e1s graves de las que suponen continuar con los pagos en momentos de una de las mayores crisis econ\u00f3mica global.<\/span><\/p>\n<\/div>\n<\/div>\n","protected":false},"excerpt":{"rendered":"<p>En un contexto social cr\u00edtico que atraviesa el mundo en medio de una pandemia, grupos financieros buscan cobrar sus ganancias por intereses de una deuda eterna y odiosa. A comienzos de la semana pasada grupos econ\u00f3micos que concentran cerca del 50% de las tenencias de los bonos que el Gobierno pretende reestructurar de la deuda [&hellip;]<\/p>\n","protected":false},"author":2,"featured_media":1006,"comment_status":"open","ping_status":"open","sticky":false,"template":"","format":"standard","meta":{"_exactmetrics_skip_tracking":false,"_exactmetrics_sitenote_active":false,"_exactmetrics_sitenote_note":"","_exactmetrics_sitenote_category":0,"jnews-multi-image_gallery":[],"jnews_single_post":{"subtitle":"","format":"standard","video":"","gallery":"","source_name":"","source_url":"","via_name":"","via_url":"","override_template":"0","override":[{"template":"1","single_blog_custom":"","parallax":"1","fullscreen":"0","layout":"right-sidebar","sidebar":"default-sidebar","second_sidebar":"default-sidebar","sticky_sidebar":"1","share_position":"top","share_float_style":"share-monocrhome","show_share_counter":"1","show_view_counter":"1","show_featured":"1","show_post_meta":"1","show_post_author":"1","show_post_author_image":"1","show_post_date":"1","post_date_format":"default","post_date_format_custom":"Y\/m\/d","show_post_category":"1","show_post_reading_time":"0","post_reading_time_wpm":"300","show_zoom_button":"0","zoom_button_out_step":"2","zoom_button_in_step":"3","show_post_tag":"1","show_prev_next_post":"1","show_popup_post":"1","number_popup_post":"1","show_author_box":"0","show_post_related":"0","show_inline_post_related":"0"}],"override_image_size":"0","image_override":[{"single_post_thumbnail_size":"crop-500","single_post_gallery_size":"crop-500"}],"trending_post":"0","trending_post_position":"meta","trending_post_label":"Trending","sponsored_post":"0","sponsored_post_label":"Sponsored by","sponsored_post_name":"","sponsored_post_url":"","sponsored_post_logo_enable":"0","sponsored_post_logo":"","sponsored_post_desc":""},"jnews_primary_category":{"id":"23"},"jnews_social_meta":{"fb_title":"","fb_description":"","fb_image":"","twitter_title":"","twitter_description":"","twitter_image":""},"jnews_override_counter":{"override_view_counter":"0","view_counter_number":"0","override_share_counter":"0","share_counter_number":"0","override_like_counter":"0","like_counter_number":"0","override_dislike_counter":"0","dislike_counter_number":"0"},"_joinchat":[],"footnotes":""},"categories":[23],"tags":[52,35],"class_list":["post-1005","post","type-post","status-publish","format-standard","has-post-thumbnail","hentry","category-analisis","tag-finanzas","tag-trabajadores"],"_links":{"self":[{"href":"https:\/\/tribunavm.com.ar\/index.php\/wp-json\/wp\/v2\/posts\/1005"}],"collection":[{"href":"https:\/\/tribunavm.com.ar\/index.php\/wp-json\/wp\/v2\/posts"}],"about":[{"href":"https:\/\/tribunavm.com.ar\/index.php\/wp-json\/wp\/v2\/types\/post"}],"author":[{"embeddable":true,"href":"https:\/\/tribunavm.com.ar\/index.php\/wp-json\/wp\/v2\/users\/2"}],"replies":[{"embeddable":true,"href":"https:\/\/tribunavm.com.ar\/index.php\/wp-json\/wp\/v2\/comments?post=1005"}],"version-history":[{"count":2,"href":"https:\/\/tribunavm.com.ar\/index.php\/wp-json\/wp\/v2\/posts\/1005\/revisions"}],"predecessor-version":[{"id":1012,"href":"https:\/\/tribunavm.com.ar\/index.php\/wp-json\/wp\/v2\/posts\/1005\/revisions\/1012"}],"wp:featuredmedia":[{"embeddable":true,"href":"https:\/\/tribunavm.com.ar\/index.php\/wp-json\/wp\/v2\/media\/1006"}],"wp:attachment":[{"href":"https:\/\/tribunavm.com.ar\/index.php\/wp-json\/wp\/v2\/media?parent=1005"}],"wp:term":[{"taxonomy":"category","embeddable":true,"href":"https:\/\/tribunavm.com.ar\/index.php\/wp-json\/wp\/v2\/categories?post=1005"},{"taxonomy":"post_tag","embeddable":true,"href":"https:\/\/tribunavm.com.ar\/index.php\/wp-json\/wp\/v2\/tags?post=1005"}],"curies":[{"name":"wp","href":"https:\/\/api.w.org\/{rel}","templated":true}]}}