{"id":10256,"date":"2024-03-04T02:18:36","date_gmt":"2024-03-04T02:18:36","guid":{"rendered":"https:\/\/tribunavm.com.ar\/?p=10256"},"modified":"2024-03-04T14:09:06","modified_gmt":"2024-03-04T14:09:06","slug":"en-posicion-de-combate","status":"publish","type":"post","link":"https:\/\/tribunavm.com.ar\/index.php\/2024\/03\/04\/en-posicion-de-combate\/","title":{"rendered":"En posici\u00f3n de combate"},"content":{"rendered":"<div class=\"row clearfix\">\n<div class=\"col-md-8\">\n<p><span style=\"font-weight: 400;\"><span class=\"dropcap \" style=\"background-color: #ffffff; color: #dd9933; border-color: #ffffff;\">L<\/span>a iniciativa de doblegarnos para vencernos como trabajadores est\u00e1 a la orden del d\u00eda. Los resultados fiscales que hoy celebran como trofeo de guerra no es otra cosa que el resultado de un ataque directo a los que viven del trabajo. En paralelo se brindan concesiones para atraer inversiones a costa del empeoramiento diario de las <\/span><span style=\"font-weight: 400;\">condiciones de vida,<\/span><span style=\"font-weight: 400;\"> empujando a la clase trabajadora al l\u00edmite de la supervivencia misma.<\/span><\/p>\n<p><span style=\"font-weight: 400;\">Esta es la condici\u00f3n para que se concentre y realice el capital como formaci\u00f3n social dominante requiriendo de mayores beneficios que solo les ser\u00e1 posible conseguir sobre una base de mayor explotaci\u00f3n y empobrecimiento.<\/span><\/p>\n<p><span style=\"font-weight: 400;\">Por ello es que nos piden paciencia y calma, augurando los frutos de esta cosecha. Lo cierto es que a los frutos, y a la cosecha, los antecede la siembra, y aquello que est\u00e1 siendo plantado s\u00f3lo puede decantar en vidas m\u00e1s precarias e indignas.<\/span><\/p>\n<p><span style=\"font-weight: 400;\">Los supuestos beneficios de la libertad de elecci\u00f3n se derrumban por la competencia voraz entre los capitalistas que asisten al mercado con sed de saqueo. La \u201clibertad\u201d de elegir la obra social y negociar individualmente los convenios laborales son se\u00f1uelos con los que se apunta a desbaratar los \u00faltimos nichos organizativos con los cuales contamos.<\/span><\/p>\n<p><span style=\"font-weight: 400;\">El despertar de estos tiempos nos invita a tomar posici\u00f3n de combate para elevar el nivel de lucha hoy marcada en la disputa por la renta. Es por ello que debemos cambiar las condiciones de fuerza que posibilitaron la definici\u00f3n por decreto del piso salarial planchase por completo nuestro salario. Hacia delante todas las iniciativas deben contener la demanda por un salario igual o mayor a la canasta b\u00e1sica total.<\/span><\/p>\n<\/div>\n<\/div>\n","protected":false},"excerpt":{"rendered":"<p>La iniciativa de doblegarnos para vencernos como trabajadores est\u00e1 a la orden del d\u00eda. Los resultados fiscales que hoy celebran como trofeo de guerra no es otra cosa que el resultado de un ataque directo a los que viven del trabajo. En paralelo se brindan concesiones para atraer inversiones a costa del empeoramiento diario de [&hellip;]<\/p>\n","protected":false},"author":2,"featured_media":0,"comment_status":"open","ping_status":"open","sticky":false,"template":"","format":"standard","meta":{"_exactmetrics_skip_tracking":false,"_exactmetrics_sitenote_active":false,"_exactmetrics_sitenote_note":"","_exactmetrics_sitenote_category":0,"jnews-multi-image_gallery":[],"jnews_single_post":{"source_name":"","source_url":"","via_name":"","via_url":"","override_template":"0","override":[{"template":"1","single_blog_custom":"","parallax":"1","fullscreen":"1","layout":"right-sidebar","sidebar":"default-sidebar","second_sidebar":"default-sidebar","sticky_sidebar":"1","share_position":"top","share_float_style":"share-monocrhome","show_share_counter":"1","show_view_counter":"1","show_featured":"1","show_post_meta":"1","show_post_author":"1","show_post_author_image":"1","show_post_date":"1","post_date_format":"default","post_date_format_custom":"Y\/m\/d","show_post_category":"1","show_post_reading_time":"0","post_reading_time_wpm":"300","show_zoom_button":"0","zoom_button_out_step":"2","zoom_button_in_step":"3","show_post_tag":"1","show_prev_next_post":"1","show_popup_post":"1","number_popup_post":"1","show_author_box":"0","show_post_related":"0","show_inline_post_related":"0"}],"override_image_size":"0","image_override":[{"single_post_thumbnail_size":"crop-500","single_post_gallery_size":"crop-500"}],"trending_post":"0","trending_post_position":"meta","trending_post_label":"Trending","sponsored_post":"0","sponsored_post_label":"Sponsored by","sponsored_post_name":"","sponsored_post_url":"","sponsored_post_logo_enable":"0","sponsored_post_logo":"","sponsored_post_desc":""},"jnews_primary_category":{"id":"26"},"jnews_social_meta":{"fb_title":"","fb_description":"","fb_image":"","twitter_title":"","twitter_description":"","twitter_image":""},"jnews_override_counter":{"override_view_counter":"0","view_counter_number":"0","override_share_counter":"0","share_counter_number":"0","override_like_counter":"0","like_counter_number":"0","override_dislike_counter":"0","dislike_counter_number":"0"},"_joinchat":[],"footnotes":""},"categories":[26],"tags":[],"class_list":["post-10256","post","type-post","status-publish","format-standard","hentry","category-editorial"],"_links":{"self":[{"href":"https:\/\/tribunavm.com.ar\/index.php\/wp-json\/wp\/v2\/posts\/10256"}],"collection":[{"href":"https:\/\/tribunavm.com.ar\/index.php\/wp-json\/wp\/v2\/posts"}],"about":[{"href":"https:\/\/tribunavm.com.ar\/index.php\/wp-json\/wp\/v2\/types\/post"}],"author":[{"embeddable":true,"href":"https:\/\/tribunavm.com.ar\/index.php\/wp-json\/wp\/v2\/users\/2"}],"replies":[{"embeddable":true,"href":"https:\/\/tribunavm.com.ar\/index.php\/wp-json\/wp\/v2\/comments?post=10256"}],"version-history":[{"count":2,"href":"https:\/\/tribunavm.com.ar\/index.php\/wp-json\/wp\/v2\/posts\/10256\/revisions"}],"predecessor-version":[{"id":10275,"href":"https:\/\/tribunavm.com.ar\/index.php\/wp-json\/wp\/v2\/posts\/10256\/revisions\/10275"}],"wp:attachment":[{"href":"https:\/\/tribunavm.com.ar\/index.php\/wp-json\/wp\/v2\/media?parent=10256"}],"wp:term":[{"taxonomy":"category","embeddable":true,"href":"https:\/\/tribunavm.com.ar\/index.php\/wp-json\/wp\/v2\/categories?post=10256"},{"taxonomy":"post_tag","embeddable":true,"href":"https:\/\/tribunavm.com.ar\/index.php\/wp-json\/wp\/v2\/tags?post=10256"}],"curies":[{"name":"wp","href":"https:\/\/api.w.org\/{rel}","templated":true}]}}