{"id":10276,"date":"2024-03-18T06:00:25","date_gmt":"2024-03-18T06:00:25","guid":{"rendered":"https:\/\/tribunavm.com.ar\/?p=10276"},"modified":"2024-03-18T00:46:25","modified_gmt":"2024-03-18T00:46:25","slug":"escalada-en-el-conflicto-europeo","status":"publish","type":"post","link":"https:\/\/tribunavm.com.ar\/index.php\/2024\/03\/18\/escalada-en-el-conflicto-europeo\/","title":{"rendered":"La OTAN refuerza su presencia en suelo europeo"},"content":{"rendered":"<div class=\"row clearfix\">\n<div class=\"col-md-8\">\n<div class=\"intro-text\">\n<p><span style=\"font-weight: 400;\">La OTAN moviliza tropas en un ejercicio conjunto y Putin llama a aumentar su presencia en la frontera con Finlandia como respuesta. A su vez, la Uni\u00f3n Europea present\u00f3 su nueva estrategia industrial de defensa.<\/span><\/p>\n<\/div>\n<p><span style=\"font-weight: 400;\"><span class=\"dropcap \" style=\"background-color: #ffffff; color: #dd9933; border-color: #ffffff;\">E<\/span>n el marco de la guerra entre Ucrania y Rusia, la Organizaci\u00f3n del Tratado del Atl\u00e1ntico Norte (OTAN), anunci\u00f3 la puesta en marcha del \u201cmayor ejercicio militar desde la Guerra Fr\u00eda\u201d en territorio europeo contando con la participaci\u00f3n de los nuevos miembros de la alianza: Suecia y Finlandia -pa\u00eds que comparte una frontera de 1340 km con Rusia-.<\/span><\/p>\n<p><span style=\"font-weight: 400;\">Seg\u00fan lo informado en la p\u00e1gina oficial, el ejercicio <span style=\"color: #ff9900;\">\u201c<\/span><\/span><span style=\"color: #ff9900;\"><a style=\"color: #ff9900;\" href=\"https:\/\/www.nato.int\/cps\/en\/natohq\/222847.htm#timeline\"><span style=\"font-weight: 400;\">Steadfast Defender 24<\/span><\/a><\/span><span style=\"font-weight: 400;\"><span style=\"color: #ff9900;\">\u201d<\/span> pretende \u201cdemostrar la capacidad de la OTAN para defender cada cent\u00edmetro de su territorio y el compromiso de los aliados de la OTAN de protegerse mutuamente de cualquier amenaza\u201d.\u00a0<\/span><\/p>\n<p><span style=\"font-weight: 400;\">El ejercicio fue presentado en enero de este a\u00f1o y desarrolla actividades entre enero y mayo en el norte, centro y este de Europa. Entre la informaci\u00f3n difundida por la alianza militar, la operaci\u00f3n cuenta con la participaci\u00f3n de un total de 90 mil soldados, 1.100 veh\u00edculos, m\u00e1s de 50 barcos y 80 plataformas a\u00e9reas.\u00a0<\/span><\/p>\n<figure id=\"attachment_10277\" aria-describedby=\"caption-attachment-10277\" style=\"width: 676px\" class=\"wp-caption aligncenter\"><img loading=\"lazy\" decoding=\"async\" class=\"wp-image-10277 size-full\" src=\"https:\/\/tribunavm.com.ar\/wp-content\/uploads\/2024\/03\/foto-de-soldados-en-mar.jpg\" alt=\"\" width=\"676\" height=\"384\" srcset=\"https:\/\/tribunavm.com.ar\/wp-content\/uploads\/2024\/03\/foto-de-soldados-en-mar.jpg 676w, https:\/\/tribunavm.com.ar\/wp-content\/uploads\/2024\/03\/foto-de-soldados-en-mar-300x170.jpg 300w\" sizes=\"(max-width: 676px) 100vw, 676px\" \/><figcaption id=\"caption-attachment-10277\" class=\"wp-caption-text\">Entre la informaci\u00f3n difundida por la alianza militar, la operaci\u00f3n cuenta con la participaci\u00f3n de un total de 90 mil soldados, 1.100 veh\u00edculos, m\u00e1s de 50 barcos y 80 plataformas a\u00e9reas.\u00a0<\/figcaption><\/figure>\n<p><span style=\"font-weight: 400;\">Ante los movimientos organizados por la OTAN, y el ingreso de Finlandia y Suecia a la alianza, el presidente de Rusia, Vladimir Putin, afirm\u00f3 en una entrevista televisiva que \u201ceste es un paso absolutamente sin sentido desde el punto de vista de garantizar sus propios intereses nacionales\u201d. \u201cNo ten\u00edamos tropas all\u00ed (refiriendo a la frontera con Finlandia), ahora estar\u00e1n all\u00ed. No hab\u00eda sistemas de destrucci\u00f3n all\u00ed, ahora aparecer\u00e1n&#8221;, sentenci\u00f3.<\/span><\/p>\n<figure id=\"attachment_10278\" aria-describedby=\"caption-attachment-10278\" style=\"width: 1200px\" class=\"wp-caption aligncenter\"><img loading=\"lazy\" decoding=\"async\" class=\"wp-image-10278 size-full\" src=\"https:\/\/tribunavm.com.ar\/wp-content\/uploads\/2024\/03\/d86622ac-4938-4a5f-9b3d-92d6cbdf53bc_16-9-discover-aspect-ratio_default_0.jpg\" alt=\"\" width=\"1200\" height=\"675\" srcset=\"https:\/\/tribunavm.com.ar\/wp-content\/uploads\/2024\/03\/d86622ac-4938-4a5f-9b3d-92d6cbdf53bc_16-9-discover-aspect-ratio_default_0.jpg 1200w, https:\/\/tribunavm.com.ar\/wp-content\/uploads\/2024\/03\/d86622ac-4938-4a5f-9b3d-92d6cbdf53bc_16-9-discover-aspect-ratio_default_0-300x169.jpg 300w, https:\/\/tribunavm.com.ar\/wp-content\/uploads\/2024\/03\/d86622ac-4938-4a5f-9b3d-92d6cbdf53bc_16-9-discover-aspect-ratio_default_0-1024x576.jpg 1024w, https:\/\/tribunavm.com.ar\/wp-content\/uploads\/2024\/03\/d86622ac-4938-4a5f-9b3d-92d6cbdf53bc_16-9-discover-aspect-ratio_default_0-768x432.jpg 768w, https:\/\/tribunavm.com.ar\/wp-content\/uploads\/2024\/03\/d86622ac-4938-4a5f-9b3d-92d6cbdf53bc_16-9-discover-aspect-ratio_default_0-750x422.jpg 750w, https:\/\/tribunavm.com.ar\/wp-content\/uploads\/2024\/03\/d86622ac-4938-4a5f-9b3d-92d6cbdf53bc_16-9-discover-aspect-ratio_default_0-1140x641.jpg 1140w\" sizes=\"(max-width: 1200px) 100vw, 1200px\" \/><figcaption id=\"caption-attachment-10278\" class=\"wp-caption-text\">Vladimir Putin, afirm\u00f3 en una entrevista televisiva que \u201ceste es un paso absolutamente sin sentido desde el punto de vista de garantizar sus propios intereses nacionales\u201d.<\/figcaption><\/figure>\n<p><span style=\"font-weight: 400;\">Asimismo, el martes 5 de marzo, la Uni\u00f3n Europea (UE) present\u00f3 \u201cuna primera Estrategia Industrial de Defensa y un nuevo Programa de la Industria de Defensa para mejorar la preparaci\u00f3n y la seguridad de Europa\u201d.<\/span><\/p>\n<p><span style=\"font-weight: 400;\">En un <\/span><span style=\"color: #ff9900;\"><a style=\"color: #ff9900;\" href=\"https:\/\/europa.eu\/newsroom\/ecpc-failover\/pdf\/ip-24-1321_es.pdf\"><span style=\"font-weight: 400;\">comunicado de prensa<\/span><\/a><\/span><span style=\"font-weight: 400;\"><span style=\"color: #ff9900;\">,<\/span> la Comisi\u00f3n Europea expresa que para esto \u201clos Estados miembros deben invertir m\u00e1s, mejor, de forma conjunta y en Europa\u201d.<\/span><\/p>\n<p><span style=\"color: #ff6600;\"><b><span style=\"color: #000000;\">El Programa Europeo de la Industria de Defensa supone la inversi\u00f3n de 1.500 millones de euros del presupuesto de la UE durante el per\u00edodo 2025-2027 para el \u00e1rea de defensa. <\/span><\/b><\/span><span style=\"font-weight: 400;\">La estrategia conjunta <\/span><span style=\"color: #ff9900;\"><a style=\"color: #ff9900;\" href=\"https:\/\/commission.europa.eu\/news\/first-ever-european-defence-industrial-strategy-enhance-europes-readiness-and-security-2024-03-05_es?prefLang=es\"><span style=\"font-weight: 400;\">propone como objetivos<\/span><\/a><\/span><span style=\"font-weight: 400;\"><span style=\"color: #ff9900;\"> \u201c<\/span>comprar, como m\u00ednimo, el 40% de los equipos de defensa de forma coordinada; gastar, como m\u00ednimo, la mitad de su presupuesto de contratos p\u00fablicos de defensa en productos fabricados en Europa; y comercializar, como m\u00ednimo, el 35% de los productos de defensa entre pa\u00edses de la UE en lugar de con otros pa\u00edses\u201d.<\/span><\/p>\n<\/div>\n<\/div>\n","protected":false},"excerpt":{"rendered":"<p>La OTAN moviliza tropas en un ejercicio conjunto y Putin llama a aumentar su presencia en la frontera con Finlandia como respuesta. A su vez, la Uni\u00f3n Europea present\u00f3 su nueva estrategia industrial de defensa.<\/p>\n","protected":false},"author":2,"featured_media":10279,"comment_status":"open","ping_status":"open","sticky":false,"template":"","format":"standard","meta":{"_exactmetrics_skip_tracking":false,"_exactmetrics_sitenote_active":false,"_exactmetrics_sitenote_note":"","_exactmetrics_sitenote_category":0,"jnews-multi-image_gallery":[],"jnews_single_post":{"source_name":"","source_url":"","via_name":"","via_url":"","override_template":"0","override":[{"template":"1","single_blog_custom":"","parallax":"1","fullscreen":"1","layout":"right-sidebar","sidebar":"default-sidebar","second_sidebar":"default-sidebar","sticky_sidebar":"1","share_position":"top","share_float_style":"share-monocrhome","show_share_counter":"1","show_view_counter":"1","show_featured":"1","show_post_meta":"1","show_post_author":"1","show_post_author_image":"1","show_post_date":"1","post_date_format":"default","post_date_format_custom":"Y\/m\/d","show_post_category":"1","show_post_reading_time":"0","post_reading_time_wpm":"300","show_zoom_button":"0","zoom_button_out_step":"2","zoom_button_in_step":"3","show_post_tag":"1","show_prev_next_post":"1","show_popup_post":"1","number_popup_post":"1","show_author_box":"0","show_post_related":"0","show_inline_post_related":"0"}],"override_image_size":"0","image_override":[{"single_post_thumbnail_size":"crop-500","single_post_gallery_size":"crop-500"}],"trending_post":"0","trending_post_position":"meta","trending_post_label":"Trending","sponsored_post":"0","sponsored_post_label":"Sponsored by","sponsored_post_name":"","sponsored_post_url":"","sponsored_post_logo_enable":"0","sponsored_post_logo":"","sponsored_post_desc":""},"jnews_primary_category":{"id":""},"jnews_social_meta":{"fb_title":"","fb_description":"","fb_image":"","twitter_title":"","twitter_description":"","twitter_image":""},"jnews_override_counter":{"override_view_counter":"0","view_counter_number":"0","override_share_counter":"0","share_counter_number":"0","override_like_counter":"0","like_counter_number":"0","override_dislike_counter":"0","dislike_counter_number":"0"},"_joinchat":[],"footnotes":""},"categories":[276],"tags":[393,75,243,392],"class_list":["post-10276","post","type-post","status-publish","format-standard","has-post-thumbnail","hentry","category-internacional","tag-edicion-127","tag-internacional","tag-rusia","tag-vladimir-putin"],"_links":{"self":[{"href":"https:\/\/tribunavm.com.ar\/index.php\/wp-json\/wp\/v2\/posts\/10276"}],"collection":[{"href":"https:\/\/tribunavm.com.ar\/index.php\/wp-json\/wp\/v2\/posts"}],"about":[{"href":"https:\/\/tribunavm.com.ar\/index.php\/wp-json\/wp\/v2\/types\/post"}],"author":[{"embeddable":true,"href":"https:\/\/tribunavm.com.ar\/index.php\/wp-json\/wp\/v2\/users\/2"}],"replies":[{"embeddable":true,"href":"https:\/\/tribunavm.com.ar\/index.php\/wp-json\/wp\/v2\/comments?post=10276"}],"version-history":[{"count":5,"href":"https:\/\/tribunavm.com.ar\/index.php\/wp-json\/wp\/v2\/posts\/10276\/revisions"}],"predecessor-version":[{"id":10400,"href":"https:\/\/tribunavm.com.ar\/index.php\/wp-json\/wp\/v2\/posts\/10276\/revisions\/10400"}],"wp:featuredmedia":[{"embeddable":true,"href":"https:\/\/tribunavm.com.ar\/index.php\/wp-json\/wp\/v2\/media\/10279"}],"wp:attachment":[{"href":"https:\/\/tribunavm.com.ar\/index.php\/wp-json\/wp\/v2\/media?parent=10276"}],"wp:term":[{"taxonomy":"category","embeddable":true,"href":"https:\/\/tribunavm.com.ar\/index.php\/wp-json\/wp\/v2\/categories?post=10276"},{"taxonomy":"post_tag","embeddable":true,"href":"https:\/\/tribunavm.com.ar\/index.php\/wp-json\/wp\/v2\/tags?post=10276"}],"curies":[{"name":"wp","href":"https:\/\/api.w.org\/{rel}","templated":true}]}}