{"id":10426,"date":"2024-03-18T12:45:55","date_gmt":"2024-03-18T12:45:55","guid":{"rendered":"https:\/\/tribunavm.com.ar\/?p=10426"},"modified":"2024-03-18T13:17:36","modified_gmt":"2024-03-18T13:17:36","slug":"libertad-de-ajuste","status":"publish","type":"post","link":"https:\/\/tribunavm.com.ar\/index.php\/2024\/03\/18\/libertad-de-ajuste\/","title":{"rendered":"Libertad de ajuste"},"content":{"rendered":"<div class=\"row clearfix\">\n<div class=\"col-md-8\">\n<div class=\"intro-text\">\n<p><span style=\"font-weight: 400;\">Trabajadores de la comunicaci\u00f3n sufren el embate empresarial y del Gobierno a trav\u00e9s de despidos, ajuste salarial y el cierre de su fuente de trabajo.<\/span><\/p>\n<\/div>\n<p><span class=\"dropcap \" style=\"background-color: #ffffff; color: #dd9933; border-color: #ffffff;\">L<\/span><b>os canales Am\u00e9rica TV y A24 despidieron a 249 trabajadores afiliados al Sindicato Argentino de Televisi\u00f3n (Satsaid) por realizar protestas <\/b><span style=\"font-weight: 400;\">en el marco de una negociaci\u00f3n salarial. En un comunicado publicado el s\u00e1bado 9, las empresas informaron que la decisi\u00f3n \u201cobedece a la necesidad de terminar el boicot que ha llevado a cabo el personal afiliado al Sindicato Argentino de Televisi\u00f3n (Satsaid) realizando paros intempestivos, intermitentes y reiterados\u201d.<\/span><\/p>\n<p><span style=\"font-weight: 400;\">Previamente, ese mismo d\u00eda, el sindicato hab\u00eda ratificado la continuidad de las medidas implementadas durante la semana que implicaban paros de alrededor tres horas por turno. El jueves 7,\u00a0 las c\u00e1maras empresarias Asociaci\u00f3n de Trabajadores Aut\u00f3nomos (ATA) y C\u00e1mara Argentina Productoras Independientes de Televisi\u00f3n (CAPIT) ofrecieron una suba del 38% en dos tramos, 25% para febrero y 13% para marzo, rechazada por Satsaid argumentando que la propuesta \u201cconsolidar\u00eda una p\u00e9rdida del 30% del poder adquisitivo\u201d.<\/span><\/p>\n<figure id=\"attachment_10427\" aria-describedby=\"caption-attachment-10427\" style=\"width: 360px\" class=\"wp-caption aligncenter\"><img loading=\"lazy\" decoding=\"async\" class=\"wp-image-10427 size-jnews-360x504\" src=\"https:\/\/tribunavm.com.ar\/wp-content\/uploads\/2024\/03\/Cierre-de-america-TV-1-360x504.jpg\" alt=\"\" width=\"360\" height=\"504\" \/><figcaption id=\"caption-attachment-10427\" class=\"wp-caption-text\">Cierre de Am\u00e9rica TV<\/figcaption><\/figure>\n<p><span style=\"font-weight: 400;\">Por otro lado, la entidad gremial hab\u00eda alcanzado un principio de entendimiento con la otra c\u00e1mara del sector, la Asociaci\u00f3n Argentina TIC, Video y Conectividad (ATVC), acordando una suba del 101% por tres meses sobre la base de c\u00e1lculo de junio de 2023.\u00a0<\/span><\/p>\n<p><span style=\"color: #ff9900;\"><b>Cierre de Telam<\/b><\/span><\/p>\n<figure id=\"attachment_10429\" aria-describedby=\"caption-attachment-10429\" style=\"width: 750px\" class=\"wp-caption aligncenter\"><img loading=\"lazy\" decoding=\"async\" class=\"wp-image-10429 size-jnews-750x375\" src=\"https:\/\/tribunavm.com.ar\/wp-content\/uploads\/2024\/03\/1b-interna-1-1-750x375.png\" alt=\"\" width=\"750\" height=\"375\" srcset=\"https:\/\/tribunavm.com.ar\/wp-content\/uploads\/2024\/03\/1b-interna-1-1-750x375.png 750w, https:\/\/tribunavm.com.ar\/wp-content\/uploads\/2024\/03\/1b-interna-1-1-360x180.png 360w\" sizes=\"(max-width: 750px) 100vw, 750px\" \/><figcaption id=\"caption-attachment-10429\" class=\"wp-caption-text\">Los trabajadores de la agencia se mantienen en asamblea permanente.<\/figcaption><\/figure>\n<p><span style=\"font-weight: 400;\">A principios de mes, el Gobierno Nacional cerr\u00f3 la agencia de noticias T\u00e9lam. La medida, anunciada por el presidente Javier Milei durante su discurso en la apertura de sesiones del Congreso, implic\u00f3 la intervenci\u00f3n y el vallado de la redacci\u00f3n, el otorgamiento de licencias a 770 trabajadores y la suspensi\u00f3n de la <\/span><a href=\"https:\/\/www.telam.com.ar\/\"><span style=\"font-weight: 400;\">p\u00e1gina web<\/span><\/a><span style=\"font-weight: 400;\"> de la agencia. En ese marco, <\/span><b>los trabajadores iniciaron un acampe a las puertas del edificio.<\/b><\/p>\n<p><span style=\"font-weight: 400;\">A su vez, la semana pasada el interventor oficial de medios p\u00fablicos, Diego Chaher, anunci\u00f3 la extensi\u00f3n por 7 d\u00edas m\u00e1s del periodo de licencia de los trabajadores y abri\u00f3 un programa de &#8220;retiros voluntarios&#8221; por un mes.<\/span><\/p>\n<p><span style=\"font-weight: 400;\">Los trabajadores, por su parte, realizaron una asamblea en la sede de la CGT, donde acordaron el rechazo de los retiros voluntarios, el sostenimiento del acampe, y la coordinaci\u00f3n de otras medidas de fuerza, entre las que se incluir\u00e1 una movilizaci\u00f3n.<\/span><\/p>\n<\/div>\n<div class=\"col-md-3\">\n<p>&nbsp;<\/p>\n<\/div>\n<\/div>\n","protected":false},"excerpt":{"rendered":"<p>Trabajadores de la comunicaci\u00f3n sufren el embate empresarial y del Gobierno a trav\u00e9s de despidos, ajuste salarial y el cierre de su fuente de trabajo.<\/p>\n","protected":false},"author":2,"featured_media":10430,"comment_status":"open","ping_status":"open","sticky":false,"template":"","format":"standard","meta":{"_exactmetrics_skip_tracking":false,"_exactmetrics_sitenote_active":false,"_exactmetrics_sitenote_note":"","_exactmetrics_sitenote_category":0,"jnews-multi-image_gallery":[],"jnews_single_post":{"source_name":"","source_url":"","via_name":"","via_url":"","override_template":"0","override":[{"template":"1","single_blog_custom":"","parallax":"1","fullscreen":"1","layout":"right-sidebar","sidebar":"default-sidebar","second_sidebar":"default-sidebar","sticky_sidebar":"1","share_position":"top","share_float_style":"share-monocrhome","show_share_counter":"1","show_view_counter":"1","show_featured":"1","show_post_meta":"1","show_post_author":"1","show_post_author_image":"1","show_post_date":"1","post_date_format":"default","post_date_format_custom":"Y\/m\/d","show_post_category":"1","show_post_reading_time":"0","post_reading_time_wpm":"300","show_zoom_button":"0","zoom_button_out_step":"2","zoom_button_in_step":"3","show_post_tag":"1","show_prev_next_post":"1","show_popup_post":"1","number_popup_post":"1","show_author_box":"0","show_post_related":"0","show_inline_post_related":"0"}],"override_image_size":"0","image_override":[{"single_post_thumbnail_size":"crop-500","single_post_gallery_size":"crop-500"}],"trending_post":"0","trending_post_position":"meta","trending_post_label":"Trending","sponsored_post":"0","sponsored_post_label":"Sponsored by","sponsored_post_name":"","sponsored_post_url":"","sponsored_post_logo_enable":"0","sponsored_post_logo":"","sponsored_post_desc":""},"jnews_primary_category":{"id":"22"},"jnews_social_meta":{"fb_title":"","fb_description":"","fb_image":"","twitter_title":"","twitter_description":"","twitter_image":""},"jnews_override_counter":{"override_view_counter":"0","view_counter_number":"0","override_share_counter":"0","share_counter_number":"0","override_like_counter":"0","like_counter_number":"0","override_dislike_counter":"0","dislike_counter_number":"0"},"_joinchat":[],"footnotes":""},"categories":[22],"tags":[183,393,35],"class_list":["post-10426","post","type-post","status-publish","format-standard","has-post-thumbnail","hentry","category-actualidad","tag-condiciones-de-trabajo","tag-edicion-127","tag-trabajadores"],"_links":{"self":[{"href":"https:\/\/tribunavm.com.ar\/index.php\/wp-json\/wp\/v2\/posts\/10426"}],"collection":[{"href":"https:\/\/tribunavm.com.ar\/index.php\/wp-json\/wp\/v2\/posts"}],"about":[{"href":"https:\/\/tribunavm.com.ar\/index.php\/wp-json\/wp\/v2\/types\/post"}],"author":[{"embeddable":true,"href":"https:\/\/tribunavm.com.ar\/index.php\/wp-json\/wp\/v2\/users\/2"}],"replies":[{"embeddable":true,"href":"https:\/\/tribunavm.com.ar\/index.php\/wp-json\/wp\/v2\/comments?post=10426"}],"version-history":[{"count":3,"href":"https:\/\/tribunavm.com.ar\/index.php\/wp-json\/wp\/v2\/posts\/10426\/revisions"}],"predecessor-version":[{"id":10444,"href":"https:\/\/tribunavm.com.ar\/index.php\/wp-json\/wp\/v2\/posts\/10426\/revisions\/10444"}],"wp:featuredmedia":[{"embeddable":true,"href":"https:\/\/tribunavm.com.ar\/index.php\/wp-json\/wp\/v2\/media\/10430"}],"wp:attachment":[{"href":"https:\/\/tribunavm.com.ar\/index.php\/wp-json\/wp\/v2\/media?parent=10426"}],"wp:term":[{"taxonomy":"category","embeddable":true,"href":"https:\/\/tribunavm.com.ar\/index.php\/wp-json\/wp\/v2\/categories?post=10426"},{"taxonomy":"post_tag","embeddable":true,"href":"https:\/\/tribunavm.com.ar\/index.php\/wp-json\/wp\/v2\/tags?post=10426"}],"curies":[{"name":"wp","href":"https:\/\/api.w.org\/{rel}","templated":true}]}}