{"id":10482,"date":"2024-04-08T01:35:30","date_gmt":"2024-04-08T01:35:30","guid":{"rendered":"https:\/\/tribunavm.com.ar\/?p=10482"},"modified":"2024-04-07T23:45:55","modified_gmt":"2024-04-07T23:45:55","slug":"crece-la-guerra-en-medio-oriente","status":"publish","type":"post","link":"https:\/\/tribunavm.com.ar\/index.php\/2024\/04\/08\/crece-la-guerra-en-medio-oriente\/","title":{"rendered":"Crece la guerra en Medio Oriente"},"content":{"rendered":"<div class=\"row clearfix\">\n<div class=\"col-md-8\">\n<p><span style=\"color: #212121; font-size: 1.5em; letter-spacing: -0.01em;\">En el marco del conflicto, Israel bombardea un edificio de la embajada iran\u00ed en Siria y el Consejo de Seguridad de la ONU aprueba una resoluci\u00f3n que pide el alto al fuego.<\/span><\/p>\n<p><span style=\"font-weight: 400;\"><span class=\"dropcap \" style=\"background-color: #ffffff; color: #dd9933; border-color: #ffffff;\">E<\/span>l 1 de abril, el edificio anexo de la embajada de Ir\u00e1n en Damasco, Siria, fue alcanzado por un proyectil israeli. La edificaci\u00f3n fue destruida por completo en un bombardeo que dej\u00f3 un saldo de 13 v\u00edctimas fatales entre los que se encuentran dos altos mandos de los Cuerpos de la Guardia Revolucionaria Isl\u00e1mica.\u00a0<\/span><\/p>\n<p><span style=\"font-weight: 400;\">Luego del bombardeo, el presidente iran\u00ed, Ebrahim Raisi, asegur\u00f3 que \u201cel crimen cobarde no quedar\u00e1 sin respuesta\u201d. Por su parte, Ali Khamenei, L\u00edder Supremo de Ir\u00e1n, advirti\u00f3 que \u201cel mal\u00e9volo r\u00e9gimen de Israel ser\u00e1 castigado a manos de nuestros valientes hombres\u201d.<\/span><\/p>\n<p><span style=\"font-weight: 400;\">Por su parte, el Consejo de Seguridad de las Naciones Unidas aprob\u00f3 con 14 votos afirmativos el 25 de marzo la <\/span><a href=\"https:\/\/documents.un.org\/doc\/undoc\/gen\/n24\/080\/85\/pdf\/n2408085.pdf?token=HHxXb8s6l9NoUYjKjB&amp;fe=true\"><span style=\"font-weight: 400;\">resoluci\u00f3n 2728 (2024)<\/span><\/a><span style=\"font-weight: 400;\"> que \u201cexige un alto al fuego inmediato para el mes de ramad\u00e1n\u201d. La aprobaci\u00f3n fue posible debido a la abstenci\u00f3n de Estados Unidos.<\/span><span style=\"font-weight: 400;\">A pesar del llamado del Consejo de Seguridad e instituciones internacionales, como el <\/span><a href=\"https:\/\/www.unicef.org\/es\/emergencias\/ninos-ninas-gaza-necesitan-ayuda-emergencia-desesperadamente\"><span style=\"font-weight: 400;\">UNICEF<\/span><\/a><span style=\"font-weight: 400;\"> de permitir el ingreso de ayuda humanitaria, el 2 de abril las fuerzas israel\u00edes atacaron un convoy de la ONG World Central Kitchen matando a 7 de sus voluntarios.<\/span><\/p>\n<figure id=\"attachment_10483\" aria-describedby=\"caption-attachment-10483\" style=\"width: 750px\" class=\"wp-caption alignnone\"><img loading=\"lazy\" decoding=\"async\" class=\"size-jnews-750x536 wp-image-10483\" src=\"https:\/\/tribunavm.com.ar\/wp-content\/uploads\/2024\/04\/FOTO-MOVILIZACIONES-750x536.jpg\" alt=\"\" width=\"750\" height=\"536\" srcset=\"https:\/\/tribunavm.com.ar\/wp-content\/uploads\/2024\/04\/FOTO-MOVILIZACIONES-750x536.jpg 750w, https:\/\/tribunavm.com.ar\/wp-content\/uploads\/2024\/04\/FOTO-MOVILIZACIONES-120x86.jpg 120w, https:\/\/tribunavm.com.ar\/wp-content\/uploads\/2024\/04\/FOTO-MOVILIZACIONES-350x250.jpg 350w\" sizes=\"(max-width: 750px) 100vw, 750px\" \/><figcaption id=\"caption-attachment-10483\" class=\"wp-caption-text\">Manifestaci\u00f3n contra Netanyahu, en Jerusalem. Foto: EFE<\/figcaption><\/figure>\n<p><span style=\"font-weight: 400;\">Posteriormente, en un llamado <\/span><span style=\"font-weight: 400;\">telef\u00f3nico<\/span><span style=\"font-weight: 400;\">, el presidente estadounidense, Joe Biden, le advirti\u00f3 al primer ministro de Israel, Benjamin Netanyahu, que el apoyo de EE.UU. en Gaza estar\u00e1 condicionado por la implementaci\u00f3n de medidas \u201cpara abordar los da\u00f1os civiles, el sufrimiento humanitario y la seguridad de los trabajadores humanitarios\u201d, seg\u00fan un comunicado de la Casa Blanca.<\/span><\/p>\n<p><span style=\"font-weight: 400;\">A la par de las tensiones internacionales, hacia el interior de Israel se viven horas convulsas a ra\u00edz de las manifestaciones en Jerusal\u00e9m. El domingo 31 de marzo, m\u00e1s de 100.000 personas se movilizaron para protestar contra Benjam\u00edn Netanyahu y reclamar elecciones anticipadas.<\/span><\/p>\n<p><span style=\"font-weight: 400;\">La guerra en suelo gazer\u00ed, iniciada el 7 de octubre del a\u00f1o pasado, se recrudece y el n\u00famero de v\u00edctimas fatales en el lado palestino asciende a m\u00e1s de 33.000.\u00a0<\/span><\/p>\n<\/div>\n<\/div>\n","protected":false},"excerpt":{"rendered":"<p>En el marco del conflicto, Israel bombardea un edificio de la embajada iran\u00ed en Siria y el Consejo de Seguridad de la ONU aprueba una resoluci\u00f3n que pide el alto al fuego.<\/p>\n","protected":false},"author":2,"featured_media":10484,"comment_status":"open","ping_status":"open","sticky":false,"template":"","format":"standard","meta":{"_exactmetrics_skip_tracking":false,"_exactmetrics_sitenote_active":false,"_exactmetrics_sitenote_note":"","_exactmetrics_sitenote_category":0,"jnews-multi-image_gallery":[],"jnews_single_post":{"source_name":"","source_url":"","via_name":"","via_url":"","override_template":"0","override":[{"template":"1","single_blog_custom":"","parallax":"1","fullscreen":"1","layout":"right-sidebar","sidebar":"default-sidebar","second_sidebar":"default-sidebar","sticky_sidebar":"1","share_position":"top","share_float_style":"share-monocrhome","show_share_counter":"1","show_view_counter":"1","show_featured":"1","show_post_meta":"1","show_post_author":"1","show_post_author_image":"1","show_post_date":"1","post_date_format":"default","post_date_format_custom":"Y\/m\/d","show_post_category":"1","show_post_reading_time":"0","post_reading_time_wpm":"300","show_zoom_button":"0","zoom_button_out_step":"2","zoom_button_in_step":"3","show_post_tag":"1","show_prev_next_post":"1","show_popup_post":"1","number_popup_post":"1","show_author_box":"0","show_post_related":"0","show_inline_post_related":"0"}],"override_image_size":"0","image_override":[{"single_post_thumbnail_size":"crop-500","single_post_gallery_size":"crop-500"}],"trending_post":"0","trending_post_position":"meta","trending_post_label":"Trending","sponsored_post":"0","sponsored_post_label":"Sponsored by","sponsored_post_name":"","sponsored_post_url":"","sponsored_post_logo_enable":"0","sponsored_post_logo":"","sponsored_post_desc":""},"jnews_primary_category":{"id":""},"jnews_social_meta":{"fb_title":"","fb_description":"","fb_image":"","twitter_title":"","twitter_description":"","twitter_image":""},"jnews_override_counter":{"override_view_counter":"0","view_counter_number":"0","override_share_counter":"0","share_counter_number":"0","override_like_counter":"0","like_counter_number":"0","override_dislike_counter":"0","dislike_counter_number":"0"},"_joinchat":[],"footnotes":""},"categories":[276],"tags":[415,198,396,418,419],"class_list":["post-10482","post","type-post","status-publish","format-standard","has-post-thumbnail","hentry","category-internacional","tag-edicion-128","tag-eeuu","tag-iran","tag-israel","tag-palestina"],"_links":{"self":[{"href":"https:\/\/tribunavm.com.ar\/index.php\/wp-json\/wp\/v2\/posts\/10482"}],"collection":[{"href":"https:\/\/tribunavm.com.ar\/index.php\/wp-json\/wp\/v2\/posts"}],"about":[{"href":"https:\/\/tribunavm.com.ar\/index.php\/wp-json\/wp\/v2\/types\/post"}],"author":[{"embeddable":true,"href":"https:\/\/tribunavm.com.ar\/index.php\/wp-json\/wp\/v2\/users\/2"}],"replies":[{"embeddable":true,"href":"https:\/\/tribunavm.com.ar\/index.php\/wp-json\/wp\/v2\/comments?post=10482"}],"version-history":[{"count":2,"href":"https:\/\/tribunavm.com.ar\/index.php\/wp-json\/wp\/v2\/posts\/10482\/revisions"}],"predecessor-version":[{"id":10486,"href":"https:\/\/tribunavm.com.ar\/index.php\/wp-json\/wp\/v2\/posts\/10482\/revisions\/10486"}],"wp:featuredmedia":[{"embeddable":true,"href":"https:\/\/tribunavm.com.ar\/index.php\/wp-json\/wp\/v2\/media\/10484"}],"wp:attachment":[{"href":"https:\/\/tribunavm.com.ar\/index.php\/wp-json\/wp\/v2\/media?parent=10482"}],"wp:term":[{"taxonomy":"category","embeddable":true,"href":"https:\/\/tribunavm.com.ar\/index.php\/wp-json\/wp\/v2\/categories?post=10482"},{"taxonomy":"post_tag","embeddable":true,"href":"https:\/\/tribunavm.com.ar\/index.php\/wp-json\/wp\/v2\/tags?post=10482"}],"curies":[{"name":"wp","href":"https:\/\/api.w.org\/{rel}","templated":true}]}}