{"id":10528,"date":"2024-04-08T01:05:54","date_gmt":"2024-04-08T01:05:54","guid":{"rendered":"https:\/\/tribunavm.com.ar\/?p=10528"},"modified":"2024-04-08T01:05:54","modified_gmt":"2024-04-08T01:05:54","slug":"vinculos-carnales","status":"publish","type":"post","link":"https:\/\/tribunavm.com.ar\/index.php\/2024\/04\/08\/vinculos-carnales\/","title":{"rendered":"V\u00ednculos carnales"},"content":{"rendered":"<div class=\"row clearfix\">\n<div class=\"col-md-8\">\n<p><span style=\"color: #212121; font-size: 1.5em; letter-spacing: -0.01em;\">El Gobierno Nacional reafirma la profundizaci\u00f3n de las relaciones bilaterales con Estados Unidos.<\/span><\/p>\n<p><span style=\"font-weight: 400;\"><span class=\"dropcap \" style=\"background-color: #ffffff; color: #dd9933; border-color: #ffffff;\">E<\/span>l jueves, el presidente Javier Milei viaj\u00f3 a Ushuaia para encontrarse con la general Laura Richardson, jefa del Comando Sur de los Estados Unidos, que estuvo de visita por el pa\u00eds la semana pasada.\u00a0<\/span><\/p>\n<p><span style=\"font-weight: 400;\">De la ceremonia realizada en la Base Naval \u201cAlmirante Berisso\u201d, participaron Marc Stanley, embajador de EE.UU.; la secretaria de la Presidencia, Karina Milei; el jefe de Gabinete, Nicolas Posse; el ministro de Defensa, Luis Petri y el ministro de Interior, Guillermo Francos. Tambi\u00e9n estuvieron presentes los representantes de las fuerzas armadas.<\/span><\/p>\n<p><span style=\"font-weight: 400;\">Desde la base, Milei sostuvo que \u201cmuchos gobiernos se llenaron la boca hablando de soberan\u00eda, pero no hicieron nada por ella\u201d, ante lo que asegur\u00f3 que \u201cla soberan\u00eda no se defiende con discursos, se defiende en apoyarnos mutuamente con los pa\u00edses que comparten los valores de Occidente. Y <\/span><b>el mejor recurso para defender la soberan\u00eda es reforzar nuestra alianza estrat\u00e9gica con Estados Unidos<\/b><span style=\"font-weight: 400;\"> y a todos los pa\u00edses que defiende la causa de la libertad\u201d.<\/span><\/p>\n<figure id=\"attachment_10529\" aria-describedby=\"caption-attachment-10529\" style=\"width: 750px\" class=\"wp-caption alignnone\"><img loading=\"lazy\" decoding=\"async\" class=\"size-jnews-750x536 wp-image-10529\" src=\"https:\/\/tribunavm.com.ar\/wp-content\/uploads\/2024\/04\/1-750x536.png\" alt=\"\" width=\"750\" height=\"536\" srcset=\"https:\/\/tribunavm.com.ar\/wp-content\/uploads\/2024\/04\/1-750x536.png 750w, https:\/\/tribunavm.com.ar\/wp-content\/uploads\/2024\/04\/1-120x86.png 120w, https:\/\/tribunavm.com.ar\/wp-content\/uploads\/2024\/04\/1-350x250.png 350w, https:\/\/tribunavm.com.ar\/wp-content\/uploads\/2024\/04\/1-1140x815.png 1140w\" sizes=\"(max-width: 750px) 100vw, 750px\" \/><figcaption id=\"caption-attachment-10529\" class=\"wp-caption-text\">Acto de entrega del avi\u00f3n H\u00e9rcules C 130.<\/figcaption><\/figure>\n<p><span style=\"font-weight: 400;\">En ese marco, el presidente <\/span><b>anunci\u00f3 la construcci\u00f3n de una base naval integrada junto a EE.UU. <\/b><span style=\"font-weight: 400;\">&#8220;Se trata de un gran centro log\u00edstico que constituir\u00e1 el puerto de desarrollo m\u00e1s cercano a la Ant\u00e1rtida y convertir\u00e1 a nuestros pa\u00edses en la puerta de entrada al continente blanco&#8221;, afirm\u00f3.<\/span><\/p>\n<p><span style=\"font-weight: 400;\">Al d\u00eda siguiente, las comitivas encabezaron un acto en el \u00e1rea militar de Aeroparque, en Buenos Aires, donde se concret\u00f3 la donaci\u00f3n de EE.UU. a la Fuerza A\u00e9rea Argentina de un avi\u00f3n H\u00e9rcules C 130 de un valor de 30 millones de d\u00f3lares.<\/span><\/p>\n<p><span style=\"font-weight: 400;\">\u201cPresidente Milei, lo escuchamos expresar fuerte y claro su deseo de alinearse con los Estados Unidos. El presidente Joe Biden y el secretario Austin, nos encomendaron a m\u00ed y a otros funcionarios viajar aqu\u00ed para fortalecer la relaci\u00f3n bilateral de 201 a\u00f1os y nuestros valores comunes de democracia y libertad\u201d, coment\u00f3 en el acto Richardson.<\/span><\/p>\n<p><span style=\"font-weight: 400;\">La visita de la jefa del Comando Sur precedi\u00f3 a la visita del jefe de la CIA, William Joseph Burns; que se reuni\u00f3 con el Gobierno en Casa Rosada para discutir la influencia de China en la Argentina y destacar la decisi\u00f3n de a\u00f1adir a la lista de agrupaciones terroristas a Hamas.<\/span><\/p>\n<\/div>\n<\/div>\n","protected":false},"excerpt":{"rendered":"<p>El Gobierno Nacional reafirma la profundizaci\u00f3n de las relaciones bilaterales con Estados Unidos.<\/p>\n","protected":false},"author":2,"featured_media":10530,"comment_status":"open","ping_status":"open","sticky":false,"template":"","format":"standard","meta":{"_exactmetrics_skip_tracking":false,"_exactmetrics_sitenote_active":false,"_exactmetrics_sitenote_note":"","_exactmetrics_sitenote_category":0,"jnews-multi-image_gallery":[],"jnews_single_post":{"source_name":"","source_url":"","via_name":"","via_url":"","override_template":"0","override":[{"template":"1","single_blog_custom":"","parallax":"1","fullscreen":"1","layout":"right-sidebar","sidebar":"default-sidebar","second_sidebar":"default-sidebar","sticky_sidebar":"1","share_position":"top","share_float_style":"share-monocrhome","show_share_counter":"1","show_view_counter":"1","show_featured":"1","show_post_meta":"1","show_post_author":"1","show_post_author_image":"1","show_post_date":"1","post_date_format":"default","post_date_format_custom":"Y\/m\/d","show_post_category":"1","show_post_reading_time":"0","post_reading_time_wpm":"300","show_zoom_button":"0","zoom_button_out_step":"2","zoom_button_in_step":"3","show_post_tag":"1","show_prev_next_post":"1","show_popup_post":"1","number_popup_post":"1","show_author_box":"0","show_post_related":"0","show_inline_post_related":"0"}],"override_image_size":"0","image_override":[{"single_post_thumbnail_size":"crop-500","single_post_gallery_size":"crop-500"}],"trending_post":"0","trending_post_position":"meta","trending_post_label":"Trending","sponsored_post":"0","sponsored_post_label":"Sponsored by","sponsored_post_name":"","sponsored_post_url":"","sponsored_post_logo_enable":"0","sponsored_post_logo":"","sponsored_post_desc":""},"jnews_primary_category":{"id":""},"jnews_social_meta":{"fb_title":"","fb_description":"","fb_image":"","twitter_title":"","twitter_description":"","twitter_image":""},"jnews_override_counter":{"override_view_counter":"0","view_counter_number":"0","override_share_counter":"0","share_counter_number":"0","override_like_counter":"0","like_counter_number":"0","override_dislike_counter":"0","dislike_counter_number":"0"},"_joinchat":[],"footnotes":""},"categories":[279],"tags":[415,198,39],"class_list":["post-10528","post","type-post","status-publish","format-standard","has-post-thumbnail","hentry","category-gobierno","tag-edicion-128","tag-eeuu","tag-gobierno"],"_links":{"self":[{"href":"https:\/\/tribunavm.com.ar\/index.php\/wp-json\/wp\/v2\/posts\/10528"}],"collection":[{"href":"https:\/\/tribunavm.com.ar\/index.php\/wp-json\/wp\/v2\/posts"}],"about":[{"href":"https:\/\/tribunavm.com.ar\/index.php\/wp-json\/wp\/v2\/types\/post"}],"author":[{"embeddable":true,"href":"https:\/\/tribunavm.com.ar\/index.php\/wp-json\/wp\/v2\/users\/2"}],"replies":[{"embeddable":true,"href":"https:\/\/tribunavm.com.ar\/index.php\/wp-json\/wp\/v2\/comments?post=10528"}],"version-history":[{"count":2,"href":"https:\/\/tribunavm.com.ar\/index.php\/wp-json\/wp\/v2\/posts\/10528\/revisions"}],"predecessor-version":[{"id":10532,"href":"https:\/\/tribunavm.com.ar\/index.php\/wp-json\/wp\/v2\/posts\/10528\/revisions\/10532"}],"wp:featuredmedia":[{"embeddable":true,"href":"https:\/\/tribunavm.com.ar\/index.php\/wp-json\/wp\/v2\/media\/10530"}],"wp:attachment":[{"href":"https:\/\/tribunavm.com.ar\/index.php\/wp-json\/wp\/v2\/media?parent=10528"}],"wp:term":[{"taxonomy":"category","embeddable":true,"href":"https:\/\/tribunavm.com.ar\/index.php\/wp-json\/wp\/v2\/categories?post=10528"},{"taxonomy":"post_tag","embeddable":true,"href":"https:\/\/tribunavm.com.ar\/index.php\/wp-json\/wp\/v2\/tags?post=10528"}],"curies":[{"name":"wp","href":"https:\/\/api.w.org\/{rel}","templated":true}]}}