{"id":10545,"date":"2024-04-08T01:30:47","date_gmt":"2024-04-08T01:30:47","guid":{"rendered":"https:\/\/tribunavm.com.ar\/?p=10545"},"modified":"2024-04-08T01:30:47","modified_gmt":"2024-04-08T01:30:47","slug":"el-gobierno-avanza-hacia-la-quita-del-cepo","status":"publish","type":"post","link":"https:\/\/tribunavm.com.ar\/index.php\/2024\/04\/08\/el-gobierno-avanza-hacia-la-quita-del-cepo\/","title":{"rendered":"El Gobierno avanza hacia la quita del cepo"},"content":{"rendered":"<div class=\"row clearfix\">\n<div class=\"col-md-8\">\n<p><span style=\"color: #212121; font-size: 1.5em; letter-spacing: -0.01em;\">Entre reuniones y cumbres empresariales se definen los lineamientos de la gesti\u00f3n de Javier Milei.<\/span><\/p>\n<p><span style=\"font-weight: 400;\"><span class=\"dropcap \" style=\"background-color: #ffffff; color: #dd9933; border-color: #ffffff;\">A<\/span> mediados de marzo, el presidente Milei recibi\u00f3 en la Casa Rosada a los empresarios referentes del Grupo de los Seis, conformado por la Uni\u00f3n Industrial, la C\u00e1mara de la Construcci\u00f3n, la Sociedad Rural, la C\u00e1mara de Comercio, la Asociaci\u00f3n de Bancos Argentinos y la Bolsa de Comercio de Buenos Aires.<\/span><\/p>\n<p><span style=\"font-weight: 400;\">Seg\u00fan coment\u00f3 en radio Mitre, <\/span><b>Adelmo Gabbi, representante de la Bolsa de Comercio de Buenos Aires, durante el encuentro, el presidente anunci\u00f3 que \u201cen mayo no tendr\u00edamos m\u00e1s cepo\u201d.<\/b><\/p>\n<p><span style=\"font-weight: 400;\">Posteriormente, durante el encuentro del Consejo Interamericano de Comercio y Producci\u00f3n (Cicyp) el <\/span><b>ministro de Econom\u00eda Luis Caputo<\/b><span style=\"font-weight: 400;\"> ratific\u00f3 la medida, apuntando a la dolarizaci\u00f3n como objetivo final. <\/span><b>\u201cPrimero hay que estabilizar, o sea, bajar la inflaci\u00f3n, recomponer el balance del BCRA y salir del cepo; luego crecer con desregulaci\u00f3n para que sea sostenido\u201d.<\/b><\/p>\n<p><span style=\"font-weight: 400;\">En esa direcci\u00f3n, el Banco Central se hizo la semana pasada de 1.032 millones de d\u00f3lares, engrosando las reservas a 28.763 millones debido a la compra acumulada de 12.452 millones en lo que va de gesti\u00f3n.<\/span><\/p>\n<\/div>\n<\/div>\n","protected":false},"excerpt":{"rendered":"<p>Entre reuniones y cumbres empresariales se definen los lineamientos de la gesti\u00f3n de Javier Milei.<\/p>\n","protected":false},"author":2,"featured_media":10546,"comment_status":"open","ping_status":"open","sticky":false,"template":"","format":"standard","meta":{"_exactmetrics_skip_tracking":false,"_exactmetrics_sitenote_active":false,"_exactmetrics_sitenote_note":"","_exactmetrics_sitenote_category":0,"jnews-multi-image_gallery":[],"jnews_single_post":{"source_name":"","source_url":"","via_name":"","via_url":"","override_template":"0","override":[{"template":"1","single_blog_custom":"","parallax":"1","fullscreen":"1","layout":"right-sidebar","sidebar":"default-sidebar","second_sidebar":"default-sidebar","sticky_sidebar":"1","share_position":"top","share_float_style":"share-monocrhome","show_share_counter":"1","show_view_counter":"1","show_featured":"1","show_post_meta":"1","show_post_author":"1","show_post_author_image":"1","show_post_date":"1","post_date_format":"default","post_date_format_custom":"Y\/m\/d","show_post_category":"1","show_post_reading_time":"0","post_reading_time_wpm":"300","show_zoom_button":"0","zoom_button_out_step":"2","zoom_button_in_step":"3","show_post_tag":"1","show_prev_next_post":"1","show_popup_post":"1","number_popup_post":"1","show_author_box":"0","show_post_related":"0","show_inline_post_related":"0"}],"override_image_size":"0","image_override":[{"single_post_thumbnail_size":"crop-500","single_post_gallery_size":"crop-500"}],"trending_post":"0","trending_post_position":"meta","trending_post_label":"Trending","sponsored_post":"0","sponsored_post_label":"Sponsored by","sponsored_post_name":"","sponsored_post_url":"","sponsored_post_logo_enable":"0","sponsored_post_logo":"","sponsored_post_desc":""},"jnews_primary_category":{"id":""},"jnews_social_meta":{"fb_title":"","fb_description":"","fb_image":"","twitter_title":"","twitter_description":"","twitter_image":""},"jnews_override_counter":{"override_view_counter":"0","view_counter_number":"0","override_share_counter":"0","share_counter_number":"0","override_like_counter":"0","like_counter_number":"0","override_dislike_counter":"0","dislike_counter_number":"0"},"_joinchat":[],"footnotes":""},"categories":[278],"tags":[431,433,432,434,415,39,430,333],"class_list":["post-10545","post","type-post","status-publish","format-standard","has-post-thumbnail","hentry","category-economia","tag-asociacion-de-bancos-argentinos-adeba","tag-bolsa-de-comercio-de-buenos-aires","tag-camara-de-comercio","tag-camarco","tag-edicion-128","tag-gobierno","tag-sociedad-rural","tag-union-industrial-argentina-uia"],"_links":{"self":[{"href":"https:\/\/tribunavm.com.ar\/index.php\/wp-json\/wp\/v2\/posts\/10545"}],"collection":[{"href":"https:\/\/tribunavm.com.ar\/index.php\/wp-json\/wp\/v2\/posts"}],"about":[{"href":"https:\/\/tribunavm.com.ar\/index.php\/wp-json\/wp\/v2\/types\/post"}],"author":[{"embeddable":true,"href":"https:\/\/tribunavm.com.ar\/index.php\/wp-json\/wp\/v2\/users\/2"}],"replies":[{"embeddable":true,"href":"https:\/\/tribunavm.com.ar\/index.php\/wp-json\/wp\/v2\/comments?post=10545"}],"version-history":[{"count":2,"href":"https:\/\/tribunavm.com.ar\/index.php\/wp-json\/wp\/v2\/posts\/10545\/revisions"}],"predecessor-version":[{"id":10548,"href":"https:\/\/tribunavm.com.ar\/index.php\/wp-json\/wp\/v2\/posts\/10545\/revisions\/10548"}],"wp:featuredmedia":[{"embeddable":true,"href":"https:\/\/tribunavm.com.ar\/index.php\/wp-json\/wp\/v2\/media\/10546"}],"wp:attachment":[{"href":"https:\/\/tribunavm.com.ar\/index.php\/wp-json\/wp\/v2\/media?parent=10545"}],"wp:term":[{"taxonomy":"category","embeddable":true,"href":"https:\/\/tribunavm.com.ar\/index.php\/wp-json\/wp\/v2\/categories?post=10545"},{"taxonomy":"post_tag","embeddable":true,"href":"https:\/\/tribunavm.com.ar\/index.php\/wp-json\/wp\/v2\/tags?post=10545"}],"curies":[{"name":"wp","href":"https:\/\/api.w.org\/{rel}","templated":true}]}}