{"id":10551,"date":"2024-04-08T02:28:40","date_gmt":"2024-04-08T02:28:40","guid":{"rendered":"https:\/\/tribunavm.com.ar\/?p=10551"},"modified":"2024-04-08T02:28:40","modified_gmt":"2024-04-08T02:28:40","slug":"los-saldos-del-ajuste","status":"publish","type":"post","link":"https:\/\/tribunavm.com.ar\/index.php\/2024\/04\/08\/los-saldos-del-ajuste\/","title":{"rendered":"Los saldos del ajuste"},"content":{"rendered":"<div class=\"row clearfix\">\n<div class=\"col-md-8\">\n<p><span style=\"color: #212121; font-size: 1.5em; letter-spacing: -0.01em;\">Cerrar las cuentas para el pago de la deuda es el norte del Gobierno, a\u00fan cuando eso implique que la fiesta la paguen los trabajadores.<\/span><\/p>\n<p><span style=\"font-weight: 400;\"><span class=\"dropcap \" style=\"background-color: #ffffff; color: #dd9933; border-color: #ffffff;\">C<\/span>on la br\u00fajula apuntando hacia una pol\u00edtica de d\u00e9ficit cero, el Gobierno Nacional avanza decidido en la aplicaci\u00f3n de un modelo de \u201cshock\u201d econ\u00f3mico que implica bajar dr\u00e1sticamente el gasto p\u00fablico a fines de cerrar con equilibrio las cuentas fiscales.<\/span><\/p>\n<p><span style=\"font-weight: 400;\">La llamada doctrina de shock es generalmente atribuida al economista liberal Milton Friedman e implica que la administraci\u00f3n de gobierno aplique un programa econ\u00f3mico de agresivo achique de los gastos del Estado en un plazo de tiempo reducido.<\/span><\/p>\n<p><span style=\"font-weight: 400;\">Recientemente, el ministro de Econom\u00eda, Luis Caputo se vanagloriaba de haber obtenido para el primer bimestre del a\u00f1o un super\u00e1vit gemelo. Es decir, que gast\u00f3 menos de lo que le ingres\u00f3 no solo contemplando el gasto p\u00fablico (super\u00e1vit fiscal) sino sumando el pago por intereses de la deuda (super\u00e1vit financiero).<\/span><\/p>\n<p>&nbsp;<\/p>\n<blockquote class=\"twitter-tweet\">\n<p dir=\"ltr\" lang=\"es\">El resultado fiscal de Febrero arroj\u00f3 nuevamente super\u00e1vit financiero<a href=\"https:\/\/twitter.com\/JMilei?ref_src=twsrc%5Etfw\">@JMilei<\/a> \ud83c\udde6\ud83c\uddf7\ud83c\udde6\ud83c\uddf7\ud83c\udde6\ud83c\uddf7<\/p>\n<p>\u2696 Resultado Fiscal febrero 2024 \u2696<\/p>\n<p>+ Resultado primario: $1.232.525 millones.<br \/>\n*+ Resultado financiero: $338.112 millones.*<br \/>\n+ Resultado primario acumulado: $3.243.270 millones (0,5% PIB).<br \/>\n*+\u2026<\/p>\n<p>\u2014 totocaputo (@LuisCaputoAR) <a href=\"https:\/\/twitter.com\/LuisCaputoAR\/status\/1768696589323816987?ref_src=twsrc%5Etfw\">March 15, 2024<\/a><\/p><\/blockquote>\n<p><script async src=\"https:\/\/platform.twitter.com\/widgets.js\" charset=\"utf-8\"><\/script><\/p>\n<p><span style=\"color: #ff9900;\"><b>Quien paga el ajuste<\/b><\/span><\/p>\n<p><span style=\"font-weight: 400;\">Para la consultora Econviews, el ajuste del primer bimestre estuvo apoyado en buena medida en reducir el gasto previsional. Seg\u00fan estim\u00f3, el desplome real de jubilaciones y pensiones contributivas signific\u00f3 una ca\u00edda del 38%.\u00a0<\/span><\/p>\n<p><span style=\"font-weight: 400;\">Adem\u00e1s, el \u00edtem referido a otras prestaciones sociales, representaron una ca\u00edda del 17% y los salarios del sector p\u00fablico significaron un descenso del 23%, lo que totaliza una ca\u00edda total del gasto primario del 54% entre enero y febrero.<\/span><\/p>\n<p><span style=\"font-weight: 400;\">Por otro lado, explicaron que la \u201cmotosierra\u201d explica el 39% del ajuste. \u201cLa reducci\u00f3n de subsidios econ\u00f3micos y transferencias a provincias es 19%. El otro 20% corresponde al gasto de capital\u201d que comprende, por ejemplo, obra p\u00fablica.\u00a0<\/span><\/p>\n<p><span style=\"font-weight: 400;\">Para el <\/span><a href=\"https:\/\/centrocepa.com.ar\/informes\/481-informe-fiscal-analisis-de-los-ingresos-gastos-y-resultados-del-sector-publico-nacional-datos-a-febrero-de-2024\"><span style=\"font-weight: 400;\">Centro de Econom\u00eda Pol\u00edtica Argentina (CEPA)<\/span><\/a><span style=\"font-weight: 400;\"> el achique de los gastos del Estado en febrero anot\u00f3 un super\u00e1vit fiscal de $1.232.525 millones, que al cubrir los intereses de la deuda, baj\u00f3 a $338.112 millones.<\/span><\/p>\n<p><img loading=\"lazy\" decoding=\"async\" class=\"alignnone size-jnews-750x536 wp-image-10552\" src=\"https:\/\/tribunavm.com.ar\/wp-content\/uploads\/2024\/04\/contribucion-al-ajuste-del-gasto-publico-2024-750x536.jpg\" alt=\"\" width=\"750\" height=\"536\" srcset=\"https:\/\/tribunavm.com.ar\/wp-content\/uploads\/2024\/04\/contribucion-al-ajuste-del-gasto-publico-2024-750x536.jpg 750w, https:\/\/tribunavm.com.ar\/wp-content\/uploads\/2024\/04\/contribucion-al-ajuste-del-gasto-publico-2024-120x86.jpg 120w, https:\/\/tribunavm.com.ar\/wp-content\/uploads\/2024\/04\/contribucion-al-ajuste-del-gasto-publico-2024-350x250.jpg 350w\" sizes=\"(max-width: 750px) 100vw, 750px\" \/><\/p>\n<p><span style=\"font-weight: 400;\">\u201cSi echamos un vistazo a los n\u00fameros, los ingresos de febrero llegaron a $5,5 billones, un salto del 252,5%, pero que implica una ca\u00edda de 6,3% ajustados por inflaci\u00f3n. Por otro lado, los gastos fueron de $4,3 billones, aumentando apenas un 139,3%, que al ajustarlos por inflaci\u00f3n, sufrieron una reducci\u00f3n de 36,4%.\u201d<\/span><\/p>\n<p><b>Dentro de esos \u00edtems, la principal ca\u00edda es registrada en jubilaciones, que anotaron una ca\u00edda del 35% del total. \u201cDe cada 100 pesos ajustados en febrero, 35 corresponden a recortes en jubilaciones\u201d, indic\u00f3 el CEPA.<\/b><\/p>\n<p><span style=\"font-weight: 400;\">Adem\u00e1s en las ca\u00eddas de las partidas se \u201cdestacan tambi\u00e9n la notable ca\u00edda en las pensiones no contributivas (-43%) y en las transferencias corrientes a las provincias (-85%) y a las universidades (-25%)\u201d.<\/span><\/p>\n<p><span style=\"font-weight: 400;\">Si el objetivo del plan de shock es la acumulaci\u00f3n de reservas en d\u00f3lares para el pago de los intereses de la deuda, principalmente con el FMI, tiene entre sus principales protagonistas a trabajadores pasivos y activos, quienes en la \u00faltima semana realizaron jornadas de protestas ante miles de despidos y de los recortes a organismos estatales.<\/span><\/p>\n<figure id=\"attachment_10553\" aria-describedby=\"caption-attachment-10553\" style=\"width: 750px\" class=\"wp-caption alignnone\"><img loading=\"lazy\" decoding=\"async\" class=\"size-jnews-750x536 wp-image-10553\" src=\"https:\/\/tribunavm.com.ar\/wp-content\/uploads\/2024\/04\/Jubilados-reclaman-750x536.png\" alt=\"\" width=\"750\" height=\"536\" srcset=\"https:\/\/tribunavm.com.ar\/wp-content\/uploads\/2024\/04\/Jubilados-reclaman-750x536.png 750w, https:\/\/tribunavm.com.ar\/wp-content\/uploads\/2024\/04\/Jubilados-reclaman-120x86.png 120w, https:\/\/tribunavm.com.ar\/wp-content\/uploads\/2024\/04\/Jubilados-reclaman-350x250.png 350w\" sizes=\"(max-width: 750px) 100vw, 750px\" \/><figcaption id=\"caption-attachment-10553\" class=\"wp-caption-text\">A fines de marzo el Gobierno Nacional public\u00f3 por un Decreto de Necesidad y Urgencia (DNU) una nueva f\u00f3rmula de ajuste de las jubilaciones que llev\u00f3 para abril el piso de ingresos desde los $137.216 a $172.463 pesos m\u00e1s un bono de $70.000 en total.<\/figcaption><\/figure>\n<p><span style=\"color: #ff9900;\"><b>Econom\u00eda de exportaci\u00f3n<\/b><\/span><\/p>\n<p><span style=\"font-weight: 400;\">El achique que en poco tiempo ha venido haciendo la administraci\u00f3n de Javier Milei ha sido ampliamente reconocido y festejado por las principales c\u00e1maras empresariales. Inclusive, fueron las principales beneficiarias de la entrada en vigencia del DNU de desregulaci\u00f3n econ\u00f3mica que a\u00fan debe debatir su vigencia en el Congreso de la Naci\u00f3n.<\/span><\/p>\n<p><b>Ver: <\/b><a href=\"https:\/\/tribunavm.com.ar\/index.php\/2024\/02\/05\/empresarios-entre-apoyos-y-reservas\/\"><b>Empresarios, entre apoyos y reservas<\/b><\/a><b>\u00a0<\/b><\/p>\n<p><span style=\"font-weight: 400;\">En ese sentido, la consultora Analytica analiza los primeros meses de gesti\u00f3n y entiende que los cambios \u201cde precios relativos\u201d (tipo de cambio, tarifas, salarios) que viene impulsando el Gobierno implicaron &#8220;una marcada reasignaci\u00f3n de recursos en un camino hacia una econom\u00eda m\u00e1s abierta, con una producci\u00f3n orientada hacia la exportaci\u00f3n en detrimento del mercado interno&#8221;.\u00a0<\/span><\/p>\n<p><span style=\"font-weight: 400;\">Por lo tanto, <\/span><b>el esquema de cambios al que contribuye el gobierno &#8220;beneficiar\u00e1 a los sectores agropecuario, minero, energ\u00e9tico, de servicios profesionales (software) y algunos fabriles integrados como la industria de base (aluminio, siderurgia)&#8221; por su apertura al exterior.<\/b><span style=\"font-weight: 400;\"> Mientras que aparecen entre los perdedores, \u201cel resto de la actividad industrial, el comercio y la construcci\u00f3n, por su fuerte inclinaci\u00f3n al mercado interno&#8221;.<\/span><\/p>\n<p><span style=\"font-weight: 400;\">&#8220;Las ventas al exterior se ver\u00e1n incentivadas por la mejora del tipo de cambio, un simple mecanismo de precios. Los efectos de la crisis sobre el mercado de trabajo reforzar\u00e1n tambi\u00e9n la merma en el consumo por la p\u00e9rdida de masa salarial. Los puestos laborales caer\u00e1n&#8221;, a\u00f1adieron, completando el panorama de los perdedores.<\/span><\/p>\n<p>&nbsp;<\/p>\n<blockquote class=\"twitter-tweet\">\n<p dir=\"ltr\" lang=\"es\">El salario m\u00ednimo cay\u00f3 29,4% entre diciembre y enero. As\u00ed volvi\u00f3 a los valores del 2004. Los aumentos de febrero y marzo lejos est\u00e1n de compensar. Las implicancias son m\u00faltiples, se usa de referencia para la actualizaci\u00f3n de la asistencia social y los salarios de los informales. <a href=\"https:\/\/t.co\/mwcCp8IHgT\">pic.twitter.com\/mwcCp8IHgT<\/a><\/p>\n<p>\u2014 Claudio Caprarulo (@ClauCaprarulo) <a href=\"https:\/\/twitter.com\/ClauCaprarulo\/status\/1760313436062232835?ref_src=twsrc%5Etfw\">February 21, 2024<\/a><\/p><\/blockquote>\n<p><script async src=\"https:\/\/platform.twitter.com\/widgets.js\" charset=\"utf-8\"><\/script><\/p>\n<p><span style=\"font-weight: 400;\">En este contexto, representantes sectoriales del complejo agroexportador est\u00e1n cruzando deliberadamente al Gobierno para que impulse -nuevamente- una devaluaci\u00f3n del peso en el contexto de la cosecha gruesa de soja, ma\u00edz, sorgo y girasol que comprende hasta mayo.<\/span><\/p>\n<p><span style=\"font-weight: 400;\">Adem\u00e1s del achicamiento del gasto como parte de los compromisos asumidos ante el FMI, y en un contexto d\u00f3nde la contracci\u00f3n econ\u00f3mica no repunta, el Gobierno despliega una estrategia de capturaci\u00f3n de d\u00f3lares a trav\u00e9s del crecimiento de las exportaciones para hacer frente a los vencimientos por deuda.<\/span><\/p>\n<p><span style=\"font-weight: 400;\">Ante la inminente cosecha gruesa, consultado por las expectativas del mercado agroexportador, <\/span><b>Gustavo Idigoras<\/b><span style=\"font-weight: 400;\">, presidente de la C\u00e1mara de la Industria Aceitera de la Rep\u00fablica Argentina (CIARA) y del Centro Exportador de Cereales (CEC), consider\u00f3 que<\/span><b> &#8220;m\u00e1s que una lluvia torrencial vamos a ir viendo un goteo semanal de d\u00f3lares porque no est\u00e1n dadas las condiciones de precios&#8221;<\/b><span style=\"font-weight: 400;\">.<\/span><\/p>\n<figure id=\"attachment_10554\" aria-describedby=\"caption-attachment-10554\" style=\"width: 750px\" class=\"wp-caption alignnone\"><img loading=\"lazy\" decoding=\"async\" class=\"size-jnews-750x536 wp-image-10554\" src=\"https:\/\/tribunavm.com.ar\/wp-content\/uploads\/2024\/04\/Gustavo-Idigoras-presidente-CIARA-CEC-750x536.jpg\" alt=\"\" width=\"750\" height=\"536\" srcset=\"https:\/\/tribunavm.com.ar\/wp-content\/uploads\/2024\/04\/Gustavo-Idigoras-presidente-CIARA-CEC-750x536.jpg 750w, https:\/\/tribunavm.com.ar\/wp-content\/uploads\/2024\/04\/Gustavo-Idigoras-presidente-CIARA-CEC-120x86.jpg 120w, https:\/\/tribunavm.com.ar\/wp-content\/uploads\/2024\/04\/Gustavo-Idigoras-presidente-CIARA-CEC-350x250.jpg 350w\" sizes=\"(max-width: 750px) 100vw, 750px\" \/><figcaption id=\"caption-attachment-10554\" class=\"wp-caption-text\">Gustavo Idigoras, presidente de CIARA-CEC.<\/figcaption><\/figure>\n<p><span style=\"font-weight: 400;\">Y adelant\u00f3 que de <\/span><b>\u201clas 100 millones de toneladas que tenemos que movilizar, solo van a salir de los campos, los acopios y las cooperativas si conseguimos un mejor precio\u201d.\u00a0<\/b><\/p>\n<p><span style=\"font-weight: 400;\">Cabe destacar que la CIARA-CEC agrupa a las principales empresas que lideran a\u00f1o tras a\u00f1os los ranking en las exportaciones como Cargill, ADM, Bunge, Aceitera General Deheza, Asociaci\u00f3n de Cooperativas (ACA), COFCO, Nidera, entre otras y son a su vez due\u00f1as de los principales puertos del complejo agroexportador de Rosario.\u00a0<\/span><\/p>\n<p><span style=\"font-weight: 400;\">Se anotaron tambi\u00e9n entre las ganadoras en esta etapa las empresas del sector energ\u00e9tico, principalmente productoras y vendedoras de hidrocarburos, quienes convalidaron en tres meses aumentos del precio de combustible en torno al 180% con una inflaci\u00f3n acumulada del 75% y con salarios sectoriales que ascendieron entre 43% en enero y 14% en febrero.<\/span><\/p>\n<p><span style=\"color: #ff9900;\"><b>Empresas financieras<\/b><\/span><\/p>\n<p><span style=\"font-weight: 400;\">El caso del sector financiero ha sido otro de los ganadores del inicio de la gesti\u00f3n del gobierno de La Libertad Avanza. El esquema empleado ha sido el pago a los tenedores de t\u00edtulos p\u00fablicos, emitidos por el Tesoro de la Naci\u00f3n, con carteras compuestas por bonos en pesos y ajustables por inflaci\u00f3n, por devaluaci\u00f3n del d\u00f3lar oficial o por los dos, ajustes (bonos duales), obteniendo mejoras luego de que se convalida una devaluaci\u00f3n del 118% que hizo explotar los rendimientos.<\/span><\/p>\n<p><span style=\"font-weight: 400;\">De esa manera, se absorben pesos circulantes y el Tesoro de la Naci\u00f3n -entidad emisora de los t\u00edtulos- compra d\u00f3lares al BCRA para pagar los servicios de la deuda externa.<\/span><\/p>\n<p><b>En s\u00edntesis, es el pago de la deuda lo que est\u00e1 justificando el modelo de ajuste fiscal que descansa sobre las espaldas de trabajadores activos y pasivos quienes pagan los platos rotos de esta fiesta. Adem\u00e1s de que la econom\u00eda solo se perfila a crecer a partir de la exportaci\u00f3n como resortes principales de la acumulaci\u00f3n y el sostenimiento el modelo.<\/b><\/p>\n<\/div>\n<\/div>\n","protected":false},"excerpt":{"rendered":"<p>Cerrar las cuentas para el pago de la deuda es el norte del Gobierno, a\u00fan cuando eso implique que la fiesta la paguen los trabajadores.<\/p>\n","protected":false},"author":2,"featured_media":10555,"comment_status":"open","ping_status":"open","sticky":false,"template":"","format":"standard","meta":{"_exactmetrics_skip_tracking":false,"_exactmetrics_sitenote_active":false,"_exactmetrics_sitenote_note":"","_exactmetrics_sitenote_category":0,"jnews-multi-image_gallery":[],"jnews_single_post":{"source_name":"","source_url":"","via_name":"","via_url":"","override_template":"0","override":[{"template":"1","single_blog_custom":"","parallax":"1","fullscreen":"1","layout":"right-sidebar","sidebar":"default-sidebar","second_sidebar":"default-sidebar","sticky_sidebar":"1","share_position":"top","share_float_style":"share-monocrhome","show_share_counter":"1","show_view_counter":"1","show_featured":"1","show_post_meta":"1","show_post_author":"1","show_post_author_image":"1","show_post_date":"1","post_date_format":"default","post_date_format_custom":"Y\/m\/d","show_post_category":"1","show_post_reading_time":"0","post_reading_time_wpm":"300","show_zoom_button":"0","zoom_button_out_step":"2","zoom_button_in_step":"3","show_post_tag":"1","show_prev_next_post":"1","show_popup_post":"1","number_popup_post":"1","show_author_box":"0","show_post_related":"0","show_inline_post_related":"0"}],"override_image_size":"0","image_override":[{"single_post_thumbnail_size":"crop-500","single_post_gallery_size":"crop-500"}],"trending_post":"0","trending_post_position":"meta","trending_post_label":"Trending","sponsored_post":"0","sponsored_post_label":"Sponsored by","sponsored_post_name":"","sponsored_post_url":"","sponsored_post_logo_enable":"0","sponsored_post_logo":"","sponsored_post_desc":""},"jnews_primary_category":{"id":""},"jnews_social_meta":{"fb_title":"","fb_description":"","fb_image":"","twitter_title":"","twitter_description":"","twitter_image":""},"jnews_override_counter":{"override_view_counter":"0","view_counter_number":"0","override_share_counter":"0","share_counter_number":"0","override_like_counter":"0","like_counter_number":"0","override_dislike_counter":"0","dislike_counter_number":"0"},"_joinchat":[],"footnotes":""},"categories":[23],"tags":[435,415,39,35],"class_list":["post-10551","post","type-post","status-publish","format-standard","has-post-thumbnail","hentry","category-analisis","tag-ciara-cec","tag-edicion-128","tag-gobierno","tag-trabajadores"],"_links":{"self":[{"href":"https:\/\/tribunavm.com.ar\/index.php\/wp-json\/wp\/v2\/posts\/10551"}],"collection":[{"href":"https:\/\/tribunavm.com.ar\/index.php\/wp-json\/wp\/v2\/posts"}],"about":[{"href":"https:\/\/tribunavm.com.ar\/index.php\/wp-json\/wp\/v2\/types\/post"}],"author":[{"embeddable":true,"href":"https:\/\/tribunavm.com.ar\/index.php\/wp-json\/wp\/v2\/users\/2"}],"replies":[{"embeddable":true,"href":"https:\/\/tribunavm.com.ar\/index.php\/wp-json\/wp\/v2\/comments?post=10551"}],"version-history":[{"count":1,"href":"https:\/\/tribunavm.com.ar\/index.php\/wp-json\/wp\/v2\/posts\/10551\/revisions"}],"predecessor-version":[{"id":10556,"href":"https:\/\/tribunavm.com.ar\/index.php\/wp-json\/wp\/v2\/posts\/10551\/revisions\/10556"}],"wp:featuredmedia":[{"embeddable":true,"href":"https:\/\/tribunavm.com.ar\/index.php\/wp-json\/wp\/v2\/media\/10555"}],"wp:attachment":[{"href":"https:\/\/tribunavm.com.ar\/index.php\/wp-json\/wp\/v2\/media?parent=10551"}],"wp:term":[{"taxonomy":"category","embeddable":true,"href":"https:\/\/tribunavm.com.ar\/index.php\/wp-json\/wp\/v2\/categories?post=10551"},{"taxonomy":"post_tag","embeddable":true,"href":"https:\/\/tribunavm.com.ar\/index.php\/wp-json\/wp\/v2\/tags?post=10551"}],"curies":[{"name":"wp","href":"https:\/\/api.w.org\/{rel}","templated":true}]}}