{"id":10563,"date":"2024-04-08T03:16:06","date_gmt":"2024-04-08T03:16:06","guid":{"rendered":"https:\/\/tribunavm.com.ar\/?p=10563"},"modified":"2024-04-08T03:16:06","modified_gmt":"2024-04-08T03:16:06","slug":"edicion-128","status":"publish","type":"post","link":"https:\/\/tribunavm.com.ar\/index.php\/2024\/04\/08\/edicion-128\/","title":{"rendered":"EDICI\u00d3N 128"},"content":{"rendered":"<div class=\"col-md-8\">\n<hr \/>\n<p><strong>\ud83d\udfe0 EDITORIAL\u00a0<\/strong><\/p>\n<p><a href=\"https:\/\/tribunavm.com.ar\/index.php\/2024\/04\/08\/movimiento-en-cada-territorio\/\"><span style=\"color: #ff9900;\">\u25aa\ufe0f Movimiento en cada territorio<\/span><\/a><\/p>\n<hr \/>\n<p><strong>\ud83d\udfe0 ANALISIS<\/strong><\/p>\n<p><span style=\"color: #ff9900;\"><a style=\"color: #ff9900;\" href=\"https:\/\/tribunavm.com.ar\/index.php\/2024\/04\/08\/los-saldos-del-ajuste\/\">\u25aa\ufe0f Los saldos del ajuste<\/a><\/span><\/p>\n<p>Cerrar las cuentas para el pago de la deuda es el norte del Gobierno, a\u00fan cuando eso implique que la fiesta la paguen los trabajadores.<\/p>\n<hr \/>\n<\/div>\n<div class=\"col-md-8\">\n<p><strong>\ud83d\udfe0 ENTREVISTA \u00a0<\/strong><\/p>\n<p><span style=\"color: #ff9900;\"><a style=\"color: #ff9900;\" href=\"https:\/\/tribunavm.com.ar\/index.php\/2024\/04\/08\/sin-jubilacion-no-hay-presente-ni-futuro\/\">\u25aa\ufe0fSin jubilaci\u00f3n no hay presente ni futuro<\/a><\/span><\/p>\n<p>Conversamos con Eugenia Palacio, delegada de ANSES C\u00f3rdoba, quien nos coment\u00f3 la situaci\u00f3n de los trabajadores del organismo luego de los despidos anunciados por el Gobierno Nacional.<\/p>\n<hr \/>\n<p><strong>\ud83d\udfe0\u00a0MOVIMIENTO<\/strong><\/p>\n<p><a href=\"https:\/\/tribunavm.com.ar\/index.php\/2024\/04\/08\/el-paro-que-no-fue\/\"><span style=\"color: #ff9900;\">\u25aa\ufe0f El paro que no fue<\/span><br \/>\n<\/a><\/p>\n<p>Dirigentes de la CGT se reunieron para analizar las nuevas medidas y una propuesta de reforma laboral. El pr\u00f3ximo jueves definir\u00e1n si realizan o no un paro general.<\/p>\n<p><a href=\"https:\/\/tribunavm.com.ar\/index.php\/2024\/04\/08\/bancarios-y-aceiteros-en-estado-de-alerta\/\"><span style=\"color: #ff9900;\">\u25aa\ufe0f Bancarios y aceiteros en estado de alerta<\/span><\/a><\/p>\n<p>La entidad gremial Bancaria anunci\u00f3 medidas ante la preocupaci\u00f3n de la venta del HSBC al Banco Galicia y la Federaci\u00f3n Aceitera por falta de acuerdo salarial.<\/p>\n<p><a href=\"https:\/\/tribunavm.com.ar\/index.php\/2024\/04\/08\/trabajo-en-la-pobreza\/\"><span style=\"color: #ff9900;\">\u25aa\ufe0f Trabajo en la pobreza<\/span><\/a><\/p>\n<p>Seg\u00fan un informe del Gobierno Nacional se registr\u00f3 la mayor ca\u00edda del poder adquisitivo de los salarios registrados en los \u00faltimos 29 a\u00f1os.<\/p>\n<p><a href=\"https:\/\/tribunavm.com.ar\/index.php\/2024\/04\/08\/el-gobierno-despidio-a-11-mil-trabajadores-estatales\/\"><span style=\"color: #ff9900;\">\u25aa\ufe0f El Gobierno despidi\u00f3 a 11 mil trabajadores estatales<\/span><\/a><\/p>\n<p>Se realizaron medidas de protesta en varias dependencias de todo el pa\u00eds. Esta semana continuar\u00e1 el plan de lucha por la reincorporaci\u00f3n.<\/p>\n<hr \/>\n<p><strong>\ud83d\udfe0 GOBIERNO<\/strong><\/p>\n<p><a href=\"https:\/\/tribunavm.com.ar\/index.php\/2024\/04\/08\/vinculos-carnales\/\"><span style=\"color: #ff9900;\">\u25aa\ufe0f V\u00ednculos carnales<\/span><\/a><\/p>\n<p>El Gobierno Nacional reafirma la profundizaci\u00f3n de las relaciones bilaterales con Estados Unidos.<\/p>\n<p><a href=\"https:\/\/tribunavm.com.ar\/index.php\/2024\/04\/08\/descontento-empresarial\/\"><span style=\"color: #ff9900;\">\u25aa\ufe0f Descontento empresarial<br \/>\n<\/span><\/a><\/p>\n<p>Algunas entidades empresariales manifestaron su rechazo a la propuesta de designaci\u00f3n de nuevos jueces para la Corte Suprema de Justicia.<\/p>\n<hr \/>\n<p><strong>\ud83d\udfe0 ECONOMIA<\/strong><\/p>\n<p><span style=\"color: #ff9900;\"><a style=\"color: #ff9900;\" href=\"https:\/\/tribunavm.com.ar\/index.php\/2024\/04\/08\/ajustar-para-crecer\/\">\u25aa\ufe0f Ajustar \u00bfpara crecer?<\/a><\/span><\/p>\n<p>Bancos internacionales celebran el rumbo del Gobierno pero advierten sobre los \u201criesgos\u201d de las medidas.<\/p>\n<p><span style=\"color: #ff9900;\"><a style=\"color: #ff9900;\" href=\"https:\/\/tribunavm.com.ar\/index.php\/2024\/04\/08\/la-mesa-de-enlace-denuncia-alta-carga-fiscal\/\">\u25aa\ufe0f La Mesa de Enlace denuncia \u201calta carga fiscal\u201d<br \/>\n<\/a><\/span><\/p>\n<p>Las entidades agrarias entonan nuevamente el reclamo al Gobierno Nacional por eliminar las retenciones a las exportaciones.<\/p>\n<p><span style=\"color: #ff9900;\"><a style=\"color: #ff9900;\" href=\"https:\/\/tribunavm.com.ar\/index.php\/2024\/04\/08\/el-gobierno-avanza-hacia-la-quita-del-cepo\/\">\u25aa\ufe0f El Gobierno avanza hacia la quita del cepo<br \/>\n<\/a><\/span><\/p>\n<p>Entre reuniones y cumbres empresariales se definen los lineamientos de la gesti\u00f3n de Javier Milei.<\/p>\n<hr \/>\n<p><strong>\ud83d\udfe0 INTERNACIONAL<\/strong><\/p>\n<p><span style=\"color: #ff9900;\"><a style=\"color: #ff9900;\" href=\"https:\/\/tribunavm.com.ar\/index.php\/2024\/04\/08\/blackrock-apunta-al-mercado-de-capitales\/\">\u25aa\ufe0f Blackrock apunta al mercado de capitales<br \/>\n<\/a><\/span><\/p>\n<p>Larry Fink, consejero delegado del fondo de inversi\u00f3n, apuesta a aumentar la edad de las jubilaciones y al desarrollo de infraestructura.<\/p>\n<p><span style=\"color: #ff9900;\"><a style=\"color: #ff9900;\" href=\"https:\/\/tribunavm.com.ar\/index.php\/2024\/04\/08\/crece-la-guerra-en-medio-oriente\/\">\u25aa\ufe0f Crece la guerra en Medio Oriente<\/a><\/span><\/p>\n<p>En el marco del conflicto, Israel bombardea un edificio de la embajada iran\u00ed en Siria y el Consejo de Seguridad de la ONU aprueba una resoluci\u00f3n que pide el alto al fuego.<\/p>\n<p><span style=\"color: #ff9900;\"><a style=\"color: #ff9900;\" href=\"https:\/\/tribunavm.com.ar\/index.php\/2024\/04\/08\/fmi-la-deuda-publica-mundial-ha-alcanzado-niveles-sin-precedentes\/\">\u25aa\ufe0f FMI: \u201cLa deuda p\u00fablica mundial ha alcanzado niveles sin precedentes\u201d<br \/>\n<\/a><\/span><\/p>\n<p>Advierten respecto a la estabilidad financiera, el estancamiento econ\u00f3mico y el problema de la \u201cdeuda oculta\u201d.<\/p>\n<hr \/>\n<p><strong>\ud83d\udfe0 LATINOAMERICA<\/strong><\/p>\n<p><span style=\"color: #ff9900;\"><a style=\"color: #ff9900;\" href=\"https:\/\/tribunavm.com.ar\/index.php\/2024\/04\/08\/asociacion-estrategica-entre-brasil-y-francia\/\">\u25aa\ufe0f Asociaci\u00f3n estrat\u00e9gica entre Brasil y Francia<br \/>\n<\/a><\/span><\/p>\n<p>Macron se comprometi\u00f3 a ayudar a Brasil en la construcci\u00f3n de un submarino nuclear e invertir en el \u00e1rea de la econom\u00eda sostenible en la regi\u00f3n amaz\u00f3nica.<\/p>\n<p><span style=\"color: #ff9900;\"><a style=\"color: #ff9900;\" href=\"https:\/\/tribunavm.com.ar\/index.php\/2024\/04\/08\/tension-entre-mexico-y-ecuador\/\">\u25aa\ufe0f Tensi\u00f3n entre M\u00e9xico y Ecuador<br \/>\n<\/a><\/span><\/p>\n<p>Con el objetivo de detener al ex vicepresidente de Ecuador, Jorge Glass, el gobierno irrumpi\u00f3 en la embajada mexicana con las fuerzas de seguridad. El presidente de M\u00e9xico suspendi\u00f3 las relaciones diplom\u00e1ticas.<\/p>\n<p><a href=\"https:\/\/tribunavm.com.ar\/index.php\/2024\/04\/08\/la-central-de-trabajadores-de-chile-llama-a-paro\/\"><span style=\"color: #ff9900;\">\u25aa\ufe0f La Central de Trabajadores de Chile llama a paro<\/span><br \/>\n<\/a><\/p>\n<p>Se sumaron a la iniciativa otros gremios y estudiantes quienes lanzaron un Manifiesto Social.<\/p>\n<hr \/>\n<p><strong>\ud83d\udfe0 LOCAL<\/strong><\/p>\n<p><span style=\"color: #ff9900;\"><a style=\"color: #ff9900;\" href=\"https:\/\/tribunavm.com.ar\/index.php\/2024\/04\/08\/recorte-en-las-aulas-movilizacion-en-las-calles\/\">\u25aa\ufe0f Recorte en las aulas, movilizaci\u00f3n en las calles<br \/>\n<\/a><\/span><\/p>\n<p>Contin\u00faan los reclamos docentes en la ciudad por los recortes en la educaci\u00f3n.<\/p>\n<p><span style=\"color: #ff9900;\"><a style=\"color: #ff9900;\" href=\"https:\/\/tribunavm.com.ar\/index.php\/2024\/04\/08\/sindicatos-reclaman-en-unidad\/\"> \u25aa\ufe0fSindicatos reclaman en unidad<br \/>\n<\/a><\/span><\/p>\n<p>El pasado viernes los diferentes gremios y sindicatos de la ciudad se unieron en jornadas de reclamo frente a los recortes y despidos.<\/p>\n<hr \/>\n<p style=\"text-align: center;\"><span class=\"highlight\" style=\"background-color: #dd9933; color: ffffff;\">DESCARG\u00c1 LA VERSI\u00d3N IMPRESA<\/span><\/p>\n<p><a href=\"https:\/\/drive.google.com\/drive\/u\/2\/folders\/1ab04CVI5jPtTzQtEVm_UfnZ6HifJbAAO\"><img loading=\"lazy\" decoding=\"async\" class=\"alignnone wp-image-10564 size-large\" src=\"https:\/\/tribunavm.com.ar\/wp-content\/uploads\/2024\/04\/Tribuna-128-TAPA-753x1024.png\" alt=\"\" width=\"753\" height=\"1024\" srcset=\"https:\/\/tribunavm.com.ar\/wp-content\/uploads\/2024\/04\/Tribuna-128-TAPA-753x1024.png 753w, https:\/\/tribunavm.com.ar\/wp-content\/uploads\/2024\/04\/Tribuna-128-TAPA-221x300.png 221w, https:\/\/tribunavm.com.ar\/wp-content\/uploads\/2024\/04\/Tribuna-128-TAPA-768x1044.png 768w, https:\/\/tribunavm.com.ar\/wp-content\/uploads\/2024\/04\/Tribuna-128-TAPA-1129x1536.png 1129w, https:\/\/tribunavm.com.ar\/wp-content\/uploads\/2024\/04\/Tribuna-128-TAPA-1506x2048.png 1506w, https:\/\/tribunavm.com.ar\/wp-content\/uploads\/2024\/04\/Tribuna-128-TAPA-750x1020.png 750w, https:\/\/tribunavm.com.ar\/wp-content\/uploads\/2024\/04\/Tribuna-128-TAPA-1140x1550.png 1140w\" sizes=\"(max-width: 753px) 100vw, 753px\" \/><\/a><\/p>\n<\/div>\n","protected":false},"excerpt":{"rendered":"<p>\ud83d\udfe0 EDITORIAL\u00a0 \u25aa\ufe0f Movimiento en cada territorio \ud83d\udfe0 ANALISIS \u25aa\ufe0f Los saldos del ajuste Cerrar las cuentas para el pago de la deuda es el norte del Gobierno, a\u00fan cuando eso implique que la fiesta la paguen los trabajadores. \ud83d\udfe0 ENTREVISTA \u00a0 \u25aa\ufe0fSin jubilaci\u00f3n no hay presente ni futuro Conversamos con Eugenia Palacio, delegada de [&hellip;]<\/p>\n","protected":false},"author":2,"featured_media":0,"comment_status":"open","ping_status":"open","sticky":false,"template":"","format":"standard","meta":{"_exactmetrics_skip_tracking":false,"_exactmetrics_sitenote_active":false,"_exactmetrics_sitenote_note":"","_exactmetrics_sitenote_category":0,"jnews-multi-image_gallery":[],"jnews_single_post":{"source_name":"","source_url":"","via_name":"","via_url":"","override_template":"0","override":[{"template":"1","single_blog_custom":"","parallax":"1","fullscreen":"1","layout":"right-sidebar","sidebar":"default-sidebar","second_sidebar":"default-sidebar","sticky_sidebar":"1","share_position":"top","share_float_style":"share-monocrhome","show_share_counter":"1","show_view_counter":"1","show_featured":"1","show_post_meta":"1","show_post_author":"1","show_post_author_image":"1","show_post_date":"1","post_date_format":"default","post_date_format_custom":"Y\/m\/d","show_post_category":"1","show_post_reading_time":"0","post_reading_time_wpm":"300","show_zoom_button":"0","zoom_button_out_step":"2","zoom_button_in_step":"3","show_post_tag":"1","show_prev_next_post":"1","show_popup_post":"1","number_popup_post":"1","show_author_box":"0","show_post_related":"0","show_inline_post_related":"0"}],"override_image_size":"0","image_override":[{"single_post_thumbnail_size":"crop-500","single_post_gallery_size":"crop-500"}],"trending_post":"0","trending_post_position":"meta","trending_post_label":"Trending","sponsored_post":"0","sponsored_post_label":"Sponsored by","sponsored_post_name":"","sponsored_post_url":"","sponsored_post_logo_enable":"0","sponsored_post_logo":"","sponsored_post_desc":""},"jnews_primary_category":{"id":""},"jnews_social_meta":{"fb_title":"","fb_description":"","fb_image":"","twitter_title":"","twitter_description":"","twitter_image":""},"jnews_override_counter":{"override_view_counter":"0","view_counter_number":"0","override_share_counter":"0","share_counter_number":"0","override_like_counter":"0","like_counter_number":"0","override_dislike_counter":"0","dislike_counter_number":"0"},"_joinchat":[],"footnotes":""},"categories":[281],"tags":[],"class_list":["post-10563","post","type-post","status-publish","format-standard","hentry","category-ediciones"],"_links":{"self":[{"href":"https:\/\/tribunavm.com.ar\/index.php\/wp-json\/wp\/v2\/posts\/10563"}],"collection":[{"href":"https:\/\/tribunavm.com.ar\/index.php\/wp-json\/wp\/v2\/posts"}],"about":[{"href":"https:\/\/tribunavm.com.ar\/index.php\/wp-json\/wp\/v2\/types\/post"}],"author":[{"embeddable":true,"href":"https:\/\/tribunavm.com.ar\/index.php\/wp-json\/wp\/v2\/users\/2"}],"replies":[{"embeddable":true,"href":"https:\/\/tribunavm.com.ar\/index.php\/wp-json\/wp\/v2\/comments?post=10563"}],"version-history":[{"count":1,"href":"https:\/\/tribunavm.com.ar\/index.php\/wp-json\/wp\/v2\/posts\/10563\/revisions"}],"predecessor-version":[{"id":10565,"href":"https:\/\/tribunavm.com.ar\/index.php\/wp-json\/wp\/v2\/posts\/10563\/revisions\/10565"}],"wp:attachment":[{"href":"https:\/\/tribunavm.com.ar\/index.php\/wp-json\/wp\/v2\/media?parent=10563"}],"wp:term":[{"taxonomy":"category","embeddable":true,"href":"https:\/\/tribunavm.com.ar\/index.php\/wp-json\/wp\/v2\/categories?post=10563"},{"taxonomy":"post_tag","embeddable":true,"href":"https:\/\/tribunavm.com.ar\/index.php\/wp-json\/wp\/v2\/tags?post=10563"}],"curies":[{"name":"wp","href":"https:\/\/api.w.org\/{rel}","templated":true}]}}