{"id":10585,"date":"2024-04-22T00:52:51","date_gmt":"2024-04-22T00:52:51","guid":{"rendered":"https:\/\/tribunavm.com.ar\/?p=10585"},"modified":"2024-04-20T23:58:59","modified_gmt":"2024-04-20T23:58:59","slug":"en-la-ruta-a-oriente","status":"publish","type":"post","link":"https:\/\/tribunavm.com.ar\/index.php\/2024\/04\/22\/en-la-ruta-a-oriente\/","title":{"rendered":"En la ruta a Oriente"},"content":{"rendered":"<div class=\"row clearfix\">\n<div class=\"col-md-8\">\n<p><span style=\"color: #212121; font-size: 1.5em; letter-spacing: -0.01em;\">Representantes de Alemania y EE.UU. viajaron a China para reforzar la relaci\u00f3n entre potencias.<\/span><\/p>\n<p><span style=\"font-weight: 400;\"><span class=\"dropcap \" style=\"background-color: #ffffff; color: #dd9933; border-color: #ffffff;\">E<\/span>l martes 16, el canciller aleman Olaf Scholz se reuni\u00f3 con su par chino, Xi Jinping, en Beijing. Seg\u00fan lo <\/span><a href=\"https:\/\/www.fmprc.gov.cn\/esp\/wjdt\/wshd\/202404\/t20240417_11283138.html#:~:text=En%20la%20ma%C3%B1ana%20del%2016,de%20Estado%20Diaoyutai%2C%20en%20Beijing.\"><span style=\"font-weight: 400;\">informado<\/span><\/a><span style=\"font-weight: 400;\"> por el Ministerio de Relaciones Exteriores de China, durante la jornada, ambos mandatarios resaltaron el \u201cbuen desarrollo, con<\/span><b> estrechos intercambios bilaterales a todos los niveles y en diversos terrenos<\/b><span style=\"font-weight: 400;\">\u201d de la relaci\u00f3n sino-alemana.<\/span><\/p>\n<p><span style=\"font-weight: 400;\">Asimismo, los conflictos ruso-ucraniano y palestino-israel\u00ed tuvieron un rol central en las discusiones intergubernamentales. Seg\u00fan la informaci\u00f3n brindada por el gobierno chino, en ambos casos, China y Alemania coincidieron en la salida pac\u00edfica ante los conflictos internacionales.<\/span><\/p>\n<figure id=\"attachment_10586\" aria-describedby=\"caption-attachment-10586\" style=\"width: 600px\" class=\"wp-caption alignnone\"><img loading=\"lazy\" decoding=\"async\" class=\"wp-image-10586 size-full\" src=\"https:\/\/tribunavm.com.ar\/wp-content\/uploads\/2024\/04\/Scholz-con-Xi-Jinping.png\" alt=\"\" width=\"600\" height=\"411\" srcset=\"https:\/\/tribunavm.com.ar\/wp-content\/uploads\/2024\/04\/Scholz-con-Xi-Jinping.png 600w, https:\/\/tribunavm.com.ar\/wp-content\/uploads\/2024\/04\/Scholz-con-Xi-Jinping-300x206.png 300w\" sizes=\"(max-width: 600px) 100vw, 600px\" \/><figcaption id=\"caption-attachment-10586\" class=\"wp-caption-text\">La visita de Scholz es la segunda realizada en su mandato como canciller. China representa el mayor socio comercial de Alemania y desde el 2014 existe una \u201cAsociaci\u00f3n estrat\u00e9gica omnidireccional\u201d entre ambos paises.<\/figcaption><\/figure>\n<p><span style=\"color: #ff9900;\"><b>El \u00c1guila y el Drag\u00f3n<\/b><\/span><\/p>\n<p><span style=\"font-weight: 400;\">A principios de abril, la secretaria del Tesoro de los Estados Unidos, Janet Yellen, realiz\u00f3 un viaje a Beijing para reunirse con el primer ministro chino, Li Qiang, buscando reducir las tensiones en la relaci\u00f3n bilateral de las dos potencias.<\/span><\/p>\n<p><span style=\"font-weight: 400;\">En el marco de su gira en China, Yellen declar\u00f3 \u201ccomo las dos econom\u00edas m\u00e1s grandes del mundo, tenemos el deber con nuestros propios pa\u00edses y con el mundo de manejar responsablemente nuestra compleja relaci\u00f3n y de cooperar y mostrar liderazgo para abordar los desaf\u00edos globales apremiantes\u201d.<\/span><\/p>\n<\/div>\n<\/div>\n","protected":false},"excerpt":{"rendered":"<p>Representantes de Alemania y EE.UU. viajaron a China para reforzar la relaci\u00f3n entre potencias.<\/p>\n","protected":false},"author":2,"featured_media":10587,"comment_status":"open","ping_status":"open","sticky":false,"template":"","format":"standard","meta":{"_exactmetrics_skip_tracking":false,"_exactmetrics_sitenote_active":false,"_exactmetrics_sitenote_note":"","_exactmetrics_sitenote_category":0,"jnews-multi-image_gallery":[],"jnews_single_post":{"source_name":"","source_url":"","via_name":"","via_url":"","override_template":"0","override":[{"template":"1","single_blog_custom":"","parallax":"1","fullscreen":"1","layout":"right-sidebar","sidebar":"default-sidebar","second_sidebar":"default-sidebar","sticky_sidebar":"1","share_position":"top","share_float_style":"share-monocrhome","show_share_counter":"1","show_view_counter":"1","show_featured":"1","show_post_meta":"1","show_post_author":"1","show_post_author_image":"1","show_post_date":"1","post_date_format":"default","post_date_format_custom":"Y\/m\/d","show_post_category":"1","show_post_reading_time":"0","post_reading_time_wpm":"300","show_zoom_button":"0","zoom_button_out_step":"2","zoom_button_in_step":"3","show_post_tag":"1","show_prev_next_post":"1","show_popup_post":"1","number_popup_post":"1","show_author_box":"0","show_post_related":"0","show_inline_post_related":"0"}],"override_image_size":"0","image_override":[{"single_post_thumbnail_size":"crop-500","single_post_gallery_size":"crop-500"}],"trending_post":"0","trending_post_position":"meta","trending_post_label":"Trending","sponsored_post":"0","sponsored_post_label":"Sponsored by","sponsored_post_name":"","sponsored_post_url":"","sponsored_post_logo_enable":"0","sponsored_post_logo":"","sponsored_post_desc":""},"jnews_primary_category":{"id":""},"jnews_social_meta":{"fb_title":"","fb_description":"","fb_image":"","twitter_title":"","twitter_description":"","twitter_image":""},"jnews_override_counter":{"override_view_counter":"0","view_counter_number":"0","override_share_counter":"0","share_counter_number":"0","override_like_counter":"0","like_counter_number":"0","override_dislike_counter":"0","dislike_counter_number":"0"},"_joinchat":[],"footnotes":""},"categories":[276],"tags":[397,394,436,198],"class_list":["post-10585","post","type-post","status-publish","format-standard","has-post-thumbnail","hentry","category-internacional","tag-alemania","tag-china","tag-edicion-129","tag-eeuu"],"_links":{"self":[{"href":"https:\/\/tribunavm.com.ar\/index.php\/wp-json\/wp\/v2\/posts\/10585"}],"collection":[{"href":"https:\/\/tribunavm.com.ar\/index.php\/wp-json\/wp\/v2\/posts"}],"about":[{"href":"https:\/\/tribunavm.com.ar\/index.php\/wp-json\/wp\/v2\/types\/post"}],"author":[{"embeddable":true,"href":"https:\/\/tribunavm.com.ar\/index.php\/wp-json\/wp\/v2\/users\/2"}],"replies":[{"embeddable":true,"href":"https:\/\/tribunavm.com.ar\/index.php\/wp-json\/wp\/v2\/comments?post=10585"}],"version-history":[{"count":1,"href":"https:\/\/tribunavm.com.ar\/index.php\/wp-json\/wp\/v2\/posts\/10585\/revisions"}],"predecessor-version":[{"id":10588,"href":"https:\/\/tribunavm.com.ar\/index.php\/wp-json\/wp\/v2\/posts\/10585\/revisions\/10588"}],"wp:featuredmedia":[{"embeddable":true,"href":"https:\/\/tribunavm.com.ar\/index.php\/wp-json\/wp\/v2\/media\/10587"}],"wp:attachment":[{"href":"https:\/\/tribunavm.com.ar\/index.php\/wp-json\/wp\/v2\/media?parent=10585"}],"wp:term":[{"taxonomy":"category","embeddable":true,"href":"https:\/\/tribunavm.com.ar\/index.php\/wp-json\/wp\/v2\/categories?post=10585"},{"taxonomy":"post_tag","embeddable":true,"href":"https:\/\/tribunavm.com.ar\/index.php\/wp-json\/wp\/v2\/tags?post=10585"}],"curies":[{"name":"wp","href":"https:\/\/api.w.org\/{rel}","templated":true}]}}