{"id":10621,"date":"2024-04-22T01:31:35","date_gmt":"2024-04-22T01:31:35","guid":{"rendered":"https:\/\/tribunavm.com.ar\/?p=10621"},"modified":"2024-04-21T01:49:59","modified_gmt":"2024-04-21T01:49:59","slug":"las-empresas-se-acomodan-entre-planes-de-retiro-y-despidos","status":"publish","type":"post","link":"https:\/\/tribunavm.com.ar\/index.php\/2024\/04\/22\/las-empresas-se-acomodan-entre-planes-de-retiro-y-despidos\/","title":{"rendered":"Las empresas se acomodan entre planes de retiro y despidos"},"content":{"rendered":"<div class=\"row clearfix\">\n<div class=\"col-md-8\">\n<p><span style=\"color: #212121; font-size: 1.5em; letter-spacing: -0.01em;\">En sinton\u00eda con los registros que reflejan ca\u00eddas hist\u00f3ricas del empleo, las empresas profundizan los despidos de trabajadores.<\/span><\/p>\n<p><span style=\"font-weight: 400;\"><span class=\"dropcap \" style=\"background-color: #ffffff; color: #dd9933; border-color: #ffffff;\">S<\/span>eg\u00fan la Encuesta de Indicadores Laborales (EIL) de la Secretar\u00eda de Trabajo, Empleo y Seguridad Social<\/span><b> en el mes de febrero se registr\u00f3 la mayor baja del empleo registrado desde 2002<\/b><span style=\"font-weight: 400;\">, acumulando tres meses consecutivos en dicha tendencia.<\/span><\/p>\n<p><span style=\"font-weight: 400;\">Adem\u00e1s, la tasa de nuevos ingresos al sistema laboral formal decay\u00f3 respecto a meses anteriores y <\/span><b>fue compatible \u201ccon el mes de febrero de los a\u00f1os de pandemia (2020 y 2021)&#8221;<\/b><span style=\"font-weight: 400;\">, agravando a\u00fan m\u00e1s la situaci\u00f3n del empleo formal en el pa\u00eds.<\/span><\/p>\n<p><span style=\"font-weight: 400;\">Seg\u00fan un informe de la consultora Tendencias Econ\u00f3micas y Financieras, en febrero se registraron <\/span><b>16.480 despidos<\/b><span style=\"font-weight: 400;\"> debido a la \u201cpronunciada ca\u00edda de ventas, cierres de empresas, ajuste de gastos de municipios y paralizaci\u00f3n de la obra p\u00fablica\u201d y <\/span><b>16.553 suspensiones <\/b><span style=\"font-weight: 400;\">por \u201cfalta de insumos importados y desacuerdo en las negociaciones paritarias\u201d.<\/span><\/p>\n<figure id=\"attachment_10622\" aria-describedby=\"caption-attachment-10622\" style=\"width: 952px\" class=\"wp-caption alignnone\"><img loading=\"lazy\" decoding=\"async\" class=\"size-full wp-image-10622\" src=\"https:\/\/tribunavm.com.ar\/wp-content\/uploads\/2024\/04\/multimedia.normal.ace3d8287baf5be9.576861747341707020496d61676520323031392d30312d30342061742031322e5f6e6f726d616c2e6a706567.jpeg\" alt=\"\" width=\"952\" height=\"732\" srcset=\"https:\/\/tribunavm.com.ar\/wp-content\/uploads\/2024\/04\/multimedia.normal.ace3d8287baf5be9.576861747341707020496d61676520323031392d30312d30342061742031322e5f6e6f726d616c2e6a706567.jpeg 952w, https:\/\/tribunavm.com.ar\/wp-content\/uploads\/2024\/04\/multimedia.normal.ace3d8287baf5be9.576861747341707020496d61676520323031392d30312d30342061742031322e5f6e6f726d616c2e6a706567-300x231.jpeg 300w, https:\/\/tribunavm.com.ar\/wp-content\/uploads\/2024\/04\/multimedia.normal.ace3d8287baf5be9.576861747341707020496d61676520323031392d30312d30342061742031322e5f6e6f726d616c2e6a706567-768x591.jpeg 768w, https:\/\/tribunavm.com.ar\/wp-content\/uploads\/2024\/04\/multimedia.normal.ace3d8287baf5be9.576861747341707020496d61676520323031392d30312d30342061742031322e5f6e6f726d616c2e6a706567-750x577.jpeg 750w\" sizes=\"(max-width: 952px) 100vw, 952px\" \/><figcaption id=\"caption-attachment-10622\" class=\"wp-caption-text\">El medio de comunicaci\u00f3n Telef\u00e9 despidi\u00f3 150 trabajadores.<\/figcaption><\/figure>\n<p><span style=\"color: #ff9900;\"><b>Despidos<\/b><\/span><\/p>\n<ul>\n<li style=\"font-weight: 400;\" aria-level=\"1\"><span style=\"font-weight: 400;\">TeLeF\u00e9 despidi\u00f3 a 150 trabajadores.<\/span><\/li>\n<li style=\"font-weight: 400;\" aria-level=\"1\"><span style=\"font-weight: 400;\">La f\u00e1brica textil VF cerr\u00f3 y despidi\u00f3 a 105.<\/span><\/li>\n<li style=\"font-weight: 400;\" aria-level=\"1\"><span style=\"font-weight: 400;\">Mabe, la ex Drean, despidi\u00f3 a 200 en C\u00f3rdoba.<\/span><\/li>\n<li style=\"font-weight: 400;\" aria-level=\"1\"><span style=\"font-weight: 400;\">La f\u00e1brica de electrodom\u00e9sticos Longvie, suspendi\u00f3 a 115 trabajadores en sus plantas de Catamarca y Entre R\u00edos.<\/span><\/li>\n<li style=\"font-weight: 400;\" aria-level=\"1\"><span style=\"font-weight: 400;\">La Uni\u00f3n Ferroviaria denunci\u00f3 m\u00e1s de 100 despidos en todas las l\u00edneas de trenes.<\/span><\/li>\n<li style=\"font-weight: 400;\" aria-level=\"1\"><span style=\"font-weight: 400;\">AySA lanz\u00f3 un plan de retiros voluntarios y prejubilaciones.<\/span><\/li>\n<\/ul>\n<p><span style=\"font-weight: 400;\">Otras empresas, como General Motors, Toyota, Bimbo C\u00f3rdoba, GBA Log\u00edstica Sur y Pepsico Buenos Aires, tambi\u00e9n anunciaron recortes de salarios, vacaciones anticipadas y despidos.<\/span><\/p>\n<\/div>\n<\/div>\n","protected":false},"excerpt":{"rendered":"<p>En sinton\u00eda con los registros que reflejan ca\u00eddas hist\u00f3ricas del empleo, las empresas profundizan los despidos de trabajadores.<\/p>\n","protected":false},"author":2,"featured_media":10625,"comment_status":"open","ping_status":"open","sticky":false,"template":"","format":"standard","meta":{"_exactmetrics_skip_tracking":false,"_exactmetrics_sitenote_active":false,"_exactmetrics_sitenote_note":"","_exactmetrics_sitenote_category":0,"jnews-multi-image_gallery":[],"jnews_single_post":{"source_name":"","source_url":"","via_name":"","via_url":"","override_template":"0","override":[{"template":"1","single_blog_custom":"","parallax":"1","fullscreen":"1","layout":"right-sidebar","sidebar":"default-sidebar","second_sidebar":"default-sidebar","sticky_sidebar":"1","share_position":"top","share_float_style":"share-monocrhome","show_share_counter":"1","show_view_counter":"1","show_featured":"1","show_post_meta":"1","show_post_author":"1","show_post_author_image":"1","show_post_date":"1","post_date_format":"default","post_date_format_custom":"Y\/m\/d","show_post_category":"1","show_post_reading_time":"0","post_reading_time_wpm":"300","show_zoom_button":"0","zoom_button_out_step":"2","zoom_button_in_step":"3","show_post_tag":"1","show_prev_next_post":"1","show_popup_post":"1","number_popup_post":"1","show_author_box":"0","show_post_related":"0","show_inline_post_related":"0"}],"override_image_size":"0","image_override":[{"single_post_thumbnail_size":"crop-500","single_post_gallery_size":"crop-500"}],"trending_post":"0","trending_post_position":"meta","trending_post_label":"Trending","sponsored_post":"0","sponsored_post_label":"Sponsored by","sponsored_post_name":"","sponsored_post_url":"","sponsored_post_logo_enable":"0","sponsored_post_logo":"","sponsored_post_desc":""},"jnews_primary_category":{"id":""},"jnews_social_meta":{"fb_title":"","fb_description":"","fb_image":"","twitter_title":"","twitter_description":"","twitter_image":""},"jnews_override_counter":{"override_view_counter":"0","view_counter_number":"0","override_share_counter":"0","share_counter_number":"0","override_like_counter":"0","like_counter_number":"0","override_dislike_counter":"0","dislike_counter_number":"0"},"_joinchat":[],"footnotes":""},"categories":[22],"tags":[436,35],"class_list":["post-10621","post","type-post","status-publish","format-standard","has-post-thumbnail","hentry","category-actualidad","tag-edicion-129","tag-trabajadores"],"_links":{"self":[{"href":"https:\/\/tribunavm.com.ar\/index.php\/wp-json\/wp\/v2\/posts\/10621"}],"collection":[{"href":"https:\/\/tribunavm.com.ar\/index.php\/wp-json\/wp\/v2\/posts"}],"about":[{"href":"https:\/\/tribunavm.com.ar\/index.php\/wp-json\/wp\/v2\/types\/post"}],"author":[{"embeddable":true,"href":"https:\/\/tribunavm.com.ar\/index.php\/wp-json\/wp\/v2\/users\/2"}],"replies":[{"embeddable":true,"href":"https:\/\/tribunavm.com.ar\/index.php\/wp-json\/wp\/v2\/comments?post=10621"}],"version-history":[{"count":1,"href":"https:\/\/tribunavm.com.ar\/index.php\/wp-json\/wp\/v2\/posts\/10621\/revisions"}],"predecessor-version":[{"id":10624,"href":"https:\/\/tribunavm.com.ar\/index.php\/wp-json\/wp\/v2\/posts\/10621\/revisions\/10624"}],"wp:featuredmedia":[{"embeddable":true,"href":"https:\/\/tribunavm.com.ar\/index.php\/wp-json\/wp\/v2\/media\/10625"}],"wp:attachment":[{"href":"https:\/\/tribunavm.com.ar\/index.php\/wp-json\/wp\/v2\/media?parent=10621"}],"wp:term":[{"taxonomy":"category","embeddable":true,"href":"https:\/\/tribunavm.com.ar\/index.php\/wp-json\/wp\/v2\/categories?post=10621"},{"taxonomy":"post_tag","embeddable":true,"href":"https:\/\/tribunavm.com.ar\/index.php\/wp-json\/wp\/v2\/tags?post=10621"}],"curies":[{"name":"wp","href":"https:\/\/api.w.org\/{rel}","templated":true}]}}