{"id":10652,"date":"2024-04-22T02:42:21","date_gmt":"2024-04-22T02:42:21","guid":{"rendered":"https:\/\/tribunavm.com.ar\/?p=10652"},"modified":"2024-04-21T02:57:34","modified_gmt":"2024-04-21T02:57:34","slug":"el-programa-del-movimiento-obrero","status":"publish","type":"post","link":"https:\/\/tribunavm.com.ar\/index.php\/2024\/04\/22\/el-programa-del-movimiento-obrero\/","title":{"rendered":"El programa del movimiento obrero"},"content":{"rendered":"<div class=\"row clearfix\">\n<div class=\"col-md-8\">\n<p><span style=\"color: #212121; font-size: 1.5em; letter-spacing: -0.01em;\">La CGT present\u00f3 un programa para \u201cun nuevo contrato social\u201d poniendo en el centro del debate la orientaci\u00f3n que debe asumir el movimiento obrero en un contexto actual y su relaci\u00f3n con otros momentos hist\u00f3ricos.<\/span><\/p>\n<p><span style=\"font-weight: 400;\"><span class=\"dropcap \" style=\"background-color: #ffffff; color: #dd9933; border-color: #ffffff;\">L<\/span>a Confederaci\u00f3n General del Trabajo (CGT) present\u00f3 un documento titulado <\/span><a href=\"https:\/\/cgtoficial.org\/agenda-para-un-nuevo-contrato-social\/\"><span style=\"font-weight: 400;\">\u201cAgenda argentina para un nuevo contrato social. Hacia un pa\u00eds con desarrollo, producci\u00f3n y trabajo\u201d<\/span><\/a><span style=\"font-weight: 400;\"> al bloque de senadores de Uni\u00f3n por la Patria.<\/span><\/p>\n<p><span style=\"font-weight: 400;\">All\u00ed plantean la necesidad de <\/span><b>\u201cavanzar hacia una agenda de di\u00e1logo\u201d entre empresarios, gobierno y gremios <\/b><span style=\"font-weight: 400;\">para el abordaje de 17 puntos entre los que se encuentran: trabajo, educaci\u00f3n, salud, pol\u00edtica industrial, pol\u00edtica energ\u00e9tica, sistema financiero, reforma tributaria, entre otros.<\/span><\/p>\n<p><span style=\"font-weight: 400;\">Proponen combatir a la pobreza y la indigencia con \u201cpol\u00edticas p\u00fablicas profundas, con redes institucionales de inserci\u00f3n y contenci\u00f3n en territorio\u201d y con \u201cprogramas intensivos y progresivos\u201d.\u00a0<\/span><\/p>\n<p><span style=\"font-weight: 400;\">Adem\u00e1s, sugieren una <\/span><b>\u201cpol\u00edtica de Estado de Seguridad Interior para abordar el narco-crimen\u201d e incrementar el presupuesto a las fuerzas de seguridad para la \u201ccapacitaci\u00f3n y especializaci\u00f3n de los agentes\u201d<\/b><span style=\"font-weight: 400;\">.<\/span><\/p>\n<p><span style=\"font-weight: 400;\">Por \u00faltimo, comentan que es \u201cprioritaria una pol\u00edtica de vivienda\u201d donde el Estado garantice \u201cl\u00edneas de cr\u00e9dito con tasas de inter\u00e9s subsidiada\u201d. No se menciona en el documento la fijaci\u00f3n del Salario M\u00ednimo (SMVM), como as\u00ed tampoco algo relacionado a la deuda p\u00fablica.<\/span><\/p>\n<p><span style=\"font-weight: 400;\">Esta propuesta, en un contexto de una feroz avanzada sobre las condiciones de vida de los trabajadores del pa\u00eds y de cara a un nuevo 1\u00b0 de mayo, pone en el centro del debate la orientaci\u00f3n que debe asumir el movimiento obrero para cambiar esta situaci\u00f3n. Los programas de la central obrera a lo largo de la historia sirven hoy como referencia para ello.\u00a0<\/span><\/p>\n<p><span style=\"color: #ff9900;\"><b>Programas hist\u00f3ricos<\/b><\/span><\/p>\n<p><span style=\"font-weight: 400;\">Los programas obreros son documentos elaborados con el fin de hacer p\u00fablico la orientaci\u00f3n respecto a demandas y objetivos que la clase trabajadora propone para cada etapa o momento hist\u00f3rico. De ah\u00ed su relativa importancia en la actividad conjunta de todo el movimiento.<\/span><\/p>\n<blockquote class=\"pullquote align-right\"><p><span style=\"color: #ff9900;\"><strong>Ver: <a style=\"color: #ff9900;\" href=\"https:\/\/tribunavm.com.ar\/index.php\/2021\/09\/19\/trabajadores-y-estudiantes-juntos-y-adelante\/\">Trabajadores y estudiantes, \u00a1juntos y adelante!<\/a><\/strong><\/span><\/p><\/blockquote>\n<p><span style=\"font-weight: 400;\">En l\u00edneas generales, y a pesar de los cambios en la coyuntura pol\u00edtica, en las demandas sintetizadas en los programas obreros a lo largo del siglo XX se puede ver consignas con una continuidad que perdura hasta nuestros d\u00edas.<\/span><\/p>\n<p><span style=\"font-weight: 400;\">El 30 de noviembre de 1957, ante una dictadura impuesta por un feroz golpe militar y en medio de una encarnizada lucha en las f\u00e1bricas y barrios obreros, se realiz\u00f3 un plenario de delegados regionales de la CGT C\u00f3rdoba de Atilio Lopez en La Falda.<\/span><\/p>\n<figure id=\"attachment_10657\" aria-describedby=\"caption-attachment-10657\" style=\"width: 516px\" class=\"wp-caption alignnone\"><img loading=\"lazy\" decoding=\"async\" class=\"size-full wp-image-10657\" src=\"https:\/\/tribunavm.com.ar\/wp-content\/uploads\/2024\/04\/atilio-lopez.jpeg\" alt=\"\" width=\"516\" height=\"300\" srcset=\"https:\/\/tribunavm.com.ar\/wp-content\/uploads\/2024\/04\/atilio-lopez.jpeg 516w, https:\/\/tribunavm.com.ar\/wp-content\/uploads\/2024\/04\/atilio-lopez-300x174.jpeg 300w\" sizes=\"(max-width: 516px) 100vw, 516px\" \/><figcaption id=\"caption-attachment-10657\" class=\"wp-caption-text\">Atilio Lopez frente a un acto de la CGT, junto a Agust\u00edn Tosco.<\/figcaption><\/figure>\n<p><span style=\"font-weight: 400;\">All\u00ed definieron tres ejes centrales para la <\/span><b>\u201cindependencia econ\u00f3mica, la justicia social y la soberan\u00eda pol\u00edtica\u201d, <\/b><span style=\"font-weight: 400;\">donde se planteaba, entre otros puntos, <\/span><b>el \u201ccontrol estatal del comercio exterior\u201d, la \u201cliquidaci\u00f3n de los monopolios extranjeros\u201d, \u201caltos salarios\u201d, una reforma agraria y el \u201ccontrol obrero de la producci\u00f3n y distribuci\u00f3n de la riqueza nacional\u201d<\/b><span style=\"font-weight: 400;\">.<\/span><\/p>\n<p><span style=\"font-weight: 400;\">Adem\u00e1s, se propon\u00eda el \u201cfortalecimiento del estado nacional popular, tendiente a lograr la <\/span><b>destrucci\u00f3n de los sectores olig\u00e1rquicos antinacionales y sus aliados extranjeros<\/b><span style=\"font-weight: 400;\">, y teniendo presente que la clase trabajadora es la \u00fanica fuerza argentina que representa en sus intereses los anhelos del pa\u00eds mismo, a lo que agrega su unidad de planteamientos de lucha y fortaleza\u201d.<\/span><\/p>\n<p><span style=\"font-weight: 400;\">Cinco a\u00f1os despu\u00e9s, tambi\u00e9n en la provincia de C\u00f3rdoba, en Huerta Grande, se elabor\u00f3 el programa hist\u00f3rico conocido con el nombre de la localidad luego de un plenario de gremios pertenecientes a las \u201c62 Organizaciones\u201d, de Amado Olmos, y los llamados \u201cIndependientes\u201d.<\/span><\/p>\n<figure id=\"attachment_10655\" aria-describedby=\"caption-attachment-10655\" style=\"width: 420px\" class=\"wp-caption alignnone\"><img loading=\"lazy\" decoding=\"async\" class=\"size-full wp-image-10655\" src=\"https:\/\/tribunavm.com.ar\/wp-content\/uploads\/2024\/04\/amado-olmos.jpg\" alt=\"\" width=\"420\" height=\"444\" srcset=\"https:\/\/tribunavm.com.ar\/wp-content\/uploads\/2024\/04\/amado-olmos.jpg 420w, https:\/\/tribunavm.com.ar\/wp-content\/uploads\/2024\/04\/amado-olmos-284x300.jpg 284w\" sizes=\"(max-width: 420px) 100vw, 420px\" \/><figcaption id=\"caption-attachment-10655\" class=\"wp-caption-text\">Amado Olmos, secretario de la Federaci\u00f3n Argentina de Trabajadores de la Sanidad.<\/figcaption><\/figure>\n<p><span style=\"font-weight: 400;\">En ese momento plantearon <\/span><b>\u201cnacionalizar todos los bancos y establecer un sistema bancario estatal y centralizado\u201d, \u201cimplantar el control estatal sobre el comercio exterior\u201d, \u201cprohibir toda exportaci\u00f3n directa o indirecta de capitales\u201d, \u201cdesconocer los compromisos financieros del pa\u00eds, firmados a espaldas del pueblo\u201d, \u201cimplantar el control obrero sobre la producci\u00f3n\u201d, \u201cabolir el secreto comercial\u201d<\/b><span style=\"font-weight: 400;\">, entre otros.<\/span><\/p>\n<p><span style=\"font-weight: 400;\">El pr\u00f3ximo lo realizar\u00eda el 1\u00b0 de mayo de 1968 la CGT de los Argentinos, conducida por Raimundo Ongaro, donde tambi\u00e9n tuvo una activa participaci\u00f3n Rodolfo Walsh. En el plenario normalizador, bajo el nombre de \u201cAmado Olmos\u201d, se cuestion\u00f3 \u201cel fundamento mismo de esta sociedad: la compraventa del trabajo y la propiedad privada de los medios de producci\u00f3n\u201d.<\/span><\/p>\n<p><span style=\"font-weight: 400;\">\u201cLa estructura capitalista del pa\u00eds, fundada en la absoluta propiedad privada de los medios de producci\u00f3n, <\/span><b>no satisface sino que frustra las necesidades colectivas, no promueve sino que traba el desarrollo individual<\/b><span style=\"font-weight: 400;\">\u201d, comenta el documento.<\/span><\/p>\n<p><span style=\"font-weight: 400;\">En base a ello, retomaron los \u201cpronunciamientos ya hist\u00f3ricos de la clase obrera argentina\u201d, entre los que se encontraban:<\/span><b> \u201cla propiedad s\u00f3lo debe existir en funci\u00f3n social\u201d, \u201clos compromisos financieros firmados a espaldas del pueblo no pueden ser reconocidos\u201d, expulsi\u00f3n de los monopolios, reforma agraria<\/b><span style=\"font-weight: 400;\">, entre otros.<\/span><\/p>\n<figure id=\"attachment_10656\" aria-describedby=\"caption-attachment-10656\" style=\"width: 800px\" class=\"wp-caption alignnone\"><img loading=\"lazy\" decoding=\"async\" class=\"size-full wp-image-10656\" src=\"https:\/\/tribunavm.com.ar\/wp-content\/uploads\/2024\/04\/raimundo-ongaro.jpg\" alt=\"\" width=\"800\" height=\"450\" srcset=\"https:\/\/tribunavm.com.ar\/wp-content\/uploads\/2024\/04\/raimundo-ongaro.jpg 800w, https:\/\/tribunavm.com.ar\/wp-content\/uploads\/2024\/04\/raimundo-ongaro-300x169.jpg 300w, https:\/\/tribunavm.com.ar\/wp-content\/uploads\/2024\/04\/raimundo-ongaro-768x432.jpg 768w, https:\/\/tribunavm.com.ar\/wp-content\/uploads\/2024\/04\/raimundo-ongaro-750x422.jpg 750w\" sizes=\"(max-width: 800px) 100vw, 800px\" \/><figcaption id=\"caption-attachment-10656\" class=\"wp-caption-text\">Raimundo Ongaro, Secretario General de la Federaci\u00f3n Gr\u00e1fica Bonaerense.<\/figcaption><\/figure>\n<p><span style=\"font-weight: 400;\">\u201cLa CGT convoca en suma a todos los sectores, con la \u00fanica excepci\u00f3n de minor\u00edas entregadoras y dirigentes corrompidos, a movilizarse en los cuatro rincones del pa\u00eds para <\/span><b>combatir de frente al imperialismo, los monopolios y el hambre (&#8230;) solo el pueblo salvar\u00e1 al pueblo<\/b><span style=\"font-weight: 400;\">\u201d, concluyeron.<\/span><\/p>\n<p><span style=\"font-weight: 400;\">Dicho proceso de formaci\u00f3n culmin\u00f3 con la ofensiva militar que se propuso aniquilar el movimiento y sus consignas hist\u00f3ricas. Tal fue el planteo que Juan Alemann, secretario de Hacienda de la dictadura militar, asegur\u00f3 a la prensa en 1987 que<\/span><b> su objetivo principal \u201cera derrotar al movimiento sindical y desarticular a las organizaciones obreras\u201d.<\/b><\/p>\n<p><span style=\"font-weight: 400;\">Reci\u00e9n en 1986, con la CGT de Saul Ubaldini, se retomar\u00edan los lineamientos hist\u00f3ricos bajo el \u201cPrograma de los 26 puntos para la Uni\u00f3n Nacional\u201d donde se planteaba la <\/span><b>moratoria del pago de la deuda externa para reactivar la producci\u00f3n nacional, \u201cnacionalizaci\u00f3n de los dep\u00f3sitos bancarios\u201d, \u201cgarantizar en la pr\u00e1ctica los derechos del trabajador establecidos por la Constituci\u00f3n Nacional, as\u00ed como el funcionamiento de las convenciones colectivas de trabajo\u201d, \u201celevar el salario de los trabajadores y jubilados\u201d<\/b><span style=\"font-weight: 400;\">, entre otros.<\/span><\/p>\n<p><span style=\"color: #ff9900;\"><b>Programa y plan de lucha en la actualidad<\/b><\/span><\/p>\n<p><span style=\"font-weight: 400;\">Hace dos semanas, luego de la presentaci\u00f3n del documento, el Consejo Directivo de la CGT convoc\u00f3 a un paro nacional sin movilizaci\u00f3n para el pr\u00f3ximo 9 de mayo contra los despidos en el Estado, las medidas que atentan contra los derechos laborales y las pol\u00edticas econ\u00f3micas del Gobierno Nacional.<\/span><\/p>\n<p><span style=\"font-weight: 400;\">Adem\u00e1s, anunciaron la participaci\u00f3n de la central el 23 de abril en la &#8220;Gran Marcha Universitaria&#8221; y una movilizaci\u00f3n para el 1 de mayo por el D\u00eda del Trabajador hacia el Monumento al Trabajo.\u00a0<\/span><\/p>\n<blockquote class=\"pullquote align-center\"><p><i><span style=\"font-weight: 400;\">La necesidad de retomar en la pr\u00e1ctica las consignas hist\u00f3ricas del movimiento obrero como requisito esencial en la defensa de sus intereses.<\/span><\/i><\/p><\/blockquote>\n<p><span style=\"font-weight: 400;\">A pesar de la insistencia, Hector Daer, uno de los triunviros de la central, coment\u00f3 en una <\/span><a href=\"https:\/\/www.youtube.com\/watch?v=7i8mQj50MNo\"><span style=\"font-weight: 400;\">conferencia de prensa <\/span><\/a><span style=\"font-weight: 400;\">que la medida se decidi\u00f3 luego de que el Gobierno Nacional hiciera caso omiso a las peticiones realizadas en una reuni\u00f3n mantenida con funcionarios para \u201crecomponer el di\u00e1logo\u201d.<\/span><\/p>\n<p><span style=\"font-weight: 400;\">De esta manera se busca obstruir el escenario de lucha del movimiento obrero, que tiene su expresi\u00f3n en una creciente conflictividad en varios sectores del trabajo, bajo el paraguas de una \u201cagenda de di\u00e1logo\u201d. Sus resultados terminan siendo la p\u00e9rdida de poder adquisitivo de los trabajadores y la fuga de recursos producidos por ellos mismos, cuesti\u00f3n que vuelve a poner de relieve<\/span><b> la necesidad de retomar en la pr\u00e1ctica las consignas hist\u00f3ricas del movimiento obrero como requisito esencial en la defensa de sus intereses.<\/b><\/p>\n<\/div>\n<\/div>\n","protected":false},"excerpt":{"rendered":"<p>La CGT present\u00f3 un programa para \u201cun nuevo contrato social\u201d poniendo en el centro del debate la orientaci\u00f3n que debe asumir el movimiento obrero en un contexto actual y su relaci\u00f3n con otros momentos hist\u00f3ricos.<\/p>\n","protected":false},"author":2,"featured_media":10653,"comment_status":"open","ping_status":"open","sticky":false,"template":"","format":"standard","meta":{"_exactmetrics_skip_tracking":false,"_exactmetrics_sitenote_active":false,"_exactmetrics_sitenote_note":"","_exactmetrics_sitenote_category":0,"jnews-multi-image_gallery":[],"jnews_single_post":{"source_name":"","source_url":"","via_name":"","via_url":"","override_template":"0","override":[{"template":"1","single_blog_custom":"","parallax":"1","fullscreen":"1","layout":"right-sidebar","sidebar":"default-sidebar","second_sidebar":"default-sidebar","sticky_sidebar":"1","share_position":"top","share_float_style":"share-monocrhome","show_share_counter":"1","show_view_counter":"1","show_featured":"1","show_post_meta":"1","show_post_author":"1","show_post_author_image":"1","show_post_date":"1","post_date_format":"default","post_date_format_custom":"Y\/m\/d","show_post_category":"1","show_post_reading_time":"0","post_reading_time_wpm":"300","show_zoom_button":"0","zoom_button_out_step":"2","zoom_button_in_step":"3","show_post_tag":"1","show_prev_next_post":"1","show_popup_post":"1","number_popup_post":"1","show_author_box":"0","show_post_related":"0","show_inline_post_related":"0"}],"override_image_size":"0","image_override":[{"single_post_thumbnail_size":"crop-500","single_post_gallery_size":"crop-500"}],"trending_post":"0","trending_post_position":"meta","trending_post_label":"Trending","sponsored_post":"0","sponsored_post_label":"Sponsored by","sponsored_post_name":"","sponsored_post_url":"","sponsored_post_logo_enable":"0","sponsored_post_logo":"","sponsored_post_desc":""},"jnews_primary_category":{"id":""},"jnews_social_meta":{"fb_title":"","fb_description":"","fb_image":"","twitter_title":"","twitter_description":"","twitter_image":""},"jnews_override_counter":{"override_view_counter":"0","view_counter_number":"0","override_share_counter":"0","share_counter_number":"0","override_like_counter":"0","like_counter_number":"0","override_dislike_counter":"0","dislike_counter_number":"0"},"_joinchat":[],"footnotes":""},"categories":[23],"tags":[190,436,35],"class_list":["post-10652","post","type-post","status-publish","format-standard","has-post-thumbnail","hentry","category-analisis","tag-cgt","tag-edicion-129","tag-trabajadores"],"_links":{"self":[{"href":"https:\/\/tribunavm.com.ar\/index.php\/wp-json\/wp\/v2\/posts\/10652"}],"collection":[{"href":"https:\/\/tribunavm.com.ar\/index.php\/wp-json\/wp\/v2\/posts"}],"about":[{"href":"https:\/\/tribunavm.com.ar\/index.php\/wp-json\/wp\/v2\/types\/post"}],"author":[{"embeddable":true,"href":"https:\/\/tribunavm.com.ar\/index.php\/wp-json\/wp\/v2\/users\/2"}],"replies":[{"embeddable":true,"href":"https:\/\/tribunavm.com.ar\/index.php\/wp-json\/wp\/v2\/comments?post=10652"}],"version-history":[{"count":1,"href":"https:\/\/tribunavm.com.ar\/index.php\/wp-json\/wp\/v2\/posts\/10652\/revisions"}],"predecessor-version":[{"id":10659,"href":"https:\/\/tribunavm.com.ar\/index.php\/wp-json\/wp\/v2\/posts\/10652\/revisions\/10659"}],"wp:featuredmedia":[{"embeddable":true,"href":"https:\/\/tribunavm.com.ar\/index.php\/wp-json\/wp\/v2\/media\/10653"}],"wp:attachment":[{"href":"https:\/\/tribunavm.com.ar\/index.php\/wp-json\/wp\/v2\/media?parent=10652"}],"wp:term":[{"taxonomy":"category","embeddable":true,"href":"https:\/\/tribunavm.com.ar\/index.php\/wp-json\/wp\/v2\/categories?post=10652"},{"taxonomy":"post_tag","embeddable":true,"href":"https:\/\/tribunavm.com.ar\/index.php\/wp-json\/wp\/v2\/tags?post=10652"}],"curies":[{"name":"wp","href":"https:\/\/api.w.org\/{rel}","templated":true}]}}