{"id":10660,"date":"2024-04-22T02:57:42","date_gmt":"2024-04-22T02:57:42","guid":{"rendered":"https:\/\/tribunavm.com.ar\/?p=10660"},"modified":"2024-04-23T14:14:54","modified_gmt":"2024-04-23T14:14:54","slug":"el-pacto-de-la-entrega","status":"publish","type":"post","link":"https:\/\/tribunavm.com.ar\/index.php\/2024\/04\/22\/el-pacto-de-la-entrega\/","title":{"rendered":"El pacto de la entrega"},"content":{"rendered":"<div class=\"row clearfix\">\n<div class=\"col-md-8\">\n<p><span style=\"font-weight: 400;\"><span class=\"dropcap \" style=\"background-color: #ffffff; color: #dd9933; border-color: #ffffff;\">E<\/span>l pr\u00f3ximo 25 de mayo se sellar\u00e1 en C\u00f3rdoba la pol\u00edtica de los grupos de poder implementada en el pa\u00eds, que tiene como objetivo directo la subordinaci\u00f3n de los trabajadores a los intereses de las clases dominantes globales.<\/span><\/p>\n<p><span style=\"font-weight: 400;\">Entre los puntos de la convocatoria se prioriza la necesidad de avanzar sobre el \u00e1mbito laboral para desarticular la organizaci\u00f3n sindical reduciendo la negociaci\u00f3n colectiva a una por empresa. Y determina la necesidad de una \u201cmodernizaci\u00f3n\u201d garantizando las condiciones de competitividad a las empresas al reducir al m\u00ednimo el costo de la fuerza de trabajo.<\/span><\/p>\n<p><span style=\"font-weight: 400;\">Adem\u00e1s, se plante\u00f3 la reducci\u00f3n del gasto p\u00fablico que, seg\u00fan los datos de los \u00faltimos meses, tiene entre los principales perjudicados del ajuste a miles de jubilados que se encuentran en condiciones de pobreza.\u00a0<\/span><\/p>\n<p><span style=\"font-weight: 400;\">Incluye tambi\u00e9n una reforma previsional dando lugar a planteos ya anunciados por actores globales como el fondo de inversi\u00f3n BlackRock, que se especializa en hacerse de estos fondos a precios bajos garantizando extraordinarias ganancias a costa del saqueo a los trabajadores.<\/span><\/p>\n<p><span style=\"font-weight: 400;\">Tambi\u00e9n menciona el compromiso con las provincias para la explotaci\u00f3n de los recursos naturales convalidando la entrega al capital extranjero en miner\u00eda, hidrocarburos, litio, entre otros.<\/span><\/p>\n<p><span style=\"font-weight: 400;\">Escondidos en la defensa de la bandera nacional y recordando una fecha patria como el 25 de mayo buscan desplegar un programa que nos condene a una subordinaci\u00f3n prolongada en el tiempo.<\/span><\/p>\n<p><span style=\"font-weight: 400;\">Por ello, <\/span><b>los llamados a la movilizaci\u00f3n en cada localidad, ciudad y provincia en las pr\u00f3ximas semanas son el escenario para recomponer una posici\u00f3n de fuerza <\/b><span style=\"font-weight: 400;\">sin la cual llegaremos a mayo como \u201cespectadores\u201d o, a lo sumo, con una mirada \u201ccr\u00edtica\u201d, pero convalidando el saqueo directo al que seremos sumergidos.<\/span><\/p>\n<\/div>\n<\/div>\n","protected":false},"excerpt":{"rendered":"<p>E<br \/>\nl pr\u00f3ximo 25 de mayo se sellar\u00e1 en C\u00f3rdoba la pol\u00edtica de los grupos de poder implementada en el pa\u00eds, que tiene como objetivo directo la subordinaci\u00f3n de los trabajadores a los intereses de las clases dominantes globales.<\/p>\n","protected":false},"author":2,"featured_media":0,"comment_status":"open","ping_status":"open","sticky":false,"template":"","format":"standard","meta":{"_exactmetrics_skip_tracking":false,"_exactmetrics_sitenote_active":false,"_exactmetrics_sitenote_note":"","_exactmetrics_sitenote_category":0,"jnews-multi-image_gallery":[],"jnews_single_post":{"source_name":"","source_url":"","via_name":"","via_url":"","override_template":"0","override":[{"template":"1","single_blog_custom":"","parallax":"1","fullscreen":"1","layout":"right-sidebar","sidebar":"default-sidebar","second_sidebar":"default-sidebar","sticky_sidebar":"1","share_position":"top","share_float_style":"share-monocrhome","show_share_counter":"1","show_view_counter":"1","show_featured":"1","show_post_meta":"1","show_post_author":"1","show_post_author_image":"1","show_post_date":"1","post_date_format":"default","post_date_format_custom":"Y\/m\/d","show_post_category":"1","show_post_reading_time":"0","post_reading_time_wpm":"300","show_zoom_button":"0","zoom_button_out_step":"2","zoom_button_in_step":"3","show_post_tag":"1","show_prev_next_post":"1","show_popup_post":"1","number_popup_post":"1","show_author_box":"0","show_post_related":"0","show_inline_post_related":"0"}],"override_image_size":"0","image_override":[{"single_post_thumbnail_size":"crop-500","single_post_gallery_size":"crop-500"}],"trending_post":"0","trending_post_position":"meta","trending_post_label":"Trending","sponsored_post":"0","sponsored_post_label":"Sponsored by","sponsored_post_name":"","sponsored_post_url":"","sponsored_post_logo_enable":"0","sponsored_post_logo":"","sponsored_post_desc":""},"jnews_primary_category":{"id":""},"jnews_social_meta":{"fb_title":"","fb_description":"","fb_image":"","twitter_title":"","twitter_description":"","twitter_image":""},"jnews_override_counter":{"override_view_counter":"0","view_counter_number":"0","override_share_counter":"0","share_counter_number":"0","override_like_counter":"0","like_counter_number":"0","override_dislike_counter":"0","dislike_counter_number":"0"},"_joinchat":[],"footnotes":""},"categories":[26],"tags":[436,37],"class_list":["post-10660","post","type-post","status-publish","format-standard","hentry","category-editorial","tag-edicion-129","tag-editorial"],"_links":{"self":[{"href":"https:\/\/tribunavm.com.ar\/index.php\/wp-json\/wp\/v2\/posts\/10660"}],"collection":[{"href":"https:\/\/tribunavm.com.ar\/index.php\/wp-json\/wp\/v2\/posts"}],"about":[{"href":"https:\/\/tribunavm.com.ar\/index.php\/wp-json\/wp\/v2\/types\/post"}],"author":[{"embeddable":true,"href":"https:\/\/tribunavm.com.ar\/index.php\/wp-json\/wp\/v2\/users\/2"}],"replies":[{"embeddable":true,"href":"https:\/\/tribunavm.com.ar\/index.php\/wp-json\/wp\/v2\/comments?post=10660"}],"version-history":[{"count":3,"href":"https:\/\/tribunavm.com.ar\/index.php\/wp-json\/wp\/v2\/posts\/10660\/revisions"}],"predecessor-version":[{"id":10694,"href":"https:\/\/tribunavm.com.ar\/index.php\/wp-json\/wp\/v2\/posts\/10660\/revisions\/10694"}],"wp:attachment":[{"href":"https:\/\/tribunavm.com.ar\/index.php\/wp-json\/wp\/v2\/media?parent=10660"}],"wp:term":[{"taxonomy":"category","embeddable":true,"href":"https:\/\/tribunavm.com.ar\/index.php\/wp-json\/wp\/v2\/categories?post=10660"},{"taxonomy":"post_tag","embeddable":true,"href":"https:\/\/tribunavm.com.ar\/index.php\/wp-json\/wp\/v2\/tags?post=10660"}],"curies":[{"name":"wp","href":"https:\/\/api.w.org\/{rel}","templated":true}]}}