{"id":10745,"date":"2024-05-06T00:08:10","date_gmt":"2024-05-06T00:08:10","guid":{"rendered":"https:\/\/tribunavm.com.ar\/?p=10745"},"modified":"2024-05-06T12:15:16","modified_gmt":"2024-05-06T12:15:16","slug":"el-primero-de-mayo-se-vistio-de-lucha-en-latinoamerica","status":"publish","type":"post","link":"https:\/\/tribunavm.com.ar\/index.php\/2024\/05\/06\/el-primero-de-mayo-se-vistio-de-lucha-en-latinoamerica\/","title":{"rendered":"El primero de mayo se visti\u00f3 de lucha en Latinoam\u00e9rica"},"content":{"rendered":"<div class=\"row clearfix\">\n<div class=\"col-md-8\">\n<p><span style=\"color: #212121; font-size: 1.5em; letter-spacing: -0.01em;\">Se conmemor\u00f3 el D\u00eda Internacional del Trabajador a trav\u00e9s de movilizaciones para exigir mejoras laborales en las principales ciudades de Am\u00e9rica Latina.<\/span><\/p>\n<p><span style=\"font-weight: 400;\"><span class=\"dropcap \" style=\"background-color: #ffffff; color: #dd9933; border-color: #ffffff;\">B<\/span>ajo el marco conmemorativo, se realizaron en diferentes pa\u00edses movilizaciones que tuvieron como motivo el reclamo contra reformas laborales y mejoras salariales.\u00a0<\/span><\/p>\n<p><span style=\"font-weight: 400;\">En Brasil el acto m\u00e1s grande tuvo lugar en la ciudad de Sao Paulo. All\u00ed, el presidente Lula da Silva particip\u00f3 junto a las principales centrales obreras y abog\u00f3 por \u201cbajar la carga fiscal a quienes ganan menos&#8221;.\u00a0\u00a0<\/span><\/p>\n<p><span style=\"font-weight: 400;\">En Uruguay, con un acto masivo en Montevideo, la central sindical uruguaya, el PIT-CNT, pidi\u00f3 cambios profundos en la matriz productiva y \u201cde distribuci\u00f3n de la riqueza&#8221; del pa\u00eds.<\/span><\/p>\n<div class=\"jeg_video_container jeg_video_content\"><iframe loading=\"lazy\" title=\"Acto 1\u00ba de mayo, 2024 \u00b7 D\u00eda Internacional de las trabajadoras y los trabajadores\" width=\"500\" height=\"281\" src=\"https:\/\/www.youtube.com\/embed\/wb7ttqtv4d8?start=2217&#038;feature=oembed\" frameborder=\"0\" allow=\"accelerometer; autoplay; clipboard-write; encrypted-media; gyroscope; picture-in-picture; web-share\" referrerpolicy=\"strict-origin-when-cross-origin\" allowfullscreen><\/iframe><\/div>\n<p><span style=\"font-weight: 400;\">En Chile, miles de personas marcharon por el centro de Santiago, convocadas por la Central Unitaria de Trabajadores (CUT),\u00a0 exigiendo mejores salarios y pensiones dignas, entre otras demandas. Hubo enfrentamientos entre manifestantes y la polic\u00eda antidisturbios con varios detenidos.<\/span><\/p>\n<p><span style=\"font-weight: 400;\">En Ecuador, los principales sindicatos marcharon en Quito en una movilizaci\u00f3n donde celebraron el triunfo del &#8220;no&#8221; a la iniciativa votada en refer\u00e9ndum para permitir los contratos por horas y protestaron contra la pol\u00edtica econ\u00f3mica del presidente, Daniel Noboa.<\/span><\/p>\n<figure id=\"attachment_10746\" aria-describedby=\"caption-attachment-10746\" style=\"width: 750px\" class=\"wp-caption alignnone\"><img loading=\"lazy\" decoding=\"async\" class=\"size-jnews-750x536 wp-image-10746\" src=\"https:\/\/tribunavm.com.ar\/wp-content\/uploads\/2024\/05\/Peru-750x536.jpg\" alt=\"\" width=\"750\" height=\"536\" srcset=\"https:\/\/tribunavm.com.ar\/wp-content\/uploads\/2024\/05\/Peru-750x536.jpg 750w, https:\/\/tribunavm.com.ar\/wp-content\/uploads\/2024\/05\/Peru-120x86.jpg 120w, https:\/\/tribunavm.com.ar\/wp-content\/uploads\/2024\/05\/Peru-350x250.jpg 350w\" sizes=\"(max-width: 750px) 100vw, 750px\" \/><figcaption id=\"caption-attachment-10746\" class=\"wp-caption-text\">Ger\u00f3nimo L\u00f3pez, secretario general de la CGTP, rechaz\u00f3 el aumento salarial de los congresistas y reclam\u00f3 \u201cmejores salarios y pensiones\u201d enfatizando en la distribuci\u00f3n de la riqueza.<\/figcaption><\/figure>\n<p><span style=\"font-weight: 400;\">En Per\u00fa, la movilizaci\u00f3n convocada en Lima, por la central CGTP cont\u00f3 con la participaci\u00f3n de diversos sectores, incluyendo el movimiento estudiantil, representantes de gremios sindicales del sector p\u00fablico y privado, organizaciones sociales y partidos pol\u00edticos.<\/span><\/p>\n<p><span style=\"font-weight: 400;\">Desde Ciudad de M\u00e9xico, varias organizaciones sociales, trabajadores y sindicatos marcharon desde el Monumento a la Revoluci\u00f3n con destino al Z\u00f3calo capitalino. <\/span><span style=\"font-weight: 400;\">Familiares de los estudiantes desaparecidos de la Escuela Normal de Ayotzinapa se sumaron a la movilizaci\u00f3n y avanzaron de manera pac\u00edfica.<\/span><\/p>\n<p><span style=\"font-weight: 400;\">Adem\u00e1s tambi\u00e9n se dieron movilizaciones en M\u00e9xico, Cuba, Venezuela, Colombia y Puerto Rico.<\/span><\/p>\n<\/div>\n<\/div>\n","protected":false},"excerpt":{"rendered":"<p>Se conmemor\u00f3 el D\u00eda Internacional del Trabajador a trav\u00e9s de movilizaciones para exigir mejoras laborales en las principales ciudades de Am\u00e9rica Latina.<\/p>\n","protected":false},"author":2,"featured_media":10747,"comment_status":"open","ping_status":"open","sticky":false,"template":"","format":"standard","meta":{"_exactmetrics_skip_tracking":false,"_exactmetrics_sitenote_active":false,"_exactmetrics_sitenote_note":"","_exactmetrics_sitenote_category":0,"jnews-multi-image_gallery":[],"jnews_single_post":{"source_name":"","source_url":"","via_name":"","via_url":"","override_template":"0","override":[{"template":"1","single_blog_custom":"","parallax":"1","fullscreen":"1","layout":"right-sidebar","sidebar":"default-sidebar","second_sidebar":"default-sidebar","sticky_sidebar":"1","share_position":"top","share_float_style":"share-monocrhome","show_share_counter":"1","show_view_counter":"1","show_featured":"1","show_post_meta":"1","show_post_author":"1","show_post_author_image":"1","show_post_date":"1","post_date_format":"default","post_date_format_custom":"Y\/m\/d","show_post_category":"1","show_post_reading_time":"0","post_reading_time_wpm":"300","show_zoom_button":"0","zoom_button_out_step":"2","zoom_button_in_step":"3","show_post_tag":"1","show_prev_next_post":"1","show_popup_post":"1","number_popup_post":"1","show_author_box":"0","show_post_related":"0","show_inline_post_related":"0"}],"override_image_size":"0","image_override":[{"single_post_thumbnail_size":"crop-500","single_post_gallery_size":"crop-500"}],"trending_post":"0","trending_post_position":"meta","trending_post_label":"Trending","sponsored_post":"0","sponsored_post_label":"Sponsored by","sponsored_post_name":"","sponsored_post_url":"","sponsored_post_logo_enable":"0","sponsored_post_logo":"","sponsored_post_desc":""},"jnews_primary_category":{"id":""},"jnews_social_meta":{"fb_title":"","fb_description":"","fb_image":"","twitter_title":"","twitter_description":"","twitter_image":""},"jnews_override_counter":{"override_view_counter":"0","view_counter_number":"0","override_share_counter":"0","share_counter_number":"0","override_like_counter":"0","like_counter_number":"0","override_dislike_counter":"0","dislike_counter_number":"0"},"_joinchat":[],"footnotes":""},"categories":[277],"tags":[377,323,446,421,449,35,353],"class_list":["post-10745","post","type-post","status-publish","format-standard","has-post-thumbnail","hentry","category-latinoamerica","tag-brasil","tag-chile","tag-edicion-130","tag-mexico","tag-peru","tag-trabajadores","tag-uruguay"],"_links":{"self":[{"href":"https:\/\/tribunavm.com.ar\/index.php\/wp-json\/wp\/v2\/posts\/10745"}],"collection":[{"href":"https:\/\/tribunavm.com.ar\/index.php\/wp-json\/wp\/v2\/posts"}],"about":[{"href":"https:\/\/tribunavm.com.ar\/index.php\/wp-json\/wp\/v2\/types\/post"}],"author":[{"embeddable":true,"href":"https:\/\/tribunavm.com.ar\/index.php\/wp-json\/wp\/v2\/users\/2"}],"replies":[{"embeddable":true,"href":"https:\/\/tribunavm.com.ar\/index.php\/wp-json\/wp\/v2\/comments?post=10745"}],"version-history":[{"count":2,"href":"https:\/\/tribunavm.com.ar\/index.php\/wp-json\/wp\/v2\/posts\/10745\/revisions"}],"predecessor-version":[{"id":10749,"href":"https:\/\/tribunavm.com.ar\/index.php\/wp-json\/wp\/v2\/posts\/10745\/revisions\/10749"}],"wp:featuredmedia":[{"embeddable":true,"href":"https:\/\/tribunavm.com.ar\/index.php\/wp-json\/wp\/v2\/media\/10747"}],"wp:attachment":[{"href":"https:\/\/tribunavm.com.ar\/index.php\/wp-json\/wp\/v2\/media?parent=10745"}],"wp:term":[{"taxonomy":"category","embeddable":true,"href":"https:\/\/tribunavm.com.ar\/index.php\/wp-json\/wp\/v2\/categories?post=10745"},{"taxonomy":"post_tag","embeddable":true,"href":"https:\/\/tribunavm.com.ar\/index.php\/wp-json\/wp\/v2\/tags?post=10745"}],"curies":[{"name":"wp","href":"https:\/\/api.w.org\/{rel}","templated":true}]}}