{"id":10777,"date":"2024-05-06T00:08:46","date_gmt":"2024-05-06T00:08:46","guid":{"rendered":"https:\/\/tribunavm.com.ar\/?p=10777"},"modified":"2024-05-05T00:19:47","modified_gmt":"2024-05-05T00:19:47","slug":"caida-en-picada-del-poder-adquisitivo","status":"publish","type":"post","link":"https:\/\/tribunavm.com.ar\/index.php\/2024\/05\/06\/caida-en-picada-del-poder-adquisitivo\/","title":{"rendered":"Ca\u00edda en picada del poder adquisitivo"},"content":{"rendered":"<div class=\"row clearfix\">\n<div class=\"col-md-8\">\n<p><span style=\"color: #212121; font-size: 1.5em; letter-spacing: -0.01em;\">Los trabajadores registrados perdieron el 20% del salario equivalente a $300.000 mensuales.<\/span><\/p>\n<p><span style=\"font-weight: 400;\"><span class=\"dropcap \" style=\"background-color: #ffffff; color: #dd9933; border-color: #ffffff;\">E<\/span>l Mirador de la Actualidad Econ\u00f3mica (MATE) present\u00f3 su \u00faltimo informe sobre el salario en el sector privado arrojando que <\/span><b>la p\u00e9rdida salarial de los trabajadores registrados fue de $300.000 mensuales desde diciembre hasta abril<\/b><span style=\"font-weight: 400;\">.<\/span><\/p>\n<p><span style=\"font-weight: 400;\">Durante la presentaci\u00f3n, Marco Kofman, economista de la consultora, dijo que \u201cla <\/span><b>p\u00e9rdida del 20% del poder adquisitivo del salario<\/b><span style=\"font-weight: 400;\">, resultado de estos tres meses del gobierno de Milei, implica que de<\/span><b> 5 d\u00edas de la semana que trabajamos, uno lo hacemos gratis<\/b><span style=\"font-weight: 400;\">\u201d.\u00a0<\/span><\/p>\n<p><span style=\"font-weight: 400;\">Adem\u00e1s, coment\u00f3 que el promedio salarial cay\u00f3 por debajo de la l\u00ednea de pobreza. Por \u00faltimo, advirti\u00f3 que, desde diciembre de 2015 hasta la actualidad, <\/span><b>la p\u00e9rdida de ingresos acumulada por cada trabajador del sector privado signific\u00f3 13 millones de pesos en total.<\/b><\/p>\n<p><span style=\"color: #ff9900;\"><b>El salario cada vez m\u00e1s m\u00ednimo<\/b><\/span><\/p>\n<p><span style=\"font-weight: 400;\">En la reuni\u00f3n del Consejo del Salario, instancia entre empresarios, gremios y gobierno para definir el Salario M\u00ednimo, Vital y M\u00f3vil (SMVM), programada para el 30 de abril, no se lleg\u00f3 a un acuerdo. Por ello, el gobierno fij\u00f3 el nuevo monto por decreto, llev\u00e1ndolo a $221.000 en abril y $234.000 en mayo.<\/span><\/p>\n<p><span style=\"font-weight: 400;\">Los dirigentes de la CGT y de las dos CTA (Aut\u00f3noma y de los Trabajadores) hab\u00edan consensuado una propuesta \u00fanica para elevar <\/span><b>el piso salarial en abril a $377.600 y en mayo a $440.000, totalizando un incremento de 118%<\/b><span style=\"font-weight: 400;\">.<\/span><\/p>\n<figure id=\"attachment_10779\" aria-describedby=\"caption-attachment-10779\" style=\"width: 750px\" class=\"wp-caption alignnone\"><img loading=\"lazy\" decoding=\"async\" class=\"size-jnews-750x536 wp-image-10779\" src=\"https:\/\/tribunavm.com.ar\/wp-content\/uploads\/2024\/05\/FOTO-INTERIOR-REUNION-750x536.jpg\" alt=\"\" width=\"750\" height=\"536\" srcset=\"https:\/\/tribunavm.com.ar\/wp-content\/uploads\/2024\/05\/FOTO-INTERIOR-REUNION-750x536.jpg 750w, https:\/\/tribunavm.com.ar\/wp-content\/uploads\/2024\/05\/FOTO-INTERIOR-REUNION-120x86.jpg 120w, https:\/\/tribunavm.com.ar\/wp-content\/uploads\/2024\/05\/FOTO-INTERIOR-REUNION-350x250.jpg 350w, https:\/\/tribunavm.com.ar\/wp-content\/uploads\/2024\/05\/FOTO-INTERIOR-REUNION-1140x815.jpg 1140w\" sizes=\"(max-width: 750px) 100vw, 750px\" \/><figcaption id=\"caption-attachment-10779\" class=\"wp-caption-text\">Reuni\u00f3n del Consejo del Salario.<\/figcaption><\/figure>\n<blockquote class=\"pullquote align-right\"><p><span style=\"color: #ff9900;\"><strong>Ver: <\/strong><a style=\"color: #ff9900;\" href=\"https:\/\/tribunavm.com.ar\/index.php\/2024\/02\/19\/el-salario-a-la-deriva-del-mercado\/\"><span style=\"font-weight: 400;\">El salario a la deriva del mercado<\/span><\/a><\/span><\/p><\/blockquote>\n<p><span style=\"font-weight: 400;\">Sin embargo, <\/span><a href=\"https:\/\/ctaa.org.ar\/consejo-del-salario-otra-vez-el-gobierno-y-los-empresarios-acuerdan-un-final-bochornoso\/\"><span style=\"font-weight: 400;\"><span style=\"color: #ff9900;\">seg\u00fan la CTA Aut\u00f3noma<\/span><\/span><\/a><span style=\"font-weight: 400;\">, las autoridades de la Secretar\u00eda de Trabajo decidieron arbitrariamente levantar la negociaci\u00f3n a sabiendas de que el sector empresarial \u201cno estaba en condiciones de ganar la votaci\u00f3n\u201d.\u00a0<\/span><\/p>\n<p><span style=\"font-weight: 400;\">Al finalizar la reuni\u00f3n, el secretario general de la central, Hugo Godoy, se\u00f1al\u00f3 que \u201cel gobierno y empresarios de la UIA, CAME y Sociedad Rural se ponen de acuerdo para impedir el pleno funcionamiento del Consejo del Salario y obligan a un final bochornoso en el cual el Gobierno decidir\u00e1 una vez m\u00e1s por decreto y seguramente en contra de los intereses de los trabajadores\u201d.<\/span><\/p>\n<p><span style=\"font-weight: 400;\">Seg\u00fan un informe del Instituto de Estudios y Formaci\u00f3n (IEF) de la CTA Aut\u00f3noma, elaborado \u201c<\/span><a href=\"https:\/\/ctaa.org.ar\/wp-content\/uploads\/2024\/04\/Consejo-del-SMVM_Abril24_FINAL.pdf\"><span style=\"font-weight: 400;\">A prop\u00f3sito de la nueva convocatoria al Consejo del Salario M\u00ednimo<\/span><\/a><span style=\"font-weight: 400;\">\u201d, menciona que<\/span><b> el salario m\u00ednimo en marzo 2024 registr\u00f3 una p\u00e9rdida real del 27% comparado con el nivel previo a la asunci\u00f3n de Milei<\/b><span style=\"font-weight: 400;\">, <\/span><b>acumulando una ca\u00edda del 51% con relaci\u00f3n a diciembre 2015.<\/b><\/p>\n<\/div>\n<\/div>\n","protected":false},"excerpt":{"rendered":"<p>Los trabajadores registrados perdieron el 20% del salario equivalente a $300.000 mensuales.<\/p>\n","protected":false},"author":2,"featured_media":10778,"comment_status":"open","ping_status":"open","sticky":false,"template":"","format":"standard","meta":{"_exactmetrics_skip_tracking":false,"_exactmetrics_sitenote_active":false,"_exactmetrics_sitenote_note":"","_exactmetrics_sitenote_category":0,"jnews-multi-image_gallery":[],"jnews_single_post":{"source_name":"","source_url":"","via_name":"","via_url":"","override_template":"0","override":[{"template":"1","single_blog_custom":"","parallax":"1","fullscreen":"1","layout":"right-sidebar","sidebar":"default-sidebar","second_sidebar":"default-sidebar","sticky_sidebar":"1","share_position":"top","share_float_style":"share-monocrhome","show_share_counter":"1","show_view_counter":"1","show_featured":"1","show_post_meta":"1","show_post_author":"1","show_post_author_image":"1","show_post_date":"1","post_date_format":"default","post_date_format_custom":"Y\/m\/d","show_post_category":"1","show_post_reading_time":"0","post_reading_time_wpm":"300","show_zoom_button":"0","zoom_button_out_step":"2","zoom_button_in_step":"3","show_post_tag":"1","show_prev_next_post":"1","show_popup_post":"1","number_popup_post":"1","show_author_box":"0","show_post_related":"0","show_inline_post_related":"0"}],"override_image_size":"0","image_override":[{"single_post_thumbnail_size":"crop-500","single_post_gallery_size":"crop-500"}],"trending_post":"0","trending_post_position":"meta","trending_post_label":"Trending","sponsored_post":"0","sponsored_post_label":"Sponsored by","sponsored_post_name":"","sponsored_post_url":"","sponsored_post_logo_enable":"0","sponsored_post_logo":"","sponsored_post_desc":""},"jnews_primary_category":{"id":""},"jnews_social_meta":{"fb_title":"","fb_description":"","fb_image":"","twitter_title":"","twitter_description":"","twitter_image":""},"jnews_override_counter":{"override_view_counter":"0","view_counter_number":"0","override_share_counter":"0","share_counter_number":"0","override_like_counter":"0","like_counter_number":"0","override_dislike_counter":"0","dislike_counter_number":"0"},"_joinchat":[],"footnotes":""},"categories":[22],"tags":[190,225,334,446,39],"class_list":["post-10777","post","type-post","status-publish","format-standard","has-post-thumbnail","hentry","category-actualidad","tag-cgt","tag-ctaa","tag-ctat","tag-edicion-130","tag-gobierno"],"_links":{"self":[{"href":"https:\/\/tribunavm.com.ar\/index.php\/wp-json\/wp\/v2\/posts\/10777"}],"collection":[{"href":"https:\/\/tribunavm.com.ar\/index.php\/wp-json\/wp\/v2\/posts"}],"about":[{"href":"https:\/\/tribunavm.com.ar\/index.php\/wp-json\/wp\/v2\/types\/post"}],"author":[{"embeddable":true,"href":"https:\/\/tribunavm.com.ar\/index.php\/wp-json\/wp\/v2\/users\/2"}],"replies":[{"embeddable":true,"href":"https:\/\/tribunavm.com.ar\/index.php\/wp-json\/wp\/v2\/comments?post=10777"}],"version-history":[{"count":1,"href":"https:\/\/tribunavm.com.ar\/index.php\/wp-json\/wp\/v2\/posts\/10777\/revisions"}],"predecessor-version":[{"id":10780,"href":"https:\/\/tribunavm.com.ar\/index.php\/wp-json\/wp\/v2\/posts\/10777\/revisions\/10780"}],"wp:featuredmedia":[{"embeddable":true,"href":"https:\/\/tribunavm.com.ar\/index.php\/wp-json\/wp\/v2\/media\/10778"}],"wp:attachment":[{"href":"https:\/\/tribunavm.com.ar\/index.php\/wp-json\/wp\/v2\/media?parent=10777"}],"wp:term":[{"taxonomy":"category","embeddable":true,"href":"https:\/\/tribunavm.com.ar\/index.php\/wp-json\/wp\/v2\/categories?post=10777"},{"taxonomy":"post_tag","embeddable":true,"href":"https:\/\/tribunavm.com.ar\/index.php\/wp-json\/wp\/v2\/tags?post=10777"}],"curies":[{"name":"wp","href":"https:\/\/api.w.org\/{rel}","templated":true}]}}