{"id":10785,"date":"2024-05-06T00:26:30","date_gmt":"2024-05-06T00:26:30","guid":{"rendered":"https:\/\/tribunavm.com.ar\/?p=10785"},"modified":"2024-05-05T00:31:19","modified_gmt":"2024-05-05T00:31:19","slug":"posicionamientos-empresarios-sobre-la-ley-bases","status":"publish","type":"post","link":"https:\/\/tribunavm.com.ar\/index.php\/2024\/05\/06\/posicionamientos-empresarios-sobre-la-ley-bases\/","title":{"rendered":"Posicionamientos empresarios sobre la Ley Bases"},"content":{"rendered":"<div class=\"row clearfix\">\n<div class=\"col-md-8\">\n<p><span style=\"color: #212121; font-size: 1.5em; letter-spacing: -0.01em;\">Algunas de las principales entidades empresarias se expresaron respecto a las reformas aprobadas en el Congreso.<\/span><\/p>\n<p><span style=\"font-weight: 400;\"><span class=\"dropcap \" style=\"background-color: #ffffff; color: #dd9933; border-color: #ffffff;\">U<\/span>na de las c\u00e1maras empresarias que m\u00e1s apoyo viene otorgando al gobierno es la C\u00e1mara de Comercio de Estados Unidos en Argentina (AmCham) quien <\/span><a href=\"https:\/\/institucional.amcham.com.ar\/2024\/04\/26\/la-reforma-laboral-un-elemento-determinante-para-una-argentina-viable\/14672\/\"><span style=\"font-weight: 400;\">a trav\u00e9s de un comunicado<\/span><\/a><span style=\"font-weight: 400;\"> expres\u00f3 su acompa\u00f1amiento a la Ley de Bases.\u00a0<\/span><\/p>\n<p><span style=\"font-weight: 400;\">&#8220;<\/span><span style=\"font-weight: 400;\">Estamos convencidos que la necesidad de modernizar las leyes laborales en Argentina representa un requisito excluyente para los desaf\u00edos que enfrentamos. <\/span><span style=\"font-weight: 400;\">Una reforma laboral bien dise\u00f1ada, sin dudas, puede contribuir significativamente a reducir la informalidad en el mercado laboral, el incremento de los \u00edndices de empleabilidad, la atracci\u00f3n de inversiones y a la mejora de nuestra productividad&#8221;, indica el comunicado.\u00a0<\/span><\/p>\n<p><span style=\"font-weight: 400;\">Por su parte, desde la Uni\u00f3n Industrial Argentina (UIA), hab\u00edan expresado antes de la votaci\u00f3n que el r\u00e9gimen de grandes inversiones (RIGI) &#8220;coloca a los proveedores locales en una situaci\u00f3n de desventaja frente a los productos importados<\/span><span style=\"font-weight: 400;\">, toda vez que la importaci\u00f3n no paga aranceles de ning\u00fan tipo mientras que los proveedores nacionales deben cumplir con todas sus obligaciones en materia arancelaria e impositivas<\/span><span style=\"font-weight: 400;\">&#8220;.<\/span><\/p>\n<p><span style=\"font-weight: 400;\">En esa l\u00ednea se sum\u00f3 la Asociaci\u00f3n de Industriales Metal\u00fargicos de la Rep\u00fablica Argentina (Adimra) al se\u00f1alar que \u201csi el producto en Estados Unidos vale un mill\u00f3n de d\u00f3lares y en la Argentina vale lo mismo, al que lo compra le saldr\u00eda un 30% menos comprarlo afuera; no estamos hablando de competitividad, estamos hablando de incentivos\u201d. El RIGI \u201cpodr\u00eda generar una competencia desleal con la industria preexistente\u201d, se\u00f1alaron los metal\u00fargicos.<\/span><\/p>\n<figure id=\"attachment_10786\" aria-describedby=\"caption-attachment-10786\" style=\"width: 750px\" class=\"wp-caption alignnone\"><img loading=\"lazy\" decoding=\"async\" class=\"size-jnews-750x536 wp-image-10786\" src=\"https:\/\/tribunavm.com.ar\/wp-content\/uploads\/2024\/05\/metalurgicos-750x536.jpg\" alt=\"\" width=\"750\" height=\"536\" srcset=\"https:\/\/tribunavm.com.ar\/wp-content\/uploads\/2024\/05\/metalurgicos-750x536.jpg 750w, https:\/\/tribunavm.com.ar\/wp-content\/uploads\/2024\/05\/metalurgicos-120x86.jpg 120w, https:\/\/tribunavm.com.ar\/wp-content\/uploads\/2024\/05\/metalurgicos-350x250.jpg 350w\" sizes=\"(max-width: 750px) 100vw, 750px\" \/><figcaption id=\"caption-attachment-10786\" class=\"wp-caption-text\">ADIMRA envi\u00f3 el lunes 22 una carta al ministro de Econom\u00eda, Luis Caputo, y a las autoridades parlamentarias, para advertirles sobre el impacto que tendr\u00eda en el sector la aprobaci\u00f3n del R\u00e9gimen.<\/figcaption><\/figure>\n<p><span style=\"font-weight: 400;\">Javier Rosato de Industriales Pymes Argentinos consider\u00f3 que <\/span><b>hoy en d\u00eda \u201chay objetivos en com\u00fan con la CGT, <\/b><span style=\"font-weight: 400;\">porque queremos evitar el cierre de f\u00e1bricas, porque dentro de seis meses la situaci\u00f3n va a ser dram\u00e1tica\u201d. Remarc\u00f3 que<\/span><b> ir\u00e1n \u201cjunto a la CGT a pedirle al Gobierno nacional y al Congreso para que los legisladores trabajen pensando en la gente y que no les importe su quintita\u201d<\/b><span style=\"font-weight: 400;\">.\u00a0\u00a0<\/span><\/p>\n<p><span style=\"font-weight: 400;\">Desde el agro sumaron su apoyo dirigentes de la Mesa de Enlace, como Nicol\u00e1s Pino, presidente de la Sociedad Rural Argentina (SRA). \u201cPara el sector no son grandes los cambios, pero s\u00ed necesitamos una macroeconom\u00eda estable que fije reglas de juego para que las cosas no cambien todo el tiempo\u201d, indic\u00f3 Pino.<\/span><\/p>\n<p><span style=\"font-weight: 400;\">Carlos Castagnani, presidente de Confederaciones Rurales Argentinas (CRA) dijo que esto <\/span><b>es \u201cel inicio para que todas las fuerzas pol\u00edticas lleguen a un consenso, por lo menos en las leyes principales, y este puede ser el inicio del camino para que podamos estar todos juntos en el Pacto de Mayo<\/b><span style=\"font-weight: 400;\">\u201d<\/span><b>.<\/b><\/p>\n<\/div>\n<\/div>\n","protected":false},"excerpt":{"rendered":"<p>Algunas de las principales entidades empresarias se expresaron respecto a las reformas aprobadas en el Congreso.<\/p>\n","protected":false},"author":2,"featured_media":10787,"comment_status":"open","ping_status":"open","sticky":false,"template":"","format":"standard","meta":{"_exactmetrics_skip_tracking":false,"_exactmetrics_sitenote_active":false,"_exactmetrics_sitenote_note":"","_exactmetrics_sitenote_category":0,"jnews-multi-image_gallery":[],"jnews_single_post":{"source_name":"","source_url":"","via_name":"","via_url":"","override_template":"0","override":[{"template":"1","single_blog_custom":"","parallax":"1","fullscreen":"1","layout":"right-sidebar","sidebar":"default-sidebar","second_sidebar":"default-sidebar","sticky_sidebar":"1","share_position":"top","share_float_style":"share-monocrhome","show_share_counter":"1","show_view_counter":"1","show_featured":"1","show_post_meta":"1","show_post_author":"1","show_post_author_image":"1","show_post_date":"1","post_date_format":"default","post_date_format_custom":"Y\/m\/d","show_post_category":"1","show_post_reading_time":"0","post_reading_time_wpm":"300","show_zoom_button":"0","zoom_button_out_step":"2","zoom_button_in_step":"3","show_post_tag":"1","show_prev_next_post":"1","show_popup_post":"1","number_popup_post":"1","show_author_box":"0","show_post_related":"0","show_inline_post_related":"0"}],"override_image_size":"0","image_override":[{"single_post_thumbnail_size":"crop-500","single_post_gallery_size":"crop-500"}],"trending_post":"0","trending_post_position":"meta","trending_post_label":"Trending","sponsored_post":"0","sponsored_post_label":"Sponsored by","sponsored_post_name":"","sponsored_post_url":"","sponsored_post_logo_enable":"0","sponsored_post_logo":"","sponsored_post_desc":""},"jnews_primary_category":{"id":""},"jnews_social_meta":{"fb_title":"","fb_description":"","fb_image":"","twitter_title":"","twitter_description":"","twitter_image":""},"jnews_override_counter":{"override_view_counter":"0","view_counter_number":"0","override_share_counter":"0","share_counter_number":"0","override_like_counter":"0","like_counter_number":"0","override_dislike_counter":"0","dislike_counter_number":"0"},"_joinchat":[],"footnotes":""},"categories":[278],"tags":[452,332,453,446,42,454,333],"class_list":["post-10785","post","type-post","status-publish","format-standard","has-post-thumbnail","hentry","category-economia","tag-adimra","tag-camara-de-comercio-de-estados-unidos-en-argentina-amcham","tag-confederaciones-rurales-argentinas-cra","tag-edicion-130","tag-industria","tag-sociedad-rural-argentina-sra","tag-union-industrial-argentina-uia"],"_links":{"self":[{"href":"https:\/\/tribunavm.com.ar\/index.php\/wp-json\/wp\/v2\/posts\/10785"}],"collection":[{"href":"https:\/\/tribunavm.com.ar\/index.php\/wp-json\/wp\/v2\/posts"}],"about":[{"href":"https:\/\/tribunavm.com.ar\/index.php\/wp-json\/wp\/v2\/types\/post"}],"author":[{"embeddable":true,"href":"https:\/\/tribunavm.com.ar\/index.php\/wp-json\/wp\/v2\/users\/2"}],"replies":[{"embeddable":true,"href":"https:\/\/tribunavm.com.ar\/index.php\/wp-json\/wp\/v2\/comments?post=10785"}],"version-history":[{"count":1,"href":"https:\/\/tribunavm.com.ar\/index.php\/wp-json\/wp\/v2\/posts\/10785\/revisions"}],"predecessor-version":[{"id":10788,"href":"https:\/\/tribunavm.com.ar\/index.php\/wp-json\/wp\/v2\/posts\/10785\/revisions\/10788"}],"wp:featuredmedia":[{"embeddable":true,"href":"https:\/\/tribunavm.com.ar\/index.php\/wp-json\/wp\/v2\/media\/10787"}],"wp:attachment":[{"href":"https:\/\/tribunavm.com.ar\/index.php\/wp-json\/wp\/v2\/media?parent=10785"}],"wp:term":[{"taxonomy":"category","embeddable":true,"href":"https:\/\/tribunavm.com.ar\/index.php\/wp-json\/wp\/v2\/categories?post=10785"},{"taxonomy":"post_tag","embeddable":true,"href":"https:\/\/tribunavm.com.ar\/index.php\/wp-json\/wp\/v2\/tags?post=10785"}],"curies":[{"name":"wp","href":"https:\/\/api.w.org\/{rel}","templated":true}]}}