{"id":10821,"date":"2024-05-09T21:50:42","date_gmt":"2024-05-09T21:50:42","guid":{"rendered":"https:\/\/tribunavm.com.ar\/?p=10821"},"modified":"2024-05-09T21:51:49","modified_gmt":"2024-05-09T21:51:49","slug":"segundo-paro-general-de-la-cgt","status":"publish","type":"post","link":"https:\/\/tribunavm.com.ar\/index.php\/2024\/05\/09\/segundo-paro-general-de-la-cgt\/","title":{"rendered":"Segundo paro general de la CGT"},"content":{"rendered":"<div class=\"row clearfix\">\n<div class=\"col-md-8\">\n<p><span style=\"color: #212121; font-size: 1.5em; letter-spacing: -0.01em;\">A nivel nacional, la medida impact\u00f3 en el funcionamiento del transporte, bancos, entidades estatales, sectores de la industria y colegios. En Villa Maria se realiz\u00f3 adem\u00e1s una concentraci\u00f3n.<\/span><\/p>\n<p><span style=\"font-weight: 400;\"><span class=\"dropcap \" style=\"background-color: #ffffff; color: #dd9933; border-color: #ffffff;\">E<\/span>l d\u00eda de hoy se concret\u00f3 el segundo paro general de la Confederaci\u00f3n General de Trabajadores (CGT) en el a\u00f1o. Ayer, en un comunicado conjunto, la CGT, la CTA Aut\u00f3noma y la CTA de los Trabajadores, denunciaron que el Gobierno Nacional promueve \u201cla quita de derechos laborales y sociales que redefinen el rol del estado\u201d y que se est\u00e1 \u201csufriendo un ajuste brutal, especialmente los sectores de menores ingresos\u201d.<\/span><\/p>\n<p><span style=\"font-weight: 400;\">La medida fue acompa\u00f1ada en Villa Maria en horas de la ma\u00f1ana de una concentraci\u00f3n convocada por la Asociaci\u00f3n de Trabajadores del Estado (ATE), la Multisectorial de Villa Mar\u00eda, la Asamblea Permanente por los Derechos Humanos (APDH) y los centros de estudiantes de la UNVM. <\/span><\/p>\n<p><span style=\"font-weight: 400;\">Se hicieron presentes integrantes del CISPREN, el Centro de Empleados de Comercio (CEC), Asociaci\u00f3n Bancaria, CTA, Uni\u00f3n de Trabajadores del Turismo, Hoteleros y Gastron\u00f3micos de la Rep\u00fablica Argentina (UTHGRA) y trabajadores de Anses.<\/span><\/p>\n<p><span style=\"font-weight: 400;\">Ulises Anil, integrante del centro de estudiantes del Instituto de Sociales de la UNVM, El Aluvi\u00f3n, declar\u00f3: \u201cAdem\u00e1s de ser estudiantes tambi\u00e9n somos trabajadores y m\u00e1s del 50% hoy tenemos un trabajo con un sueldo que no alcanza\u201d. En ese marco, Anil denunci\u00f3 \u201cuna constante vulnerabilidad impulsada por la pol\u00edtica de este gobierno que va en contra de los trabajadores\u201d.<\/span><\/p>\n<p><span style=\"font-weight: 400;\">H\u00e9ctor Daer, co-secretario general de la CGT, en una conferencia de prensa brindada en la sede de la central, dijo que se trata de un \u201cllamado de atenci\u00f3n a las autoridades para encontrar un rumbo que rectifique el da\u00f1o social que genera las medidas que est\u00e1n tomando&#8221;. &#8220;El Gobierno tiene que tomar nota de lo que significa para reconfigurar su pol\u00edtica de ajuste que nos est\u00e1 llevando a extremos. Lejos de ser sustentable, nos est\u00e1 llevando a extremos a muchos sectores de la ciudadan\u00eda\u201d, a\u00f1adi\u00f3 Daer.<\/span><\/p>\n<blockquote class=\"twitter-tweet\">\n<p dir=\"ltr\" lang=\"es\">Nota de color&#8230;<br \/>\n\u00bfSaben c\u00f3mo se dice Fara\u00f3n en hebreo?<br \/>\nLes cuento&#8230;<br \/>\nPARO<br \/>\nA buen entendedor pocas palabras bastan&#8230;<br \/>\nVIVA LA LIBERTAD CARAJO<\/p>\n<p>\u2014 Javier Milei (@JMilei) <a href=\"https:\/\/twitter.com\/JMilei\/status\/1788567354118422792?ref_src=twsrc%5Etfw\">May 9, 2024<\/a><\/p><\/blockquote>\n<p><script async src=\"https:\/\/platform.twitter.com\/widgets.js\" charset=\"utf-8\"><\/script>Por su parte, el presidente Javier Milei, se limito a escribir a traves de X: &#8220;Nota de color&#8230; \u00bfSaben c\u00f3mo se dice Fara\u00f3n en hebreo? Les cuento&#8230; PARO. A buen entendedor pocas palabras bastan&#8230;&#8221;. A su vez, la ministra de Seguridad, Patricia Bullrich, defini\u00f3 la medida como \u201cel paro de la debilidad\u201d.<\/p>\n<p><span style=\"font-weight: 400;\">Por otro lado, el sector empresario expres\u00f3 su repudio a la medida. Como por ejemplo, la C\u00e1mara de Comercio de Estados Unidos en la Argentina (Amcham), que estim\u00f3 las p\u00e9rdidas por el paro en $1500 millones de d\u00f3lares. \u201c\u00bfQui\u00e9n querr\u00e1 invertir en un pa\u00eds donde la conflictividad laboral es moneda corriente? Debemos ser conscientes de que nuestras acciones tienen repercusiones m\u00e1s all\u00e1 de nuestras fronteras y esto env\u00eda una se\u00f1al negativa a los inversores extranjeros\u201d, a\u00f1adi\u00f3 Amcham, en un <\/span><a href=\"https:\/\/institucional.amcham.com.ar\/2024\/05\/08\/nuestras-acciones-deben-estar-alineadas-con-la-situacion-social-yeconomica-de-la-argentina\/14738\/\"><span style=\"font-weight: 400;\">comunicado<\/span><\/a><span style=\"font-weight: 400;\">.<\/span><\/p>\n<\/div>\n<\/div>\n","protected":false},"excerpt":{"rendered":"<p>A nivel nacional, la medida impact\u00f3 en el funcionamiento del transporte, bancos, entidades estatales, sectores de la industria y colegios. En Villa Maria se realiz\u00f3 adem\u00e1s una concentraci\u00f3n.<\/p>\n","protected":false},"author":2,"featured_media":10822,"comment_status":"open","ping_status":"open","sticky":false,"template":"","format":"standard","meta":{"_exactmetrics_skip_tracking":false,"_exactmetrics_sitenote_active":false,"_exactmetrics_sitenote_note":"","_exactmetrics_sitenote_category":0,"jnews-multi-image_gallery":[],"jnews_single_post":{"source_name":"","source_url":"","via_name":"","via_url":"","override_template":"0","override":[{"template":"1","single_blog_custom":"","parallax":"1","fullscreen":"1","layout":"right-sidebar","sidebar":"default-sidebar","second_sidebar":"default-sidebar","sticky_sidebar":"1","share_position":"top","share_float_style":"share-monocrhome","show_share_counter":"1","show_view_counter":"1","show_featured":"1","show_post_meta":"1","show_post_author":"1","show_post_author_image":"1","show_post_date":"1","post_date_format":"default","post_date_format_custom":"Y\/m\/d","show_post_category":"1","show_post_reading_time":"0","post_reading_time_wpm":"300","show_zoom_button":"0","zoom_button_out_step":"2","zoom_button_in_step":"3","show_post_tag":"1","show_prev_next_post":"1","show_popup_post":"1","number_popup_post":"1","show_author_box":"0","show_post_related":"0","show_inline_post_related":"0"}],"override_image_size":"0","image_override":[{"single_post_thumbnail_size":"crop-500","single_post_gallery_size":"crop-500"}],"trending_post":"0","trending_post_position":"meta","trending_post_label":"Trending","sponsored_post":"0","sponsored_post_label":"Sponsored by","sponsored_post_name":"","sponsored_post_url":"","sponsored_post_logo_enable":"0","sponsored_post_logo":"","sponsored_post_desc":""},"jnews_primary_category":{"id":""},"jnews_social_meta":{"fb_title":"","fb_description":"","fb_image":"","twitter_title":"","twitter_description":"","twitter_image":""},"jnews_override_counter":{"override_view_counter":"0","view_counter_number":"0","override_share_counter":"0","share_counter_number":"0","override_like_counter":"0","like_counter_number":"0","override_dislike_counter":"0","dislike_counter_number":"0"},"_joinchat":[],"footnotes":""},"categories":[27,22],"tags":[324,332,55,190,223,225,334,78,35],"class_list":["post-10821","post","type-post","status-publish","format-standard","has-post-thumbnail","hentry","category-local","category-actualidad","tag-ate","tag-camara-de-comercio-de-estados-unidos-en-argentina-amcham","tag-cec","tag-cgt","tag-cispren","tag-ctaa","tag-ctat","tag-estudiantes","tag-trabajadores"],"_links":{"self":[{"href":"https:\/\/tribunavm.com.ar\/index.php\/wp-json\/wp\/v2\/posts\/10821"}],"collection":[{"href":"https:\/\/tribunavm.com.ar\/index.php\/wp-json\/wp\/v2\/posts"}],"about":[{"href":"https:\/\/tribunavm.com.ar\/index.php\/wp-json\/wp\/v2\/types\/post"}],"author":[{"embeddable":true,"href":"https:\/\/tribunavm.com.ar\/index.php\/wp-json\/wp\/v2\/users\/2"}],"replies":[{"embeddable":true,"href":"https:\/\/tribunavm.com.ar\/index.php\/wp-json\/wp\/v2\/comments?post=10821"}],"version-history":[{"count":3,"href":"https:\/\/tribunavm.com.ar\/index.php\/wp-json\/wp\/v2\/posts\/10821\/revisions"}],"predecessor-version":[{"id":10825,"href":"https:\/\/tribunavm.com.ar\/index.php\/wp-json\/wp\/v2\/posts\/10821\/revisions\/10825"}],"wp:featuredmedia":[{"embeddable":true,"href":"https:\/\/tribunavm.com.ar\/index.php\/wp-json\/wp\/v2\/media\/10822"}],"wp:attachment":[{"href":"https:\/\/tribunavm.com.ar\/index.php\/wp-json\/wp\/v2\/media?parent=10821"}],"wp:term":[{"taxonomy":"category","embeddable":true,"href":"https:\/\/tribunavm.com.ar\/index.php\/wp-json\/wp\/v2\/categories?post=10821"},{"taxonomy":"post_tag","embeddable":true,"href":"https:\/\/tribunavm.com.ar\/index.php\/wp-json\/wp\/v2\/tags?post=10821"}],"curies":[{"name":"wp","href":"https:\/\/api.w.org\/{rel}","templated":true}]}}