{"id":10857,"date":"2024-05-20T01:02:13","date_gmt":"2024-05-20T01:02:13","guid":{"rendered":"https:\/\/tribunavm.com.ar\/?p=10857"},"modified":"2024-05-19T01:08:01","modified_gmt":"2024-05-19T01:08:01","slug":"estatales-contra-el-pacto","status":"publish","type":"post","link":"https:\/\/tribunavm.com.ar\/index.php\/2024\/05\/20\/estatales-contra-el-pacto\/","title":{"rendered":"Estatales contra el Pacto"},"content":{"rendered":"<div class=\"row clearfix\">\n<div class=\"col-md-8\">\n<div class=\"intro-text\">\n<p><span style=\"font-weight: 400;\">\u201cLos gobernadores que firmen el Pacto de Mayo van a ser c\u00f3mplices de un programa econ\u00f3mico que nos est\u00e1 destruyendo\u201d, dijo el secretario general de ATE frente al edificio de Techint.<\/span><\/p>\n<\/div>\n<p><span style=\"font-weight: 400;\"><span class=\"dropcap \" style=\"background-color: #ffffff; color: #dd9933; border-color: #ffffff;\">E<\/span>l jueves 16 la Asociaci\u00f3n de Trabajadores del Estado (ATE) realiz\u00f3 una <\/span><span style=\"color: #ff9900;\"><a style=\"color: #ff9900;\" href=\"https:\/\/ate.org.ar\/240516-techint\/\"><span style=\"font-weight: 400;\">movilizaci\u00f3n<\/span><\/a><\/span><span style=\"font-weight: 400;\"> en la ciudad de Buenos Aires desde la Secretaria de Trabajo hasta las oficinas centrales de la empresa Techint. \u201c<\/span><b>En esas empresas est\u00e1n los que redactaron el DNU y escribieron la Ley Bases<\/b><span style=\"font-weight: 400;\">\u201d indic\u00f3 Rodolfo Aguiar, secretario general del sindicato.\u00a0<\/span><\/p>\n<p><span style=\"font-weight: 400;\">Adem\u00e1s, apunt\u00f3 contra Paolo Rocca, CEO de la empresa, porque \u201cno s\u00f3lo design\u00f3 a la m\u00e1xima autoridad de Trabajo en la Argentina para asegurarse una reforma laboral absolutamente regresiva (&#8230;) sino que tambi\u00e9n aport\u00f3 varios funcionarios al resto del gabinete nacional\u201d.<\/span><\/p>\n<p><span style=\"font-weight: 400;\">La medida, definida en un <\/span><span style=\"color: #ff9900;\"><a style=\"color: #ff9900;\" href=\"https:\/\/ate.org.ar\/240513-plenario-movilizacion-techint\/\"><span style=\"font-weight: 400;\">plenario federal<\/span><\/a><\/span><span style=\"font-weight: 400;\"> que cont\u00f3 con la presencia de m\u00e1s de 1000 delegados de todo el pa\u00eds, es parte de un <\/span><b>plan de lucha que concluir\u00e1 con una movilizaci\u00f3n en la ciudad de C\u00f3rdoba, \u201cel d\u00eda que los gobernadores intenten firmar el \u2018Pacto de la Entrega\u2019<\/b><span style=\"font-weight: 400;\">\u201d, comentaron.<\/span><\/p>\n<p><span style=\"font-weight: 400;\">Adem\u00e1s se propuso firmar un contrapacto llamado \u2018Pacto en Defensa de la Patria&#8217;, elaborar un programa propio de los trabajadores e impulsar un paro de 36 horas junto a las tres centrales sindicales (CTA-A, CTA-T y CGT).<\/span><\/p>\n<p><span style=\"color: #ff9900;\"><b>En C\u00f3rdoba<\/b><\/span><\/p>\n<figure id=\"attachment_10858\" aria-describedby=\"caption-attachment-10858\" style=\"width: 1024px\" class=\"wp-caption alignnone\"><img loading=\"lazy\" decoding=\"async\" class=\"size-full wp-image-10858\" src=\"https:\/\/tribunavm.com.ar\/wp-content\/uploads\/2024\/05\/MOVIDA-EN-CORDOBA-ATE.jpg\" alt=\"\" width=\"1024\" height=\"578\" srcset=\"https:\/\/tribunavm.com.ar\/wp-content\/uploads\/2024\/05\/MOVIDA-EN-CORDOBA-ATE.jpg 1024w, https:\/\/tribunavm.com.ar\/wp-content\/uploads\/2024\/05\/MOVIDA-EN-CORDOBA-ATE-300x169.jpg 300w, https:\/\/tribunavm.com.ar\/wp-content\/uploads\/2024\/05\/MOVIDA-EN-CORDOBA-ATE-768x434.jpg 768w, https:\/\/tribunavm.com.ar\/wp-content\/uploads\/2024\/05\/MOVIDA-EN-CORDOBA-ATE-750x423.jpg 750w\" sizes=\"(max-width: 1024px) 100vw, 1024px\" \/><figcaption id=\"caption-attachment-10858\" class=\"wp-caption-text\">Movilizaci\u00f3n de ATE a las afueras del edificio de Fundaci\u00f3n Mediterr\u00e1nea.<\/figcaption><\/figure>\n<p><span style=\"font-weight: 400;\">En el marco de la Jornada Nacional de Lucha, ATE C\u00f3rdoba realiz\u00f3 ese mismo d\u00eda un escrache a la Fundaci\u00f3n Mediterr\u00e1nea que, seg\u00fan aluden, es la \u201cusina ideol\u00f3gica y t\u00e9cnica de las pol\u00edticas de ajuste\u201d.<\/span><\/p>\n<p><span style=\"font-weight: 400;\">&#8220;<\/span><b>La Mediterr\u00e1nea hace lobby por la aprobaci\u00f3n de la Ley de Bases<\/b><span style=\"font-weight: 400;\">\u201d y son \u201c<\/span><b>algunos de los cuadros ideol\u00f3gicos y t\u00e9cnicos del saqueo que se est\u00e1 llevando adelante hoy en Argentina<\/b><span style=\"font-weight: 400;\">\u201d, dijo el secretario General de ATE C\u00f3rdoba, Federico Giuliani.<\/span><\/p>\n<p><span style=\"font-weight: 400;\">\u201cEn ese contexto, entendemos que es importante venir a manifestarnos contra las corporaciones que, en definitiva, son las que est\u00e1n gobernando en nuestro pa\u00eds. Como hecho pol\u00edtico, <\/span><b>pone en escena qui\u00e9nes son los verdaderos due\u00f1os del poder y pretenden un vaciamiento del Estado y el desguace de la Patria, y as\u00ed tener campo f\u00e9rtil para sus negocios personales<\/b><span style=\"font-weight: 400;\">\u201d, agreg\u00f3.<\/span><\/p>\n<\/div>\n<\/div>\n","protected":false},"excerpt":{"rendered":"<p>\u201cLos gobernadores que firmen el Pacto de Mayo van a ser c\u00f3mplices de un programa econ\u00f3mico que nos est\u00e1 destruyendo\u201d, dijo el secretario general de ATE frente al edificio de Techint.<\/p>\n","protected":false},"author":2,"featured_media":10859,"comment_status":"open","ping_status":"open","sticky":false,"template":"","format":"standard","meta":{"_exactmetrics_skip_tracking":false,"_exactmetrics_sitenote_active":false,"_exactmetrics_sitenote_note":"","_exactmetrics_sitenote_category":0,"jnews-multi-image_gallery":[],"jnews_single_post":{"source_name":"","source_url":"","via_name":"","via_url":"","override_template":"0","override":[{"template":"1","single_blog_custom":"","parallax":"1","fullscreen":"1","layout":"right-sidebar","sidebar":"default-sidebar","second_sidebar":"default-sidebar","sticky_sidebar":"1","share_position":"top","share_float_style":"share-monocrhome","show_share_counter":"1","show_view_counter":"1","show_featured":"1","show_post_meta":"1","show_post_author":"1","show_post_author_image":"1","show_post_date":"1","post_date_format":"default","post_date_format_custom":"Y\/m\/d","show_post_category":"1","show_post_reading_time":"0","post_reading_time_wpm":"300","show_zoom_button":"0","zoom_button_out_step":"2","zoom_button_in_step":"3","show_post_tag":"1","show_prev_next_post":"1","show_popup_post":"1","number_popup_post":"1","show_author_box":"0","show_post_related":"0","show_inline_post_related":"0"}],"override_image_size":"0","image_override":[{"single_post_thumbnail_size":"crop-500","single_post_gallery_size":"crop-500"}],"trending_post":"0","trending_post_position":"meta","trending_post_label":"Trending","sponsored_post":"0","sponsored_post_label":"Sponsored by","sponsored_post_name":"","sponsored_post_url":"","sponsored_post_logo_enable":"0","sponsored_post_logo":"","sponsored_post_desc":""},"jnews_primary_category":{"id":""},"jnews_social_meta":{"fb_title":"","fb_description":"","fb_image":"","twitter_title":"","twitter_description":"","twitter_image":""},"jnews_override_counter":{"override_view_counter":"0","view_counter_number":"0","override_share_counter":"0","share_counter_number":"0","override_like_counter":"0","like_counter_number":"0","override_dislike_counter":"0","dislike_counter_number":"0"},"_joinchat":[],"footnotes":""},"categories":[22],"tags":[324,459],"class_list":["post-10857","post","type-post","status-publish","format-standard","has-post-thumbnail","hentry","category-actualidad","tag-ate","tag-edicion-131"],"_links":{"self":[{"href":"https:\/\/tribunavm.com.ar\/index.php\/wp-json\/wp\/v2\/posts\/10857"}],"collection":[{"href":"https:\/\/tribunavm.com.ar\/index.php\/wp-json\/wp\/v2\/posts"}],"about":[{"href":"https:\/\/tribunavm.com.ar\/index.php\/wp-json\/wp\/v2\/types\/post"}],"author":[{"embeddable":true,"href":"https:\/\/tribunavm.com.ar\/index.php\/wp-json\/wp\/v2\/users\/2"}],"replies":[{"embeddable":true,"href":"https:\/\/tribunavm.com.ar\/index.php\/wp-json\/wp\/v2\/comments?post=10857"}],"version-history":[{"count":1,"href":"https:\/\/tribunavm.com.ar\/index.php\/wp-json\/wp\/v2\/posts\/10857\/revisions"}],"predecessor-version":[{"id":10860,"href":"https:\/\/tribunavm.com.ar\/index.php\/wp-json\/wp\/v2\/posts\/10857\/revisions\/10860"}],"wp:featuredmedia":[{"embeddable":true,"href":"https:\/\/tribunavm.com.ar\/index.php\/wp-json\/wp\/v2\/media\/10859"}],"wp:attachment":[{"href":"https:\/\/tribunavm.com.ar\/index.php\/wp-json\/wp\/v2\/media?parent=10857"}],"wp:term":[{"taxonomy":"category","embeddable":true,"href":"https:\/\/tribunavm.com.ar\/index.php\/wp-json\/wp\/v2\/categories?post=10857"},{"taxonomy":"post_tag","embeddable":true,"href":"https:\/\/tribunavm.com.ar\/index.php\/wp-json\/wp\/v2\/tags?post=10857"}],"curies":[{"name":"wp","href":"https:\/\/api.w.org\/{rel}","templated":true}]}}