{"id":10902,"date":"2024-05-20T03:10:50","date_gmt":"2024-05-20T03:10:50","guid":{"rendered":"https:\/\/tribunavm.com.ar\/?p=10902"},"modified":"2024-05-19T03:24:16","modified_gmt":"2024-05-19T03:24:16","slug":"en-cordoba-no-pactamos","status":"publish","type":"post","link":"https:\/\/tribunavm.com.ar\/index.php\/2024\/05\/20\/en-cordoba-no-pactamos\/","title":{"rendered":"En C\u00f3rdoba no pactamos"},"content":{"rendered":"<div class=\"row clearfix\">\n<div class=\"col-md-8\">\n<p><span style=\"font-weight: 400;\"><span class=\"dropcap \" style=\"background-color: #ffffff; color: #dd9933; border-color: #ffffff;\">D<\/span>esde su propuesta inicial, instituciones representantes de grandes empresas, como la Uni\u00f3n Industrial (UIA), el Consejo Agroindustrial (CAA), la Asociaci\u00f3n Empresaria Argentina (AEA), C\u00e1mara de Comercio de EE.UU en Argentina (Amcham), dieron el visto bueno al Pacto de Mayo buscando coronar un acuerdo de beneficios para el sector privado.<\/span><\/p>\n<p><span style=\"font-weight: 400;\">Funcionarios pol\u00edticos fueron sumando sus apoyos al llamado. Incluso, los \u00faltimos anuncios de Milei acerca de la postergaci\u00f3n del pacto, inquietaron la paciencia del gobernador de C\u00f3rdoba -y anfitri\u00f3n-, Mart\u00edn Llaryora, por sellar los acuerdos respecto a la pol\u00edtica econ\u00f3mica y fiscal, la misma que unos d\u00edas atr\u00e1s el propio FMI anunci\u00f3 su \u201csobrecumplimiento\u201d.<\/span><\/p>\n<p><span style=\"font-weight: 400;\">El plan es de ajuste a la educaci\u00f3n y la salud, endeudamiento llevado a niveles r\u00e9cord, la primarizaci\u00f3n de la econom\u00eda para la exportaci\u00f3n y la promoci\u00f3n de reformas en lo laboral y previsional.<\/span><\/p>\n<p><span style=\"font-weight: 400;\">En su guerra por los recursos empujan por el abaratamiento permanente del costo laboral, llevando al extremo las condiciones de vida. Muestra de ello es que la mitad de los argentinos vivimos en la pobreza.<\/span><\/p>\n<p><span style=\"font-weight: 400;\">Para llevar a cabo este plan necesitan reforzar la presencia territorial de las Fuerzas Armadas y policiales, la represi\u00f3n y persecuci\u00f3n de organizaciones populares y dirigentes sociales, y aplicar una pol\u00edtica de masas dirigida a la divisi\u00f3n del pueblo.<\/span><\/p>\n<p><span style=\"font-weight: 400;\">En ese marco, la consigna del \u201cNO al pacto\u201d excede la oposici\u00f3n a la firma como acto formal y se presenta como posibilidad de construir un plan para alimentar la lucha popular. De nuestra predisposici\u00f3n para organizar y concretarlo depender\u00e1 evitar el pacto de la entrega.<\/span><\/p>\n<\/div>\n<\/div>\n","protected":false},"excerpt":{"rendered":"<p>Desde su propuesta inicial, instituciones representantes de grandes empresas, como la Uni\u00f3n Industrial (UIA), el Consejo Agroindustrial (CAA), la Asociaci\u00f3n Empresaria Argentina (AEA), C\u00e1mara de Comercio de EE.UU en Argentina (Amcham), dieron el visto bueno al Pacto de Mayo buscando coronar un acuerdo de beneficios para el sector privado.<\/p>\n","protected":false},"author":2,"featured_media":0,"comment_status":"open","ping_status":"open","sticky":false,"template":"","format":"standard","meta":{"_exactmetrics_skip_tracking":false,"_exactmetrics_sitenote_active":false,"_exactmetrics_sitenote_note":"","_exactmetrics_sitenote_category":0,"jnews-multi-image_gallery":[],"jnews_single_post":{"source_name":"","source_url":"","via_name":"","via_url":"","override_template":"0","override":[{"template":"1","single_blog_custom":"","parallax":"1","fullscreen":"1","layout":"right-sidebar","sidebar":"default-sidebar","second_sidebar":"default-sidebar","sticky_sidebar":"1","share_position":"top","share_float_style":"share-monocrhome","show_share_counter":"1","show_view_counter":"1","show_featured":"1","show_post_meta":"1","show_post_author":"1","show_post_author_image":"1","show_post_date":"1","post_date_format":"default","post_date_format_custom":"Y\/m\/d","show_post_category":"1","show_post_reading_time":"0","post_reading_time_wpm":"300","show_zoom_button":"0","zoom_button_out_step":"2","zoom_button_in_step":"3","show_post_tag":"1","show_prev_next_post":"1","show_popup_post":"1","number_popup_post":"1","show_author_box":"0","show_post_related":"0","show_inline_post_related":"0"}],"override_image_size":"0","image_override":[{"single_post_thumbnail_size":"crop-500","single_post_gallery_size":"crop-500"}],"trending_post":"0","trending_post_position":"meta","trending_post_label":"Trending","sponsored_post":"0","sponsored_post_label":"Sponsored by","sponsored_post_name":"","sponsored_post_url":"","sponsored_post_logo_enable":"0","sponsored_post_logo":"","sponsored_post_desc":""},"jnews_primary_category":{"id":""},"jnews_social_meta":{"fb_title":"","fb_description":"","fb_image":"","twitter_title":"","twitter_description":"","twitter_image":""},"jnews_override_counter":{"override_view_counter":"0","view_counter_number":"0","override_share_counter":"0","share_counter_number":"0","override_like_counter":"0","like_counter_number":"0","override_dislike_counter":"0","dislike_counter_number":"0"},"_joinchat":[],"footnotes":""},"categories":[26],"tags":[459],"class_list":["post-10902","post","type-post","status-publish","format-standard","hentry","category-editorial","tag-edicion-131"],"_links":{"self":[{"href":"https:\/\/tribunavm.com.ar\/index.php\/wp-json\/wp\/v2\/posts\/10902"}],"collection":[{"href":"https:\/\/tribunavm.com.ar\/index.php\/wp-json\/wp\/v2\/posts"}],"about":[{"href":"https:\/\/tribunavm.com.ar\/index.php\/wp-json\/wp\/v2\/types\/post"}],"author":[{"embeddable":true,"href":"https:\/\/tribunavm.com.ar\/index.php\/wp-json\/wp\/v2\/users\/2"}],"replies":[{"embeddable":true,"href":"https:\/\/tribunavm.com.ar\/index.php\/wp-json\/wp\/v2\/comments?post=10902"}],"version-history":[{"count":3,"href":"https:\/\/tribunavm.com.ar\/index.php\/wp-json\/wp\/v2\/posts\/10902\/revisions"}],"predecessor-version":[{"id":10905,"href":"https:\/\/tribunavm.com.ar\/index.php\/wp-json\/wp\/v2\/posts\/10902\/revisions\/10905"}],"wp:attachment":[{"href":"https:\/\/tribunavm.com.ar\/index.php\/wp-json\/wp\/v2\/media?parent=10902"}],"wp:term":[{"taxonomy":"category","embeddable":true,"href":"https:\/\/tribunavm.com.ar\/index.php\/wp-json\/wp\/v2\/categories?post=10902"},{"taxonomy":"post_tag","embeddable":true,"href":"https:\/\/tribunavm.com.ar\/index.php\/wp-json\/wp\/v2\/tags?post=10902"}],"curies":[{"name":"wp","href":"https:\/\/api.w.org\/{rel}","templated":true}]}}