{"id":10955,"date":"2024-06-03T01:08:29","date_gmt":"2024-06-03T01:08:29","guid":{"rendered":"https:\/\/tribunavm.com.ar\/?p=10955"},"modified":"2024-06-02T01:21:53","modified_gmt":"2024-06-02T01:21:53","slug":"america-latina-en-el-teatro-de-operaciones","status":"publish","type":"post","link":"https:\/\/tribunavm.com.ar\/index.php\/2024\/06\/03\/america-latina-en-el-teatro-de-operaciones\/","title":{"rendered":"Am\u00e9rica Latina en el teatro de operaciones"},"content":{"rendered":"<div class=\"row clearfix\">\n<div class=\"col-md-8\">\n<p><span style=\"color: #212121; font-size: 1.5em; letter-spacing: -0.01em;\">El Comando Sur de EE.UU coordina una operaci\u00f3n militar en Per\u00fa de la cual participan 7 pa\u00edses. Al mismo tiempo realiza en la cercan\u00eda de Mar del Plata acciones con la Armada Argentina.<\/span><\/p>\n<p><span style=\"font-weight: 400;\"><span class=\"dropcap \" style=\"background-color: #ffffff; color: #dd9933; border-color: #ffffff;\">D<\/span>el 27 de mayo al 14 de junio se desarrolla en Per\u00fa el ejercicio militar conjunto \u201cResolute Sentinel\u201d que incluye la participaci\u00f3n del Comando Sur de Estados Unidos y las Fuerzas Armadas de Brasil, Chile, Colombia, Ecuador y Francia.\u00a0\u00a0<\/span><\/p>\n<p><span style=\"font-weight: 400;\">Seg\u00fan comunic\u00f3 la embajada de EE.UU. en Per\u00fa, \u201ccon la presencia de representantes de las fuerzas armadas de 7 pa\u00edses, se dio inicio al ejercicio multinacional \u2018Resolute Sentinel 2024\u2019 en la base a\u00e9rea La Joya en Arequipa el pasado 27 de mayo\u201d. Se realizar\u00e1n ejercicios en Lima, Callao, Pucusana, Salinas, Arequipa, Pucallpa e Iquitos.<\/span><\/p>\n<p><span style=\"font-weight: 400;\">El ejercicio es organizado por el Comando Sur (SOUTHCOM) v\u00eda la 12\u00aa Fuerza A\u00e9rea (12Th AFSOUTH), con sede en la Base A\u00e9rea Davis-Monthan Air Force (Arizona).<\/span><\/p>\n<p><span style=\"font-weight: 400;\">En la presentaci\u00f3n celebrada en Arequipa acudieron el comandante de la Duod\u00e9cima Fuerza A\u00e9rea del Componente A\u00e9reo del Comando Sur de Estados Unidos, mayor general Evan L. Pettus; el jefe del Comando Conjunto de las Fuerzas Armadas, general del Ej\u00e9rcito David Ojeda Parra, y el comandante general de la Fuerza A\u00e9rea, general del Aire Carlos Ch\u00e1vez Cateriano, entre otras autoridades militares del Ej\u00e9rcito y de la Marina de Guerra peruanas.<\/span><\/p>\n<figure id=\"attachment_10956\" aria-describedby=\"caption-attachment-10956\" style=\"width: 1200px\" class=\"wp-caption alignnone\"><img loading=\"lazy\" decoding=\"async\" class=\"size-full wp-image-10956\" src=\"https:\/\/tribunavm.com.ar\/wp-content\/uploads\/2024\/06\/resolute-sentinental-2024.jpg\" alt=\"\" width=\"1200\" height=\"800\" srcset=\"https:\/\/tribunavm.com.ar\/wp-content\/uploads\/2024\/06\/resolute-sentinental-2024.jpg 1200w, https:\/\/tribunavm.com.ar\/wp-content\/uploads\/2024\/06\/resolute-sentinental-2024-300x200.jpg 300w, https:\/\/tribunavm.com.ar\/wp-content\/uploads\/2024\/06\/resolute-sentinental-2024-1024x683.jpg 1024w, https:\/\/tribunavm.com.ar\/wp-content\/uploads\/2024\/06\/resolute-sentinental-2024-768x512.jpg 768w, https:\/\/tribunavm.com.ar\/wp-content\/uploads\/2024\/06\/resolute-sentinental-2024-750x500.jpg 750w, https:\/\/tribunavm.com.ar\/wp-content\/uploads\/2024\/06\/resolute-sentinental-2024-1140x760.jpg 1140w\" sizes=\"(max-width: 1200px) 100vw, 1200px\" \/><figcaption id=\"caption-attachment-10956\" class=\"wp-caption-text\">\u201cEl Resolute Sentinel 2024 busca proteger intereses compartidos en la regi\u00f3n, con nuestras fuerzas armadas trabajando juntas para garantizar un ambiente seguro y pr\u00f3spero\u201d, destac\u00f3 la embajada de EE.UU en Per\u00fa.<\/figcaption><\/figure>\n<p><span style=\"color: #ff9900;\"><b>\u201cGringo-Gaucho II\u201d<\/b><\/span><\/p>\n<p><span style=\"font-weight: 400;\">El pasado 30 de mayo comenzaron los ejercicios militares con barcos de la Armada Argentina a 300 kil\u00f3metros de la costa de Mar del Plata.<\/span><\/p>\n<p><span style=\"font-weight: 400;\">El portaaviones nuclear norteamericano USS George Washington lleg\u00f3 al espacio mar\u00edtimo argentino con una tripulaci\u00f3n de 5400 marinos para participar de la misi\u00f3n <\/span><span style=\"color: #ff9900;\"><a style=\"color: #ff9900;\" href=\"https:\/\/www.southcom.mil\/Media\/Special-Coverage\/Southern-Seas-2024\/\"><span style=\"font-weight: 400;\">Southern Seas 2024<\/span><\/a><\/span><span style=\"font-weight: 400;\">. Lo hizo escoltado por el destructor USS Porter y el buque log\u00edstico USNS John Lenthall. Los ejercicios con la Armada Argentina llevan el nombre Passex \u201cGringo-Gaucho II\u201d.<\/span><\/p>\n<p><span style=\"font-weight: 400;\">En la inauguraci\u00f3n de la operaci\u00f3n participaron la canciller, Diana Mondino; el ministro de Defensa, Luis Petri; y el embajador de los Estados Unidos, Marc Stanley. Tambi\u00e9n fue parte desde el comienzo de los ejercicios el vicejefe del Estado Mayor de la Fuerza A\u00e9rea de los Estados Unidos, general James C. McConville; y el jefe del Estado Mayor Conjunto de las Fuerzas Armadas, brigadier general Xavier Juli\u00e1n Isaac, adem\u00e1s de los comandantes de las embarcaciones.<\/span><\/p>\n<blockquote class=\"twitter-tweet\">\n<p dir=\"ltr\" lang=\"es\">Aeronaves del Comando de la Aviaci\u00f3n Naval de la <a href=\"https:\/\/twitter.com\/hashtag\/ArmadaArgentina?src=hash&amp;ref_src=twsrc%5Etfw\">#ArmadaArgentina<\/a> se adiestraron con el Grupo Aeronaval Embarcado del portaaviones USS &#8220;George Washington&#8221; de la <a href=\"https:\/\/twitter.com\/USNavy?ref_src=twsrc%5Etfw\">@USNavy<\/a>. <a href=\"https:\/\/t.co\/OBdSTKq6J5\">pic.twitter.com\/OBdSTKq6J5<\/a><\/p>\n<p>\u2014 Armada Argentina (@Armada_Arg) <a href=\"https:\/\/twitter.com\/Armada_Arg\/status\/1796252442272911406?ref_src=twsrc%5Etfw\">May 30, 2024<\/a><\/p><\/blockquote>\n<p><script async src=\"https:\/\/platform.twitter.com\/widgets.js\" charset=\"utf-8\"><\/script><\/p>\n<p><span style=\"font-weight: 400;\">Se encuentran a bordo las tres m\u00e1ximas autoridades navales: el jefe de la Armada, contraalmirante Carlos Mar\u00eda Allievi; el subjefe de la fuerza, contraalmirante Marcelo Ricardo Flamini, y el comandante de Adiestramiento y Alistamiento, contraalmirante Juan Carlos Cor\u00e9.<\/span><\/p>\n<p><span style=\"font-weight: 400;\">Seg\u00fan inform\u00f3 la Armada, el primer ejercicio entre naves de ambos pa\u00edses data de 1990 cuando lleg\u00f3 el portaaviones USS Abraham Lincoln y se repiti\u00f3 al a\u00f1o siguiente con el portaaviones USS Kitty Hawk. Luego, en 1993 con el USS Constellation, en 2004 con el USS Ronald Reagan, en 2008 con el portaaviones USS George Washington y en 2010 con el USS Carl Vinson (operaci\u00f3n que se bautiz\u00f3 con el nombre de \u201cGringo-Gaucho\u201d).<\/span><\/p>\n<\/div>\n<\/div>\n","protected":false},"excerpt":{"rendered":"<p>El Comando Sur de EE.UU coordina una operaci\u00f3n militar en Per\u00fa de la cual participan 7 pa\u00edses. Al mismo tiempo realiza en la cercan\u00eda de Mar del Plata acciones con la Armada Argentina.<\/p>\n","protected":false},"author":2,"featured_media":10957,"comment_status":"open","ping_status":"open","sticky":false,"template":"","format":"standard","meta":{"_exactmetrics_skip_tracking":false,"_exactmetrics_sitenote_active":false,"_exactmetrics_sitenote_note":"","_exactmetrics_sitenote_category":0,"jnews-multi-image_gallery":[],"jnews_single_post":{"source_name":"","source_url":"","via_name":"","via_url":"","override_template":"0","override":[{"template":"1","single_blog_custom":"","parallax":"1","fullscreen":"1","layout":"right-sidebar","sidebar":"default-sidebar","second_sidebar":"default-sidebar","sticky_sidebar":"1","share_position":"top","share_float_style":"share-monocrhome","show_share_counter":"1","show_view_counter":"1","show_featured":"1","show_post_meta":"1","show_post_author":"1","show_post_author_image":"1","show_post_date":"1","post_date_format":"default","post_date_format_custom":"Y\/m\/d","show_post_category":"1","show_post_reading_time":"0","post_reading_time_wpm":"300","show_zoom_button":"0","zoom_button_out_step":"2","zoom_button_in_step":"3","show_post_tag":"1","show_prev_next_post":"1","show_popup_post":"1","number_popup_post":"1","show_author_box":"0","show_post_related":"0","show_inline_post_related":"0"}],"override_image_size":"0","image_override":[{"single_post_thumbnail_size":"crop-500","single_post_gallery_size":"crop-500"}],"trending_post":"0","trending_post_position":"meta","trending_post_label":"Trending","sponsored_post":"0","sponsored_post_label":"Sponsored by","sponsored_post_name":"","sponsored_post_url":"","sponsored_post_logo_enable":"0","sponsored_post_logo":"","sponsored_post_desc":""},"jnews_primary_category":{"id":""},"jnews_social_meta":{"fb_title":"","fb_description":"","fb_image":"","twitter_title":"","twitter_description":"","twitter_image":""},"jnews_override_counter":{"override_view_counter":"0","view_counter_number":"0","override_share_counter":"0","share_counter_number":"0","override_like_counter":"0","like_counter_number":"0","override_dislike_counter":"0","dislike_counter_number":"0"},"_joinchat":[],"footnotes":""},"categories":[277],"tags":[469,198],"class_list":["post-10955","post","type-post","status-publish","format-standard","has-post-thumbnail","hentry","category-latinoamerica","tag-edicion-132","tag-eeuu"],"_links":{"self":[{"href":"https:\/\/tribunavm.com.ar\/index.php\/wp-json\/wp\/v2\/posts\/10955"}],"collection":[{"href":"https:\/\/tribunavm.com.ar\/index.php\/wp-json\/wp\/v2\/posts"}],"about":[{"href":"https:\/\/tribunavm.com.ar\/index.php\/wp-json\/wp\/v2\/types\/post"}],"author":[{"embeddable":true,"href":"https:\/\/tribunavm.com.ar\/index.php\/wp-json\/wp\/v2\/users\/2"}],"replies":[{"embeddable":true,"href":"https:\/\/tribunavm.com.ar\/index.php\/wp-json\/wp\/v2\/comments?post=10955"}],"version-history":[{"count":3,"href":"https:\/\/tribunavm.com.ar\/index.php\/wp-json\/wp\/v2\/posts\/10955\/revisions"}],"predecessor-version":[{"id":10960,"href":"https:\/\/tribunavm.com.ar\/index.php\/wp-json\/wp\/v2\/posts\/10955\/revisions\/10960"}],"wp:featuredmedia":[{"embeddable":true,"href":"https:\/\/tribunavm.com.ar\/index.php\/wp-json\/wp\/v2\/media\/10957"}],"wp:attachment":[{"href":"https:\/\/tribunavm.com.ar\/index.php\/wp-json\/wp\/v2\/media?parent=10955"}],"wp:term":[{"taxonomy":"category","embeddable":true,"href":"https:\/\/tribunavm.com.ar\/index.php\/wp-json\/wp\/v2\/categories?post=10955"},{"taxonomy":"post_tag","embeddable":true,"href":"https:\/\/tribunavm.com.ar\/index.php\/wp-json\/wp\/v2\/tags?post=10955"}],"curies":[{"name":"wp","href":"https:\/\/api.w.org\/{rel}","templated":true}]}}