{"id":10968,"date":"2024-06-03T01:31:55","date_gmt":"2024-06-03T01:31:55","guid":{"rendered":"https:\/\/tribunavm.com.ar\/?p=10968"},"modified":"2024-06-02T01:38:44","modified_gmt":"2024-06-02T01:38:44","slug":"recibida-a-milei-en-la-ciudad-de-cordoba","status":"publish","type":"post","link":"https:\/\/tribunavm.com.ar\/index.php\/2024\/06\/03\/recibida-a-milei-en-la-ciudad-de-cordoba\/","title":{"rendered":"Recibida a Milei en la ciudad de C\u00f3rdoba"},"content":{"rendered":"<div class=\"row clearfix\">\n<div class=\"col-md-8\">\n<div class=\"intro-text\">\n<p><span style=\"font-weight: 400;\">Las centrales obreras convocaron a un acto. ATE bloque\u00f3 accesos al aeropuerto y fueron reprimidos.\u00a0<\/span><\/p>\n<\/div>\n<p><span style=\"font-weight: 400;\"><span class=\"dropcap \" style=\"background-color: #ffffff; color: #dd9933; border-color: #ffffff;\">E<\/span>l 25 de mayo, ante la visita de Javier Milei a la ciudad, las dos CGT de C\u00f3rdoba, la CTA Aut\u00f3noma y la CTA de los Trabajadores, junto a organizaciones de la econom\u00eda popular y la cultura realizaron <\/span><b>un acto bajo la consigna \u201cLa Patria no se vende. Contra el DNU 70\/2023 y la Ley Bases\u201d<\/b><span style=\"font-weight: 400;\">.<\/span><\/p>\n<p><span style=\"font-weight: 400;\">\u201c\u00bfDe qu\u00e9 sirve no tener inflaci\u00f3n, si el pa\u00eds es un cementerio de f\u00e1bricas cerradas? Con argentinos y argentinas con hambre, sin tierra, sin hogar, sin educaci\u00f3n y sin salud. Dig\u00e1moslo una vez m\u00e1s: el pa\u00eds que este gobierno est\u00e1 delineando es para pocos, muy pocos\u201d, comenta el documento \u00fanico firmado por las organizaciones.<\/span><\/p>\n<p><b>En el acto se concentraron alrededor de 10.000 personas a pocas cuadras de Plaza San Mart\u00edn, lugar en la que se encontraba el presidente encabezando el acto por el 25 de Mayo.<\/b><\/p>\n<p><span style=\"color: #ff9900;\"><b>Protesta y judicializaci\u00f3n<\/b><\/span><\/p>\n<figure id=\"attachment_10969\" aria-describedby=\"caption-attachment-10969\" style=\"width: 1280px\" class=\"wp-caption alignnone\"><img loading=\"lazy\" decoding=\"async\" class=\"size-full wp-image-10969\" src=\"https:\/\/tribunavm.com.ar\/wp-content\/uploads\/2024\/06\/CORTE-DE-ATE-INTERIOR.webp\" alt=\"\" width=\"1280\" height=\"720\" srcset=\"https:\/\/tribunavm.com.ar\/wp-content\/uploads\/2024\/06\/CORTE-DE-ATE-INTERIOR.webp 1280w, https:\/\/tribunavm.com.ar\/wp-content\/uploads\/2024\/06\/CORTE-DE-ATE-INTERIOR-300x169.webp 300w, https:\/\/tribunavm.com.ar\/wp-content\/uploads\/2024\/06\/CORTE-DE-ATE-INTERIOR-1024x576.webp 1024w, https:\/\/tribunavm.com.ar\/wp-content\/uploads\/2024\/06\/CORTE-DE-ATE-INTERIOR-768x432.webp 768w, https:\/\/tribunavm.com.ar\/wp-content\/uploads\/2024\/06\/CORTE-DE-ATE-INTERIOR-750x422.webp 750w, https:\/\/tribunavm.com.ar\/wp-content\/uploads\/2024\/06\/CORTE-DE-ATE-INTERIOR-1140x641.webp 1140w\" sizes=\"(max-width: 1280px) 100vw, 1280px\" \/><figcaption id=\"caption-attachment-10969\" class=\"wp-caption-text\">Trabajadores estatales se manifiestan en el acceso al Aeropuerto de C\u00f3rdoba.<\/figcaption><\/figure>\n<p><span style=\"font-weight: 400;\">Por otro lado, la Asociaci\u00f3n de Trabajadores del Estado (ATE) realiz\u00f3 un<\/span><b> corte en los accesos al Aeropuerto de C\u00f3rdoba \u201cpara expresar el repudio a las pol\u00edticas de saqueo y hambre que el Gobierno Nacional lleva adelante<\/b><span style=\"font-weight: 400;\">, con despidos y vaciamiento de los organismos del Estado en la provincia\u201d, manifestaron en la <\/span><span style=\"color: #ff9900;\"><a style=\"color: #ff9900;\" href=\"https:\/\/www.instagram.com\/p\/C7XHUqQgHuz\/?utm_source=ig_web_copy_link&amp;igsh=MzRlODBiNWFlZA==\"><span style=\"font-weight: 400;\">convocatoria<\/span><\/a><\/span><span style=\"font-weight: 400;\">. Adem\u00e1s declararon a Milei \u201cpersona no grata\u201d.<\/span><\/p>\n<p><span style=\"font-weight: 400;\">Rodolfo Aguiar, Secretario General de ATE nacional, previo a la movilizaci\u00f3n dijo que \u201cla Ley Bases y el pretendido pacto con las provincias son instrumentos para garantizar mayor explotaci\u00f3n laboral, extractivismo sin l\u00edmites y m\u00e1s ajuste\u201d. <\/span><\/p>\n<p><span style=\"font-weight: 400;\">Como respuesta a la medida, las fuerzas de seguridad provinciales reprimieron la protesta desalojando a los manifestantes. Adem\u00e1s, dos d\u00edas despu\u00e9s <\/span><b>el fiscal provincial Emilio De Arag\u00f3n orden\u00f3 el allanamiento del domicilio particular del secretario general de la CTA Aut\u00f3noma de C\u00f3rdoba, Federico Giuliani, y la sede gremial de ATE en R\u00edo Cuarto<\/b><span style=\"font-weight: 400;\">.<\/span><\/p>\n<p><span style=\"font-weight: 400;\">Giuliani declar\u00f3 que la acci\u00f3n judicial desarrollada \u201cen el marco del fallido \u2018Pacto de Mayo\u2019 evidencia un principio de \u2018estado de excepci\u00f3n\u2019 en el que los procedimientos judiciales se tornan herramientas represivas al servicio del poder pol\u00edtico\u201d.<\/span><\/p>\n<\/div>\n<\/div>\n","protected":false},"excerpt":{"rendered":"<p>Las centrales obreras convocaron a un acto. ATE bloque\u00f3 accesos al aeropuerto y fueron reprimidos.\u00a0<\/p>\n","protected":false},"author":2,"featured_media":10970,"comment_status":"open","ping_status":"open","sticky":false,"template":"","format":"standard","meta":{"_exactmetrics_skip_tracking":false,"_exactmetrics_sitenote_active":false,"_exactmetrics_sitenote_note":"","_exactmetrics_sitenote_category":0,"jnews-multi-image_gallery":[],"jnews_single_post":{"source_name":"","source_url":"","via_name":"","via_url":"","override_template":"0","override":[{"template":"1","single_blog_custom":"","parallax":"1","fullscreen":"1","layout":"right-sidebar","sidebar":"default-sidebar","second_sidebar":"default-sidebar","sticky_sidebar":"1","share_position":"top","share_float_style":"share-monocrhome","show_share_counter":"1","show_view_counter":"1","show_featured":"1","show_post_meta":"1","show_post_author":"1","show_post_author_image":"1","show_post_date":"1","post_date_format":"default","post_date_format_custom":"Y\/m\/d","show_post_category":"1","show_post_reading_time":"0","post_reading_time_wpm":"300","show_zoom_button":"0","zoom_button_out_step":"2","zoom_button_in_step":"3","show_post_tag":"1","show_prev_next_post":"1","show_popup_post":"1","number_popup_post":"1","show_author_box":"0","show_post_related":"0","show_inline_post_related":"0"}],"override_image_size":"0","image_override":[{"single_post_thumbnail_size":"crop-500","single_post_gallery_size":"crop-500"}],"trending_post":"0","trending_post_position":"meta","trending_post_label":"Trending","sponsored_post":"0","sponsored_post_label":"Sponsored by","sponsored_post_name":"","sponsored_post_url":"","sponsored_post_logo_enable":"0","sponsored_post_logo":"","sponsored_post_desc":""},"jnews_primary_category":{"id":""},"jnews_social_meta":{"fb_title":"","fb_description":"","fb_image":"","twitter_title":"","twitter_description":"","twitter_image":""},"jnews_override_counter":{"override_view_counter":"0","view_counter_number":"0","override_share_counter":"0","share_counter_number":"0","override_like_counter":"0","like_counter_number":"0","override_dislike_counter":"0","dislike_counter_number":"0"},"_joinchat":[],"footnotes":""},"categories":[22],"tags":[324,190,225,334,469],"class_list":["post-10968","post","type-post","status-publish","format-standard","has-post-thumbnail","hentry","category-actualidad","tag-ate","tag-cgt","tag-ctaa","tag-ctat","tag-edicion-132"],"_links":{"self":[{"href":"https:\/\/tribunavm.com.ar\/index.php\/wp-json\/wp\/v2\/posts\/10968"}],"collection":[{"href":"https:\/\/tribunavm.com.ar\/index.php\/wp-json\/wp\/v2\/posts"}],"about":[{"href":"https:\/\/tribunavm.com.ar\/index.php\/wp-json\/wp\/v2\/types\/post"}],"author":[{"embeddable":true,"href":"https:\/\/tribunavm.com.ar\/index.php\/wp-json\/wp\/v2\/users\/2"}],"replies":[{"embeddable":true,"href":"https:\/\/tribunavm.com.ar\/index.php\/wp-json\/wp\/v2\/comments?post=10968"}],"version-history":[{"count":1,"href":"https:\/\/tribunavm.com.ar\/index.php\/wp-json\/wp\/v2\/posts\/10968\/revisions"}],"predecessor-version":[{"id":10971,"href":"https:\/\/tribunavm.com.ar\/index.php\/wp-json\/wp\/v2\/posts\/10968\/revisions\/10971"}],"wp:featuredmedia":[{"embeddable":true,"href":"https:\/\/tribunavm.com.ar\/index.php\/wp-json\/wp\/v2\/media\/10970"}],"wp:attachment":[{"href":"https:\/\/tribunavm.com.ar\/index.php\/wp-json\/wp\/v2\/media?parent=10968"}],"wp:term":[{"taxonomy":"category","embeddable":true,"href":"https:\/\/tribunavm.com.ar\/index.php\/wp-json\/wp\/v2\/categories?post=10968"},{"taxonomy":"post_tag","embeddable":true,"href":"https:\/\/tribunavm.com.ar\/index.php\/wp-json\/wp\/v2\/tags?post=10968"}],"curies":[{"name":"wp","href":"https:\/\/api.w.org\/{rel}","templated":true}]}}