{"id":11022,"date":"2024-06-17T00:03:26","date_gmt":"2024-06-17T00:03:26","guid":{"rendered":"https:\/\/tribunavm.com.ar\/?p=11022"},"modified":"2024-06-15T23:09:58","modified_gmt":"2024-06-15T23:09:58","slug":"paro-universitario-por-demandas-salariales","status":"publish","type":"post","link":"https:\/\/tribunavm.com.ar\/index.php\/2024\/06\/17\/paro-universitario-por-demandas-salariales\/","title":{"rendered":"Paro universitario por demandas salariales"},"content":{"rendered":"<div class=\"row clearfix\">\n<div class=\"col-md-8\">\n<p><span style=\"color: #212121; font-size: 1.5em; letter-spacing: -0.01em;\">Contin\u00faan las medidas de acci\u00f3n de los gremios universitarios ante la falta de respuestas del Gobierno Nacional.\u00a0<\/span><\/p>\n<p><span style=\"font-weight: 400;\"><span class=\"dropcap \" style=\"background-color: #ffffff; color: #dd9933; border-color: #ffffff;\">E<\/span>l pasado martes 11 y mi\u00e9rcoles 12, el Frente Sindical de Universidades Nacionales concret\u00f3 un nuevo paro ante la falta de una propuesta de recomposici\u00f3n salarial. En un comunicado titulado \u201cNo hay universidad p\u00fablica de calidad sin salarios dignos\u201d, los gremios universitarios denunciaron que la ministra de Capital Humano, Sandra Pettovello, \u201cincumpli\u00f3 con dar respuesta a los principales puntos a resolver en el conflicto salarial acuciante\u201d.<\/span><\/p>\n<p><span style=\"font-weight: 400;\">En la ciudad, adhirieron los gremios universitarios adheridos a la Federaci\u00f3n de Docentes Universitarios (FEDUN), la Asociaci\u00f3n Gremial de Docentes de la UTN (FAGDUT) y la Federaci\u00f3n Argentina del Trabajador de las Universidades Nacionales (FATUN).<\/span><\/p>\n<p><span style=\"font-weight: 400;\">Por su parte, ADIUVIM, el gremio docente de la UNVM, durante una reuni\u00f3n de su comisi\u00f3n directiva realizada el mismo martes, afirm\u00f3 que la medida cont\u00f3 con un alto acatamiento \u201cno solo en la UNVM sino en cada una de las sesenta universidades nacionales de Argentina\u201d.<\/span><\/p>\n<p><span style=\"font-weight: 400;\">A su vez, el sindicato inform\u00f3 en un comunicado que el Gobierno Nacional otorg\u00f3 unilateralmente un incremento del 4% para los docentes universitarios, denunciando que acumulan \u201cuna p\u00e9rdida del 60% de los sueldos\u201d.\u00a0<\/span><\/p>\n<\/div>\n<\/div>\n","protected":false},"excerpt":{"rendered":"<p>Contin\u00faan las medidas de acci\u00f3n de los gremios universitarios ante la falta de respuestas del Gobierno Nacional.\u00a0<\/p>\n","protected":false},"author":2,"featured_media":11023,"comment_status":"open","ping_status":"open","sticky":false,"template":"","format":"standard","meta":{"_exactmetrics_skip_tracking":false,"_exactmetrics_sitenote_active":false,"_exactmetrics_sitenote_note":"","_exactmetrics_sitenote_category":0,"jnews-multi-image_gallery":[],"jnews_single_post":{"source_name":"","source_url":"","via_name":"","via_url":"","override_template":"0","override":[{"template":"1","single_blog_custom":"","parallax":"1","fullscreen":"1","layout":"right-sidebar","sidebar":"default-sidebar","second_sidebar":"default-sidebar","sticky_sidebar":"1","share_position":"top","share_float_style":"share-monocrhome","show_share_counter":"1","show_view_counter":"1","show_featured":"1","show_post_meta":"1","show_post_author":"1","show_post_author_image":"1","show_post_date":"1","post_date_format":"default","post_date_format_custom":"Y\/m\/d","show_post_category":"1","show_post_reading_time":"0","post_reading_time_wpm":"300","show_zoom_button":"0","zoom_button_out_step":"2","zoom_button_in_step":"3","show_post_tag":"1","show_prev_next_post":"1","show_popup_post":"1","number_popup_post":"1","show_author_box":"0","show_post_related":"0","show_inline_post_related":"0"}],"override_image_size":"0","image_override":[{"single_post_thumbnail_size":"crop-500","single_post_gallery_size":"crop-500"}],"trending_post":"0","trending_post_position":"meta","trending_post_label":"Trending","sponsored_post":"0","sponsored_post_label":"Sponsored by","sponsored_post_name":"","sponsored_post_url":"","sponsored_post_logo_enable":"0","sponsored_post_logo":"","sponsored_post_desc":""},"jnews_primary_category":{"id":""},"jnews_social_meta":{"fb_title":"","fb_description":"","fb_image":"","twitter_title":"","twitter_description":"","twitter_image":""},"jnews_override_counter":{"override_view_counter":"0","view_counter_number":"0","override_share_counter":"0","share_counter_number":"0","override_like_counter":"0","like_counter_number":"0","override_dislike_counter":"0","dislike_counter_number":"0"},"_joinchat":[],"footnotes":""},"categories":[27],"tags":[417,475,414,445],"class_list":["post-11022","post","type-post","status-publish","format-standard","has-post-thumbnail","hentry","category-local","tag-adiuvim","tag-edicion-133","tag-unvm","tag-utn"],"_links":{"self":[{"href":"https:\/\/tribunavm.com.ar\/index.php\/wp-json\/wp\/v2\/posts\/11022"}],"collection":[{"href":"https:\/\/tribunavm.com.ar\/index.php\/wp-json\/wp\/v2\/posts"}],"about":[{"href":"https:\/\/tribunavm.com.ar\/index.php\/wp-json\/wp\/v2\/types\/post"}],"author":[{"embeddable":true,"href":"https:\/\/tribunavm.com.ar\/index.php\/wp-json\/wp\/v2\/users\/2"}],"replies":[{"embeddable":true,"href":"https:\/\/tribunavm.com.ar\/index.php\/wp-json\/wp\/v2\/comments?post=11022"}],"version-history":[{"count":1,"href":"https:\/\/tribunavm.com.ar\/index.php\/wp-json\/wp\/v2\/posts\/11022\/revisions"}],"predecessor-version":[{"id":11024,"href":"https:\/\/tribunavm.com.ar\/index.php\/wp-json\/wp\/v2\/posts\/11022\/revisions\/11024"}],"wp:featuredmedia":[{"embeddable":true,"href":"https:\/\/tribunavm.com.ar\/index.php\/wp-json\/wp\/v2\/media\/11023"}],"wp:attachment":[{"href":"https:\/\/tribunavm.com.ar\/index.php\/wp-json\/wp\/v2\/media?parent=11022"}],"wp:term":[{"taxonomy":"category","embeddable":true,"href":"https:\/\/tribunavm.com.ar\/index.php\/wp-json\/wp\/v2\/categories?post=11022"},{"taxonomy":"post_tag","embeddable":true,"href":"https:\/\/tribunavm.com.ar\/index.php\/wp-json\/wp\/v2\/tags?post=11022"}],"curies":[{"name":"wp","href":"https:\/\/api.w.org\/{rel}","templated":true}]}}