{"id":11309,"date":"2024-07-29T02:47:03","date_gmt":"2024-07-29T02:47:03","guid":{"rendered":"https:\/\/tribunavm.com.ar\/?p=11309"},"modified":"2024-07-28T02:52:43","modified_gmt":"2024-07-28T02:52:43","slug":"carrera-electoral-en-ee-uu","status":"publish","type":"post","link":"https:\/\/tribunavm.com.ar\/index.php\/2024\/07\/29\/carrera-electoral-en-ee-uu\/","title":{"rendered":"Carrera electoral en EE.UU."},"content":{"rendered":"<div class=\"row clearfix\">\n<div class=\"col-md-8\">\n<p><span style=\"color: #212121; font-size: 1.5em; letter-spacing: -0.01em;\">Tras los pedidos hacia dentro del Partido Dem\u00f3crata, el presidente Joe Biden declin\u00f3 su candidatura.<\/span><\/p>\n<p><span style=\"font-weight: 400;\"><span class=\"dropcap \" style=\"background-color: #ffffff; color: #dd9933; border-color: #ffffff;\">E<\/span>stados Unidos contin\u00faa bajo la campa\u00f1a de cara a las elecciones presidenciales del 5 de noviembre. En este marco se definieron las candidaturas de los dos partidos centrales.<\/span><\/p>\n<p><span style=\"font-weight: 400;\">El domingo 21 de julio, el presidente Joe Biden anunci\u00f3 a trav\u00e9s de un<\/span><span style=\"color: #ff9900;\"><a style=\"color: #ff9900;\" href=\"https:\/\/x.com\/JoeBiden\/status\/1815080881981190320\"><span style=\"font-weight: 400;\"> comunicado en su cuenta de X<\/span><\/a><\/span><span style=\"font-weight: 400;\"> el retiro de su candidatura y su apoyo a la vicepresidenta, Kamala Harris, como su sucesora. Dos d\u00edas despu\u00e9s, durante un mitin en Milwaukee, Wisconsin, Harris anunci\u00f3 formalmente su candidatura por el Partido Dem\u00f3crata.<\/span><\/p>\n<p><span style=\"font-weight: 400;\">Por otro lado, tras el fin de las internas el 4 de junio y el intento de asesinato sufrido en un acto de campa\u00f1a en el Estado de Pensilvania el 13 de julio, el expresidente Donald Trump defini\u00f3 su acompa\u00f1ante de f\u00f3rmula, el senador por Ohio James David Vance.<\/span><\/p>\n<\/div>\n<\/div>\n","protected":false},"excerpt":{"rendered":"<p>Tras los pedidos hacia dentro del Partido Dem\u00f3crata, el presidente Joe Biden declin\u00f3 su candidatura.<\/p>\n","protected":false},"author":2,"featured_media":11310,"comment_status":"open","ping_status":"open","sticky":false,"template":"","format":"standard","meta":{"_exactmetrics_skip_tracking":false,"_exactmetrics_sitenote_active":false,"_exactmetrics_sitenote_note":"","_exactmetrics_sitenote_category":0,"jnews-multi-image_gallery":[],"jnews_single_post":{"source_name":"","source_url":"","via_name":"","via_url":"","override_template":"0","override":[{"template":"1","single_blog_custom":"","parallax":"1","fullscreen":"1","layout":"right-sidebar","sidebar":"default-sidebar","second_sidebar":"default-sidebar","sticky_sidebar":"1","share_position":"top","share_float_style":"share-monocrhome","show_share_counter":"1","show_view_counter":"1","show_featured":"1","show_post_meta":"1","show_post_author":"1","show_post_author_image":"1","show_post_date":"1","post_date_format":"default","post_date_format_custom":"Y\/m\/d","show_post_category":"1","show_post_reading_time":"0","post_reading_time_wpm":"300","show_zoom_button":"0","zoom_button_out_step":"2","zoom_button_in_step":"3","show_post_tag":"1","show_prev_next_post":"1","show_popup_post":"1","number_popup_post":"1","show_author_box":"0","show_post_related":"0","show_inline_post_related":"0"}],"override_image_size":"0","image_override":[{"single_post_thumbnail_size":"crop-500","single_post_gallery_size":"crop-500"}],"trending_post":"0","trending_post_position":"meta","trending_post_label":"Trending","sponsored_post":"0","sponsored_post_label":"Sponsored by","sponsored_post_name":"","sponsored_post_url":"","sponsored_post_logo_enable":"0","sponsored_post_logo":"","sponsored_post_desc":""},"jnews_primary_category":{"id":""},"jnews_social_meta":{"fb_title":"","fb_description":"","fb_image":"","twitter_title":"","twitter_description":"","twitter_image":""},"jnews_override_counter":{"override_view_counter":"0","view_counter_number":"0","override_share_counter":"0","share_counter_number":"0","override_like_counter":"0","like_counter_number":"0","override_dislike_counter":"0","dislike_counter_number":"0"},"_joinchat":[],"footnotes":""},"categories":[276],"tags":[500,198],"class_list":["post-11309","post","type-post","status-publish","format-standard","has-post-thumbnail","hentry","category-internacional","tag-edicion-136","tag-eeuu"],"_links":{"self":[{"href":"https:\/\/tribunavm.com.ar\/index.php\/wp-json\/wp\/v2\/posts\/11309"}],"collection":[{"href":"https:\/\/tribunavm.com.ar\/index.php\/wp-json\/wp\/v2\/posts"}],"about":[{"href":"https:\/\/tribunavm.com.ar\/index.php\/wp-json\/wp\/v2\/types\/post"}],"author":[{"embeddable":true,"href":"https:\/\/tribunavm.com.ar\/index.php\/wp-json\/wp\/v2\/users\/2"}],"replies":[{"embeddable":true,"href":"https:\/\/tribunavm.com.ar\/index.php\/wp-json\/wp\/v2\/comments?post=11309"}],"version-history":[{"count":1,"href":"https:\/\/tribunavm.com.ar\/index.php\/wp-json\/wp\/v2\/posts\/11309\/revisions"}],"predecessor-version":[{"id":11311,"href":"https:\/\/tribunavm.com.ar\/index.php\/wp-json\/wp\/v2\/posts\/11309\/revisions\/11311"}],"wp:featuredmedia":[{"embeddable":true,"href":"https:\/\/tribunavm.com.ar\/index.php\/wp-json\/wp\/v2\/media\/11310"}],"wp:attachment":[{"href":"https:\/\/tribunavm.com.ar\/index.php\/wp-json\/wp\/v2\/media?parent=11309"}],"wp:term":[{"taxonomy":"category","embeddable":true,"href":"https:\/\/tribunavm.com.ar\/index.php\/wp-json\/wp\/v2\/categories?post=11309"},{"taxonomy":"post_tag","embeddable":true,"href":"https:\/\/tribunavm.com.ar\/index.php\/wp-json\/wp\/v2\/tags?post=11309"}],"curies":[{"name":"wp","href":"https:\/\/api.w.org\/{rel}","templated":true}]}}