{"id":11326,"date":"2024-07-29T03:32:31","date_gmt":"2024-07-29T03:32:31","guid":{"rendered":"https:\/\/tribunavm.com.ar\/?p=11326"},"modified":"2024-07-29T00:22:34","modified_gmt":"2024-07-29T00:22:34","slug":"expo-rural-con-eje-en-las-retenciones-y-la-tecnologia","status":"publish","type":"post","link":"https:\/\/tribunavm.com.ar\/index.php\/2024\/07\/29\/expo-rural-con-eje-en-las-retenciones-y-la-tecnologia\/","title":{"rendered":"Expo rural con eje en las retenciones y la tecnolog\u00eda"},"content":{"rendered":"<div class=\"row clearfix\">\n<div class=\"col-md-8\">\n<div class=\"intro-text\">\n<p><span style=\"font-weight: 400;\">Durante los 10 d\u00edas que dur\u00f3 el encuentro, distintos funcionarios de gobierno realizaron reuniones y charlas donde se comprometieron a cumplir con las demandas del empresariado rural.<\/span><\/p>\n<\/div>\n<p><span style=\"font-weight: 400;\"><span class=\"dropcap \" style=\"background-color: #ffffff; color: #dd9933; border-color: #ffffff;\">D<\/span>el 18 al 28 de julio se llev\u00f3 a cabo la 136\u00b0 <\/span><span style=\"color: #ff9900;\"><a style=\"color: #ff9900;\" href=\"https:\/\/www.exposicionrural.com.ar\/\"><span style=\"font-weight: 400;\">Exposici\u00f3n Rural<\/span><\/a><\/span><span style=\"font-weight: 400;\">, un encuentro internacional sobre agricultura, ganader\u00eda e industria del sector. <\/span><b>Nicol\u00e1s Pino, presidente de la Sociedad Rural Argentina (SRA)<\/b><span style=\"font-weight: 400;\"> y <\/span><b>Jorge Macri, jefe de Gobierno de la Ciudad de Buenos Aires (CABA)<\/b><span style=\"font-weight: 400;\"> dieron comienzo al evento junto a los organizadores.<\/span><\/p>\n<p><span style=\"font-weight: 400;\">En el acto de apertura, Macri dijo que quiere formar \u201c<\/span><b>junto a las universidades, al Conicet y al INTA, un polo de investigaci\u00f3n y de formaci\u00f3n de valor<\/b><span style=\"font-weight: 400;\">\u201d. Adem\u00e1s, anunci\u00f3 la <\/span><b>firma de un acuerdo con la SRA sobre agtech, vinculado con la tecnolog\u00eda y el campo<\/b><span style=\"font-weight: 400;\">.<\/span><\/p>\n<p><span style=\"color: #ff9900;\"><b>Contra las retenciones<\/b><\/span><\/p>\n<p><span style=\"font-weight: 400;\">El lunes pasado, la ministra de Relaciones Exteriores, Diana Mondino, visit\u00f3 el encuentro junto a sus pares de Paraguay, Uruguay y Brasil, donde coment\u00f3 que \u201c<\/span><b>el Gobierno va a trabajar para eliminar aquellas barreras paraarancelarias<\/b><span style=\"font-weight: 400;\">\u201d con el objetivo de \u201c<\/span><b>abrir mercados<\/b><span style=\"font-weight: 400;\">\u201d.\u00a0<\/span><\/p>\n<p><span style=\"font-weight: 400;\">Al d\u00eda siguiente, el ministro de Econom\u00eda, Luis Caputo, junto a otros funcionarios de gobierno, se reuni\u00f3 con la Mesa de Enlace en el marco del encuentro donde se\u00f1al\u00f3 que \u201clas retenciones son un impuesto que, por supuesto, nos gustar\u00eda bajar prioritariamente\u201d pero \u201c<\/span><b>primero necesitamos super\u00e1vit fiscal y es una de las prioridades<\/b><span style=\"font-weight: 400;\">\u201d.\u00a0<\/span><\/p>\n<p><span style=\"font-weight: 400;\">Por su lado, Elbio Laucirica, titular de CONINAGRO, dijo al respecto que <\/span><b>&#8220;las retenciones y el pago de ingresos brutos son impuestos regresivos que no benefician a los que producimos. Nos perjudican&#8221;<\/b><span style=\"font-weight: 400;\">. Y aclar\u00f3 que \u201chay confianza del productor pero necesitamos alguna se\u00f1al a futuro para que podamos ver qu\u00e9 camino tomar&#8221;.<\/span><\/p>\n<p><span style=\"font-weight: 400;\">Luego de las declaraciones, el fin de semana la Confederaci\u00f3n Rural Argentina (CRA) public\u00f3 un comunicado titulado \u201c<\/span><b>Los tiempos del campo no son los tiempos del gobierno<\/b><span style=\"font-weight: 400;\">\u201d, donde <\/span><b>rechazan los derechos de exportaci\u00f3n por considerarlos \u201cun impuesto injusto, arbitrario y distorsivo\u201d<\/b><span style=\"font-weight: 400;\">.\u00a0<\/span><\/p>\n<p><span style=\"font-weight: 400;\">\u201cLas retenciones hacen mucho da\u00f1o a la producci\u00f3n y resulta imperativo que se eliminen antes del fin del mandato del actual gobierno\u201d, comentaron, e hicieron un <\/span><b>llamado al gobierno \u201cpara que tome medidas con car\u00e1cter perentorio y concrete la eliminaci\u00f3n de las retenciones\u201d.<\/b><span style=\"font-weight: 400;\">\u00a0<\/span><\/p>\n<p><span style=\"color: #ff9900;\"><b>Exigencias y compromisos al cierre del encuentro<\/b><\/span><\/p>\n<p><span style=\"font-weight: 400;\">Ayer, en el cierre del encuentro, el presidente de la Sociedad Rural Argentina, Nicol\u00e1s Pino, haci\u00e9ndose eco de las manifestaciones del sector, expres\u00f3 que \u201c<\/span><b>los productores seguimos agobiados por los derechos de exportaci\u00f3n, conocidos como las retenciones, que tratan en forma desigual al campo, en comparaci\u00f3n con los dem\u00e1s sectores econ\u00f3micos y productivos<\/b><span style=\"font-weight: 400;\">.\u00a0<\/span><\/p>\n<p><span style=\"font-weight: 400;\">\u201cLas retenciones son un impuesto distorsivo, discriminatorio y confiscatorio\u201d, por ello, lo que producen \u201ces el desaliento y la desaparici\u00f3n de productores agropecuarios. concluy\u00f3 el gremialista rural.<\/span><\/p>\n<p><span style=\"font-weight: 400;\">Posteriormente, Javier Milei, cerr\u00f3 el encuentro diciendo que \u201c<\/span><b>venimos a limitar el poder arbitrario del gobierno, venimos a liberar al sector privado, venimos a sacarles de encima la bota asfixiantes del Estado a los productores\u201d<\/b><span style=\"font-weight: 400;\">.\u00a0<\/span><\/p>\n<p><span style=\"font-weight: 400;\">Y, aclar\u00f3: \u201cde hecho esa si que lo estamos haciendo, porque <\/span><b>la verdadera carga que tiene que soportar el sector privado es el peso del sector p\u00fablico dentro de la econom\u00eda y este gobierno ha hecho una reducci\u00f3n del 30% en t\u00e9rminos reales<\/b><span style=\"font-weight: 400;\"> del tama\u00f1o del sector p\u00fablico\u201d.\u00a0<\/span><\/p>\n<p><span style=\"font-weight: 400;\">\u201cY lo hacemos porque entendemos que los empresarios son benefactores sociales y que <\/span><b>su b\u00fasqueda de ganancia redunda para un beneficio para el conjunto de la sociedad<\/b><span style=\"font-weight: 400;\">\u201d, fundament\u00f3.<\/span><\/p>\n<\/div>\n<\/div>\n","protected":false},"excerpt":{"rendered":"<p>Durante los 10 d\u00edas que dur\u00f3 el encuentro, distintos funcionarios de gobierno realizaron reuniones y charlas donde se comprometieron a cumplir con las demandas del empresariado rural.<\/p>\n","protected":false},"author":2,"featured_media":11327,"comment_status":"open","ping_status":"open","sticky":false,"template":"","format":"standard","meta":{"_exactmetrics_skip_tracking":false,"_exactmetrics_sitenote_active":false,"_exactmetrics_sitenote_note":"","_exactmetrics_sitenote_category":0,"jnews-multi-image_gallery":[],"jnews_single_post":{"source_name":"","source_url":"","via_name":"","via_url":"","override_template":"0","override":[{"template":"1","single_blog_custom":"","parallax":"1","fullscreen":"1","layout":"right-sidebar","sidebar":"default-sidebar","second_sidebar":"default-sidebar","sticky_sidebar":"1","share_position":"top","share_float_style":"share-monocrhome","show_share_counter":"1","show_view_counter":"1","show_featured":"1","show_post_meta":"1","show_post_author":"1","show_post_author_image":"1","show_post_date":"1","post_date_format":"default","post_date_format_custom":"Y\/m\/d","show_post_category":"1","show_post_reading_time":"0","post_reading_time_wpm":"300","show_zoom_button":"0","zoom_button_out_step":"2","zoom_button_in_step":"3","show_post_tag":"1","show_prev_next_post":"1","show_popup_post":"1","number_popup_post":"1","show_author_box":"0","show_post_related":"0","show_inline_post_related":"0"}],"override_image_size":"0","image_override":[{"single_post_thumbnail_size":"crop-500","single_post_gallery_size":"crop-500"}],"trending_post":"0","trending_post_position":"meta","trending_post_label":"Trending","sponsored_post":"0","sponsored_post_label":"Sponsored by","sponsored_post_name":"","sponsored_post_url":"","sponsored_post_logo_enable":"0","sponsored_post_logo":"","sponsored_post_desc":""},"jnews_primary_category":{"id":""},"jnews_social_meta":{"fb_title":"","fb_description":"","fb_image":"","twitter_title":"","twitter_description":"","twitter_image":""},"jnews_override_counter":{"override_view_counter":"0","view_counter_number":"0","override_share_counter":"0","share_counter_number":"0","override_like_counter":"0","like_counter_number":"0","override_dislike_counter":"0","dislike_counter_number":"0"},"_joinchat":[],"footnotes":""},"categories":[278],"tags":[41,500,454],"class_list":["post-11326","post","type-post","status-publish","format-standard","has-post-thumbnail","hentry","category-economia","tag-agro","tag-edicion-136","tag-sociedad-rural-argentina-sra"],"_links":{"self":[{"href":"https:\/\/tribunavm.com.ar\/index.php\/wp-json\/wp\/v2\/posts\/11326"}],"collection":[{"href":"https:\/\/tribunavm.com.ar\/index.php\/wp-json\/wp\/v2\/posts"}],"about":[{"href":"https:\/\/tribunavm.com.ar\/index.php\/wp-json\/wp\/v2\/types\/post"}],"author":[{"embeddable":true,"href":"https:\/\/tribunavm.com.ar\/index.php\/wp-json\/wp\/v2\/users\/2"}],"replies":[{"embeddable":true,"href":"https:\/\/tribunavm.com.ar\/index.php\/wp-json\/wp\/v2\/comments?post=11326"}],"version-history":[{"count":2,"href":"https:\/\/tribunavm.com.ar\/index.php\/wp-json\/wp\/v2\/posts\/11326\/revisions"}],"predecessor-version":[{"id":11346,"href":"https:\/\/tribunavm.com.ar\/index.php\/wp-json\/wp\/v2\/posts\/11326\/revisions\/11346"}],"wp:featuredmedia":[{"embeddable":true,"href":"https:\/\/tribunavm.com.ar\/index.php\/wp-json\/wp\/v2\/media\/11327"}],"wp:attachment":[{"href":"https:\/\/tribunavm.com.ar\/index.php\/wp-json\/wp\/v2\/media?parent=11326"}],"wp:term":[{"taxonomy":"category","embeddable":true,"href":"https:\/\/tribunavm.com.ar\/index.php\/wp-json\/wp\/v2\/categories?post=11326"},{"taxonomy":"post_tag","embeddable":true,"href":"https:\/\/tribunavm.com.ar\/index.php\/wp-json\/wp\/v2\/tags?post=11326"}],"curies":[{"name":"wp","href":"https:\/\/api.w.org\/{rel}","templated":true}]}}