{"id":11379,"date":"2024-08-12T00:15:20","date_gmt":"2024-08-12T00:15:20","guid":{"rendered":"https:\/\/tribunavm.com.ar\/?p=11379"},"modified":"2024-08-12T12:27:11","modified_gmt":"2024-08-12T12:27:11","slug":"la-reforma-avanza-con-o-sin-la-cgt","status":"publish","type":"post","link":"https:\/\/tribunavm.com.ar\/index.php\/2024\/08\/12\/la-reforma-avanza-con-o-sin-la-cgt\/","title":{"rendered":"La reforma avanza, con o sin la CGT"},"content":{"rendered":"<div class=\"row clearfix\">\n<div class=\"col-md-8\">\n<p><span style=\"color: #212121; font-size: 1.5em; letter-spacing: -0.01em;\">El Gobierno concret\u00f3 el primer encuentro para instrumentar la reforma laboral de la Ley Bases. En Misiones, un empresario fue favorecido por la Justicia por la aplicaci\u00f3n de las nuevas normativas.<\/span><\/p>\n<p><span style=\"font-weight: 400;\"><span class=\"dropcap \" style=\"background-color: #ffffff; color: #dd9933; border-color: #ffffff;\">E<\/span>l pasado 31 de julio se desarroll\u00f3 el primer encuentro de la \u201cprimer mesa de di\u00e1logo social\u201d convocada por el Gobierno con el objetivo de \u201c<\/span><b>avanzar en la reglamentaci\u00f3n de la Ley Bases e ir incorporando propuestas nuevas para la modernizaci\u00f3n laboral<\/b><span style=\"font-weight: 400;\">&#8220;, seg\u00fan asegur\u00f3 durante el evento Julio Cordero, el secretario de Trabajo.<\/span><\/p>\n<p><span style=\"font-weight: 400;\">Adem\u00e1s de Cordero, la comitiva gubernamental estuvo encabezada por los ministros Sandra Pettovello (Capital Humano) y Federico Sturzenegger (Desregulaci\u00f3n y Transformaci\u00f3n del Estado) y el titular del Banco Central, Santiago Bausili.<\/span><\/p>\n<blockquote class=\"pullquote align-right\"><p><a href=\"https:\/\/tribunavm.com.ar\/index.php\/2020\/10\/20\/consejo-economico-y-social-ejes-para-afrontar-la-crisis\/\"><span style=\"font-weight: 400;\"><span style=\"color: #ff9900;\">Ver: <\/span><strong><span style=\"color: #ff9900;\">Consejo Econ\u00f3mico y Social: ejes para afrontar la crisis<\/span><\/strong> <\/span><\/a><\/p><\/blockquote>\n<p><span style=\"font-weight: 400;\">La pata empresaria de la mesa estuvo ampliamente representada con la presencia de miembros de la Uni\u00f3n Industrial Argentina (UIA), la Asociaci\u00f3n de Industriales Metal\u00fargicos (ADIMRA), la C\u00e1mara Argentina de la Construcci\u00f3n (CAMARCO), la C\u00e1mara Argentina de Comercio (CAC), la Sociedad Rural (SRA), y la Asociaci\u00f3n de Bancos Argentinos (ABA), entre otros.<\/span><\/p>\n<figure id=\"attachment_11380\" aria-describedby=\"caption-attachment-11380\" style=\"width: 750px\" class=\"wp-caption alignnone\"><img loading=\"lazy\" decoding=\"async\" class=\"size-jnews-750x536 wp-image-11380\" src=\"https:\/\/tribunavm.com.ar\/wp-content\/uploads\/2024\/08\/interna-750x536.jpg\" alt=\"\" width=\"750\" height=\"536\" srcset=\"https:\/\/tribunavm.com.ar\/wp-content\/uploads\/2024\/08\/interna-750x536.jpg 750w, https:\/\/tribunavm.com.ar\/wp-content\/uploads\/2024\/08\/interna-120x86.jpg 120w, https:\/\/tribunavm.com.ar\/wp-content\/uploads\/2024\/08\/interna-350x250.jpg 350w\" sizes=\"(max-width: 750px) 100vw, 750px\" \/><figcaption id=\"caption-attachment-11380\" class=\"wp-caption-text\">La mesa del \u201cdi\u00e1logo social\u201d. Tiempo Argentino.<\/figcaption><\/figure>\n<p><span style=\"font-weight: 400;\">La pata corta de la mesa fue la sindical, que solo cont\u00f3 la presencia de Alberto Tomassone de la Federaci\u00f3n Argentina de Empleados de Comercio. En lugar de las entidades gremiales, fueron en representaci\u00f3n del trabajo una funcionaria de la Organizaci\u00f3n Internacional del Trabajo (OIT), Sara Luna Camacho; la presidenta de la Comisi\u00f3n de Trabajo en el Senado, Carmen \u00c1lvarez; y el diputado Sergio Eduardo Capozzi.<\/span><\/p>\n<p><span style=\"font-weight: 400;\">Ante la ausencia de las centrales obreras, Cordero asegur\u00f3 tras la reuni\u00f3n que la mesa permanecer\u00e1 abierta para que \u201cse nutra de las visiones para promover condiciones que generen empleo genuino y de calidad\u201d.\u00a0<\/span><\/p>\n<p><span style=\"font-weight: 400;\">Desafiante, la ministra <\/span><b>Pettovello<\/b><span style=\"font-weight: 400;\"> a\u00f1adi\u00f3 en X: &#8220;Invitamos a todos los sectores del mundo del trabajo, <\/span><b>pero se ve que la CGT le tiene miedo a Moyano<\/b><span style=\"font-weight: 400;\">&#8220;. Desde la CGT, el secretario <\/span><b>Hector Daer<\/b><span style=\"font-weight: 400;\"> asegur\u00f3 al diario Clar\u00edn que &#8220;no mandaron ninguna convocatoria. Nadie sab\u00eda ni fecha ni hora, <\/span><b>Cordero arm\u00f3 una mesa sin avisarle a nadie<\/b><span style=\"font-weight: 400;\">&#8220;.<\/span><\/p>\n<blockquote class=\"twitter-tweet\">\n<p dir=\"ltr\" lang=\"es\">La mesa de Di\u00e1logo Social est\u00e1 abierta. Invitamos a todos los sectores del mundo del trabajo, pero se ve que la CGT le tiene miedo a Moyano. <a href=\"https:\/\/t.co\/fOkZv4hqlh\">pic.twitter.com\/fOkZv4hqlh<\/a><\/p>\n<p>\u2014 Ministerio de Capital Humano (@MinCapHum_Ar) <a href=\"https:\/\/twitter.com\/MinCapHum_Ar\/status\/1818727349896032350?ref_src=twsrc%5Etfw\">July 31, 2024<\/a><\/p><\/blockquote>\n<p><script async src=\"https:\/\/platform.twitter.com\/widgets.js\" charset=\"utf-8\"><\/script><\/p>\n<p><span style=\"font-weight: 400;\">Esta semana se convocar\u00e1 otra reuni\u00f3n de la mesa social donde se espera la presencia de algunos sectores de la CGT. En la marcha de San Cayetano, <\/span><b>Pablo Moyano<\/b><span style=\"font-weight: 400;\">, otro de los tres secretarios de la CGT, rechaz\u00f3 la convocatoria: \u201c<\/span><b>Es todo verso. No me voy a prestar a una foto con estos delincuentes<\/b><span style=\"font-weight: 400;\">\u201d.<\/span><\/p>\n<p><span style=\"color: #ff9900;\"><b>Justicia inclinada<\/b><span style=\"font-weight: 400;\">\u00a0<\/span><\/span><\/p>\n<p><span style=\"font-weight: 400;\">La semana pasada, en un juicio iniciado en 2016, un juez de Misiones aplic\u00f3 el primer fallo de despido de un trabajador sin multas para el empleador de un pe\u00f3n rural que trabaj\u00f3 5 a\u00f1os sin haber sido registrado. El juez no aplic\u00f3 las multas de los art\u00edculos 80 de la Ley de Contrato de Trabajo ni las correspondientes al empleo no registrado por estar derogadas con la Ley de Bases (ley 27.742). \u201cNo se le puede aplicar una sanci\u00f3n contemplada en una norma que al momento del dictado de la sentencia no se encuentra vigente&#8221;, se\u00f1al\u00f3 el jurista.<\/span><\/p>\n<p><span style=\"font-weight: 400;\">El abogado laborista, Mat\u00edas Cremonte, declar\u00f3 al medio InfoGremiales que \u201cdurante toda la relaci\u00f3n laboral y al momento del despido reg\u00edan las leyes que establec\u00edan esas indemnizaciones agravadas, por lo tanto no tiene ning\u00fan sentido la aplicaci\u00f3n de una norma que acaba de ser sancionada\u201d.<\/span><\/p>\n<\/div>\n<\/div>\n","protected":false},"excerpt":{"rendered":"<p>El Gobierno concret\u00f3 el primer encuentro para instrumentar la reforma laboral de la Ley Bases. En Misiones, un empresario fue favorecido por la Justicia por la aplicaci\u00f3n de las nuevas normativas.<\/p>\n","protected":false},"author":2,"featured_media":11381,"comment_status":"open","ping_status":"open","sticky":false,"template":"","format":"standard","meta":{"_exactmetrics_skip_tracking":false,"_exactmetrics_sitenote_active":false,"_exactmetrics_sitenote_note":"","_exactmetrics_sitenote_category":0,"jnews-multi-image_gallery":[],"jnews_single_post":{"source_name":"","source_url":"","via_name":"","via_url":"","override_template":"0","override":[{"template":"1","single_blog_custom":"","parallax":"1","fullscreen":"1","layout":"right-sidebar","sidebar":"default-sidebar","second_sidebar":"default-sidebar","sticky_sidebar":"1","share_position":"top","share_float_style":"share-monocrhome","show_share_counter":"1","show_view_counter":"1","show_featured":"1","show_post_meta":"1","show_post_author":"1","show_post_author_image":"1","show_post_date":"1","post_date_format":"default","post_date_format_custom":"Y\/m\/d","show_post_category":"1","show_post_reading_time":"0","post_reading_time_wpm":"300","show_zoom_button":"0","zoom_button_out_step":"2","zoom_button_in_step":"3","show_post_tag":"1","show_prev_next_post":"1","show_popup_post":"1","number_popup_post":"1","show_author_box":"0","show_post_related":"0","show_inline_post_related":"0"}],"override_image_size":"0","image_override":[{"single_post_thumbnail_size":"crop-500","single_post_gallery_size":"crop-500"}],"trending_post":"0","trending_post_position":"meta","trending_post_label":"Trending","sponsored_post":"0","sponsored_post_label":"Sponsored by","sponsored_post_name":"","sponsored_post_url":"","sponsored_post_logo_enable":"0","sponsored_post_logo":"","sponsored_post_desc":""},"jnews_primary_category":{"id":""},"jnews_social_meta":{"fb_title":"","fb_description":"","fb_image":"","twitter_title":"","twitter_description":"","twitter_image":""},"jnews_override_counter":{"override_view_counter":"0","view_counter_number":"0","override_share_counter":"0","share_counter_number":"0","override_like_counter":"0","like_counter_number":"0","override_dislike_counter":"0","dislike_counter_number":"0"},"_joinchat":[],"footnotes":""},"categories":[279],"tags":[495,509,510,434,190,508,454,333],"class_list":["post-11379","post","type-post","status-publish","format-standard","has-post-thumbnail","hentry","category-gobierno","tag-aba-asociacion-de-bancos-de-la-argentina","tag-asociacion-de-industriales-metalurgicos-adimra","tag-camara-argentina-de-comercio-cac","tag-camarco","tag-cgt","tag-edicion-137","tag-sociedad-rural-argentina-sra","tag-union-industrial-argentina-uia"],"_links":{"self":[{"href":"https:\/\/tribunavm.com.ar\/index.php\/wp-json\/wp\/v2\/posts\/11379"}],"collection":[{"href":"https:\/\/tribunavm.com.ar\/index.php\/wp-json\/wp\/v2\/posts"}],"about":[{"href":"https:\/\/tribunavm.com.ar\/index.php\/wp-json\/wp\/v2\/types\/post"}],"author":[{"embeddable":true,"href":"https:\/\/tribunavm.com.ar\/index.php\/wp-json\/wp\/v2\/users\/2"}],"replies":[{"embeddable":true,"href":"https:\/\/tribunavm.com.ar\/index.php\/wp-json\/wp\/v2\/comments?post=11379"}],"version-history":[{"count":1,"href":"https:\/\/tribunavm.com.ar\/index.php\/wp-json\/wp\/v2\/posts\/11379\/revisions"}],"predecessor-version":[{"id":11382,"href":"https:\/\/tribunavm.com.ar\/index.php\/wp-json\/wp\/v2\/posts\/11379\/revisions\/11382"}],"wp:featuredmedia":[{"embeddable":true,"href":"https:\/\/tribunavm.com.ar\/index.php\/wp-json\/wp\/v2\/media\/11381"}],"wp:attachment":[{"href":"https:\/\/tribunavm.com.ar\/index.php\/wp-json\/wp\/v2\/media?parent=11379"}],"wp:term":[{"taxonomy":"category","embeddable":true,"href":"https:\/\/tribunavm.com.ar\/index.php\/wp-json\/wp\/v2\/categories?post=11379"},{"taxonomy":"post_tag","embeddable":true,"href":"https:\/\/tribunavm.com.ar\/index.php\/wp-json\/wp\/v2\/tags?post=11379"}],"curies":[{"name":"wp","href":"https:\/\/api.w.org\/{rel}","templated":true}]}}