{"id":11386,"date":"2024-08-12T00:26:43","date_gmt":"2024-08-12T00:26:43","guid":{"rendered":"https:\/\/tribunavm.com.ar\/?p=11386"},"modified":"2024-08-11T00:42:26","modified_gmt":"2024-08-11T00:42:26","slug":"elecciones-en-estados-unidos-el-parteaguas-mundial","status":"publish","type":"post","link":"https:\/\/tribunavm.com.ar\/index.php\/2024\/08\/12\/elecciones-en-estados-unidos-el-parteaguas-mundial\/","title":{"rendered":"Elecciones en Estados Unidos el parteaguas mundial"},"content":{"rendered":"<div class=\"row clearfix\">\n<div class=\"col-md-8\">\n<p><span style=\"color: #212121; font-size: 1.5em; letter-spacing: -0.01em;\">Las internas de la \u00e9lite global por ordenar la casa (blanca) marcan el futuro incierto de un mundo en plena guerra.\u00a0<\/span><\/p>\n<p><span style=\"font-weight: 400;\"><span class=\"dropcap \" style=\"background-color: #ffffff; color: #dd9933; border-color: #ffffff;\">E<\/span>l 5 de noviembre tendr\u00e1n lugar las elecciones presidenciales que definir\u00e1n qui\u00e9n ocupar\u00e1 la Oficina Oval\u200b por los pr\u00f3ximos cuatro a\u00f1os. Entre los candidatos que disputan la contienda electoral se encuentran, por un lado, el binomio Donald Trump-James David Vance (Partido Republicano) y, por el otro, Kamala Harris- Tim Walz (Partido Dem\u00f3crata).<\/span><\/p>\n<p><span style=\"font-weight: 400;\">Con ese contexto, julio estuvo marcado por m\u00faltiples operaciones en la coyuntura electoral, lo que muestra el estado de conflicto entre fuerzas que intentan marcar lo que ser\u00e1 la agenda hacia delante de la econom\u00eda m\u00e1s poderosa del mundo.<\/span><\/p>\n<p><span style=\"font-weight: 400;\">Caso concreto fue el intento de asesinato del candidato Donald Trump el pasado 13 de julio durante un acto en el estado de Pennsylvania.<\/span><span style=\"font-weight: 400;\"> \u201cMe dispararon con una bala que atraves\u00f3 la parte superior de mi oreja derecha\u201d. \u201cEs incre\u00edble que algo as\u00ed pueda ocurrir en nuestro pa\u00eds\u201d, hab\u00eda declarado Trump.\u00a0<\/span><\/p>\n<p><span style=\"font-weight: 400;\">Por el lado de los democratas, se acrecentaron los conflictos para la definici\u00f3n del candidato luego de que Joe Biden fuera ampliamente criticado por su estado \u201csenil\u201d hasta que, luego de bajarse de la candidatura, el pasado 5 de agosto el 99% de los delegados dem\u00f3cratas definieron a la actual vicepresidenta como candidata del partido.<\/span><\/p>\n<figure id=\"attachment_11387\" aria-describedby=\"caption-attachment-11387\" style=\"width: 767px\" class=\"wp-caption alignnone\"><img loading=\"lazy\" decoding=\"async\" class=\"wp-image-11387 size-large\" src=\"https:\/\/tribunavm.com.ar\/wp-content\/uploads\/2024\/08\/Portada-The-Economist-767x1024.png\" alt=\"\" width=\"767\" height=\"1024\" srcset=\"https:\/\/tribunavm.com.ar\/wp-content\/uploads\/2024\/08\/Portada-The-Economist-767x1024.png 767w, https:\/\/tribunavm.com.ar\/wp-content\/uploads\/2024\/08\/Portada-The-Economist-225x300.png 225w, https:\/\/tribunavm.com.ar\/wp-content\/uploads\/2024\/08\/Portada-The-Economist-768x1025.png 768w, https:\/\/tribunavm.com.ar\/wp-content\/uploads\/2024\/08\/Portada-The-Economist-750x1001.png 750w, https:\/\/tribunavm.com.ar\/wp-content\/uploads\/2024\/08\/Portada-The-Economist.png 899w\" sizes=\"(max-width: 767px) 100vw, 767px\" \/><figcaption id=\"caption-attachment-11387\" class=\"wp-caption-text\">Portada del medio The Economist ante la declinaci\u00f3n de Joe Biden como candidato a las elecciones presidenciales del 5 de noviembre.<\/figcaption><\/figure>\n<p><span style=\"color: #ff9900;\"><b>Trasfondo electoral<\/b><\/span><\/p>\n<p><span style=\"font-weight: 400;\">El escenario de conflicto entre las clases dominantes se agudiza presionando cada vez m\u00e1s sobre la resoluci\u00f3n electoral. Esta no es una elecci\u00f3n m\u00e1s, puesto que el contexto d\u00f3nde se desarrolla la competencia tiene como trasfondo las marcas que la guerra est\u00e1 dejando en el orden mundial. Aquello que a diario se presenta como noticia cotidiana y mera coyuntura es la forma por la cual se expresa el estado de conflicto entre las \u00e9lites por el dise\u00f1o de una nueva arquitectura global.<\/span><\/p>\n<p><span style=\"font-weight: 400;\">Entre las m\u00e1s recientes podemos encontrar la pandemia del Covid-19 que desat\u00f3 una profunda discusi\u00f3n acerca de la \u201cdebilidad\u201d de las cadenas globales de valor- com\u00fanmente denominadas \u201ccadenas de suministro\u201d- de sectores comerciales de Estados Unidos; los actuales frentes de batalla en Europa con la guerra entre Ucrania-Rusia que advierte un creciente retroceso del poder\u00edo de la OTAN y un avance ruso en la frontera europea y el conflicto en Oriente Medio que arrastra a Estados Unidos a participar directamente.<\/span><\/p>\n<blockquote class=\"pullquote align-right\"><p><span style=\"color: #ff9900;\"><span style=\"font-weight: 400;\">Ver: <\/span><strong><a style=\"color: #ff9900;\" href=\"https:\/\/tribunavm.com.ar\/index.php\/2022\/05\/09\/consenso-para-el-nuevo-orden-mundial\/\">Consenso para el nuevo orden mundial<\/a><\/strong><\/span><\/p><\/blockquote>\n<p><span style=\"font-weight: 400;\">En la misma sinton\u00eda est\u00e1 latente la expansi\u00f3n de los acuerdos comerciales de China con el mundo, expresados en la expansi\u00f3n de los acuerdos de la Franja y Ruta de la Seda, y aparici\u00f3n de bloques multilaterales como BRICS, la ASEAN, la Organizaci\u00f3n de Cooperaci\u00f3n de Shangh\u00e1i, el acercamiento entre Arabia Saud\u00ed e Ir\u00e1n con mediaci\u00f3n de China, incluso la proliferaci\u00f3n de acuerdos comerciales en monedas paralelas al d\u00f3lar.<\/span><\/p>\n<p><span style=\"color: #ff9900;\"><b>El Valle del Silicio y Wall Street en la contienda<\/b><\/span><\/p>\n<p><span style=\"font-weight: 400;\">Empresas de los sectores tecnol\u00f3gicos y financieros necesitan asegurar estabilidad para sus negocios en el \u201cpa\u00eds de la democracia\u201d y Trump est\u00e1 leyendo esa situaci\u00f3n. <\/span><b>Muestra de esto fue la participaci\u00f3n a finales de julio en la conferencia Bitcoin 2024 de Nashville.<\/b><\/p>\n<p><span style=\"font-weight: 400;\">Durante su intervenci\u00f3n, <\/span><b>Trump prometi\u00f3 convertir Estados Unidos en \u201cla capital cripto del planeta y la superpotencia mundial del bitcoin\u201d<\/b><span style=\"font-weight: 400;\"> al crear una reserva nacional en esa moneda <\/span><b>y despedir al presidente de la Comisi\u00f3n de Bolsa y Valores de Estados Unidos (la SEC), Gary Gensler, quien ha reconocido su posici\u00f3n de regulaci\u00f3n de activos cripto.<\/b><span style=\"font-weight: 400;\"> Adem\u00e1s acus\u00f3 a Kamala Harris de emprender una \u201ccruzada contra el Bitcoin\u201d y advirti\u00f3 que si Estados Unidos no toma la delantera, China y otros pa\u00edses lo har\u00e1n.<\/span><\/p>\n<p><span style=\"font-weight: 400;\">Otra acci\u00f3n en ese sentido fue sumar a Vance como candidato de f\u00f3rmula quien trabaj\u00f3 como director del fondo de capital de riesgo Mithril Capital, entre 2016 y 2017, propiedad de Peter Thiel, co-fundador de la plataforma Palantir (inteligencia artificial para seguridad), y PayPal (plataforma de pagos) junto a Elon Musk, empresario magnate de Tesla, SpaceX, la red social X -anteriormente Twitter-, entre otras y embarcado de lleno en la campa\u00f1a a favor de Trump.<\/span><\/p>\n<figure id=\"attachment_11388\" aria-describedby=\"caption-attachment-11388\" style=\"width: 750px\" class=\"wp-caption alignnone\"><img loading=\"lazy\" decoding=\"async\" class=\"size-jnews-750x536 wp-image-11388\" src=\"https:\/\/tribunavm.com.ar\/wp-content\/uploads\/2024\/08\/Palantir-750x536.jpg\" alt=\"\" width=\"750\" height=\"536\" srcset=\"https:\/\/tribunavm.com.ar\/wp-content\/uploads\/2024\/08\/Palantir-750x536.jpg 750w, https:\/\/tribunavm.com.ar\/wp-content\/uploads\/2024\/08\/Palantir-120x86.jpg 120w, https:\/\/tribunavm.com.ar\/wp-content\/uploads\/2024\/08\/Palantir-350x250.jpg 350w, https:\/\/tribunavm.com.ar\/wp-content\/uploads\/2024\/08\/Palantir-1140x815.jpg 1140w\" sizes=\"(max-width: 750px) 100vw, 750px\" \/><figcaption id=\"caption-attachment-11388\" class=\"wp-caption-text\">Palantir, proveedor de inteligencia artificial militar y de espionaje, anunci\u00f3 una asociaci\u00f3n junto a Microsoft el pasado 9 de agosto para proporcionar herramientas de inteligencia artificial y servicios de computaci\u00f3n en la nube a las agencias de defensa e inteligencia de Estados Unidos.<\/figcaption><\/figure>\n<p><span style=\"font-weight: 400;\">Vance advirti\u00f3 que el problema que enfrentan las startups de peque\u00f1a escala en el marco de la carrera por el dominio de la inteligencia artificial debido a que empresas del complejo tecnol\u00f3gico, como Google, Amazon o Apple, est\u00e1n tomando la delantera, obstruyendo la competencia al absorber proyectos de menor escala.<\/span><\/p>\n<p><span style=\"font-weight: 400;\">\u201cMuy a menudo los directores generales, especialmente de las grandes empresas tecnol\u00f3gicas que creo que ya tienen posiciones ventajosas en la IA, vienen y hablan de los terribles peligros para la seguridad de esta nueva tecnolog\u00eda y de c\u00f3mo el Congreso tiene que regular lo antes posible. Y no puedo evitar preocuparme de que si hacemos algo bajo la presi\u00f3n de los actuales titulares, ser\u00e1 en beneficio de esos titulares y no en beneficio del consumidor estadounidense\u201d, sostuvo Vance en una comisi\u00f3n sobre privacidad e IA en la C\u00e1mara de Representantes.<\/span><\/p>\n<p><span style=\"font-weight: 400;\">El hijo de George Soros (Fundaci\u00f3n Open Society), a cargo del emporio familiar, tambi\u00e9n ha tomado partida en la contienda electoral. Alexander Soros, durante un encuentro reciente de la candidatura de Harris por los dem\u00f3cratas, sostuvo: \u201cEs hora de que todos nos unamos en torno a Kamala Harris y derrotemos a Donald Trump. Ella es la mejor y m\u00e1s calificada candidata que tenemos. \u00a1Viva el sue\u00f1o americano!\u201d.<\/span><\/p>\n<blockquote class=\"twitter-tweet\">\n<p dir=\"ltr\" lang=\"en\">It\u2019s time for us all to unite around Kamala Harris and beat Donald Trump. She is the best and most qualified candidate we have. Long live the American Dream! \ud83c\uddfa\ud83c\uddf8 \ud83d\uddfd <a href=\"https:\/\/twitter.com\/hashtag\/Harris2024?src=hash&amp;ref_src=twsrc%5Etfw\">#Harris2024<\/a> <a href=\"https:\/\/t.co\/KG09YnWHZK\">pic.twitter.com\/KG09YnWHZK<\/a><\/p>\n<p>\u2014 Alex Soros (@AlexanderSoros) <a href=\"https:\/\/twitter.com\/AlexanderSoros\/status\/1815108202499027417?ref_src=twsrc%5Etfw\">July 21, 2024<\/a><\/p><\/blockquote>\n<p><script async src=\"https:\/\/platform.twitter.com\/widgets.js\" charset=\"utf-8\"><\/script><\/p>\n<blockquote class=\"pullquote align-center\"><p><span style=\"color: #ff9900;\"><i><span style=\"font-weight: 400;\">Elon Musk hab\u00eda considerado anteriormente que George Soros &#8220;odia fundamentalmente a la humanidad&#8221;. Est\u00e1 haciendo cosas que erosionan el tejido de la civilizaci\u00f3n&#8221;. Desde su punto de vista &#8220;Soros se dio cuenta de que en realidad no es necesario cambiar las leyes, solo hay que cambiar la forma en que se aplican\u201d.<\/span><\/i><\/span><\/p><\/blockquote>\n<p><b>Seg\u00fan la revista Forbes, \u201cno est\u00e1 claro cu\u00e1les ser\u00edan las pol\u00edticas de Harris hacia los bancos, dado su escaso historial en la materia, pero los analistas siguen esperando que Donald Trump sea mucho m\u00e1s amigable con las firmas financieras\u201d.\u00a0<\/b><\/p>\n<p><span style=\"font-weight: 400;\">A su vez destacan que \u201clos estrategas de UBS dirigidos por Jonathan Golub identificaron al sector financiero como el grupo que \u00abm\u00e1s deber\u00eda beneficiarse de una victoria de Trump\u00bb, lo que se debe a la <\/span><b>promesa del expresidente de liberar a Wall Street de \u00abregulaciones onerosas\u00bb<\/b><span style=\"font-weight: 400;\">\u201d. <\/span><span style=\"font-weight: 400;\">En ese reporte destacaron que \u201clos estrategas de Morgan Stanley dirigidos por Michael Wilson tambi\u00e9n identificaron las acciones bancarias como uno de los principales ganadores potenciales de una victoria de Trump\u201d.<\/span><\/p>\n<p><span style=\"color: #ff9900;\"><b>Guerra y recesi\u00f3n<\/b><\/span><\/p>\n<p><span style=\"font-weight: 400;\">Otro punto de diferencia marcado en las elecciones fue la pol\u00edtica exterior y los conflictos militares. Seg\u00fan Trump la administraci\u00f3n Biden solo ha fortalecido las posiciones de sus adversarios en la guerra. Cuando asuma \u201cacabar\u00e9 con todas y cada una de las crisis internacionales que la actual administraci\u00f3n ha creado\u201d, asever\u00f3. <\/span><span style=\"font-weight: 400;\">Trump se\u00f1al\u00f3 al respecto que anteriormente Ir\u00e1n no ten\u00eda dinero, \u201cestaban arruinados\u201d, y ahora posee 250.000 millones de d\u00f3lares, indicando que \u201clos ha ganado todos en los \u00faltimos dos a\u00f1os y medio\u201d.<\/span><\/p>\n<p><span style=\"font-weight: 400;\">A contramano de sus declaraciones, dos d\u00edas previos al atentado, la OTAN se hab\u00eda reunido en Estados Unidos durante su cumbre anual. Las disposiciones del evento reforzaron la continuidad de los frentes b\u00e9licos abiertos, y fueron ratificados al anunciar que se destinar\u00e1n al menos 40.000 millones de euros para el pr\u00f3ximo a\u00f1o \u201cpara que Ucrania gane\u201d a Rusia.<\/span><\/p>\n<p><span style=\"font-weight: 400;\">El fondo de inversi\u00f3n BlackRock pareciera montarse por encima del conflicto electoral por uno u otro candidato ya que esta empresa de empresas ha generado cuantiosas ganancias con la guerra en Ucrania. De hecho en mayo del a\u00f1o pasado el gobierno de Ucrania la design\u00f3 como entidad asesora para impulsar la reconstrucci\u00f3n del pa\u00eds una vez concluya la guerra. Por otro lado, recientemente han adoptado p\u00fablicamente otra posici\u00f3n frente a las criptomonedas. De hecho en julio pasado calific\u00f3 a Bitcoin como \u201coro digital\u201d.<\/span><\/p>\n<p><span style=\"font-weight: 400;\">Actores emergentes del \u00faltimo siglo como fondos comunes de inversi\u00f3n, empresas \u201chigh-techs\u201d, criptomonedas, mercados de derivados y firmas de base tecnol\u00f3gica, entre otras, marcan su presencia en la agenda electoral estadounidense en el marco de la actual revoluci\u00f3n tecnol\u00f3gica que tiene como fen\u00f3meno disruptivo la inteligencia artificial. Es por ello que en el actual nudo del conflicto, Silicon Valley y Wall Street est\u00e1n pujando por organizar la casa de la manera m\u00e1s ordenada posible a sus intereses. Los candidatos son s\u00f3lo nombres.<\/span><\/p>\n<\/div>\n<\/div>\n","protected":false},"excerpt":{"rendered":"<p>Las internas de la \u00e9lite global por ordenar la casa (blanca) marcan el futuro incierto de un mundo en plena guerra.\u00a0<\/p>\n","protected":false},"author":2,"featured_media":11389,"comment_status":"open","ping_status":"open","sticky":false,"template":"","format":"standard","meta":{"_exactmetrics_skip_tracking":false,"_exactmetrics_sitenote_active":false,"_exactmetrics_sitenote_note":"","_exactmetrics_sitenote_category":0,"jnews-multi-image_gallery":[],"jnews_single_post":{"source_name":"","source_url":"","via_name":"","via_url":"","override_template":"0","override":[{"template":"1","single_blog_custom":"","parallax":"1","fullscreen":"1","layout":"right-sidebar","sidebar":"default-sidebar","second_sidebar":"default-sidebar","sticky_sidebar":"1","share_position":"top","share_float_style":"share-monocrhome","show_share_counter":"1","show_view_counter":"1","show_featured":"1","show_post_meta":"1","show_post_author":"1","show_post_author_image":"1","show_post_date":"1","post_date_format":"default","post_date_format_custom":"Y\/m\/d","show_post_category":"1","show_post_reading_time":"0","post_reading_time_wpm":"300","show_zoom_button":"0","zoom_button_out_step":"2","zoom_button_in_step":"3","show_post_tag":"1","show_prev_next_post":"1","show_popup_post":"1","number_popup_post":"1","show_author_box":"0","show_post_related":"0","show_inline_post_related":"0"}],"override_image_size":"0","image_override":[{"single_post_thumbnail_size":"crop-500","single_post_gallery_size":"crop-500"}],"trending_post":"0","trending_post_position":"meta","trending_post_label":"Trending","sponsored_post":"0","sponsored_post_label":"Sponsored by","sponsored_post_name":"","sponsored_post_url":"","sponsored_post_logo_enable":"0","sponsored_post_logo":"","sponsored_post_desc":""},"jnews_primary_category":{"id":""},"jnews_social_meta":{"fb_title":"","fb_description":"","fb_image":"","twitter_title":"","twitter_description":"","twitter_image":""},"jnews_override_counter":{"override_view_counter":"0","view_counter_number":"0","override_share_counter":"0","share_counter_number":"0","override_like_counter":"0","like_counter_number":"0","override_dislike_counter":"0","dislike_counter_number":"0"},"_joinchat":[],"footnotes":""},"categories":[23],"tags":[508,198,52],"class_list":["post-11386","post","type-post","status-publish","format-standard","has-post-thumbnail","hentry","category-analisis","tag-edicion-137","tag-eeuu","tag-finanzas"],"_links":{"self":[{"href":"https:\/\/tribunavm.com.ar\/index.php\/wp-json\/wp\/v2\/posts\/11386"}],"collection":[{"href":"https:\/\/tribunavm.com.ar\/index.php\/wp-json\/wp\/v2\/posts"}],"about":[{"href":"https:\/\/tribunavm.com.ar\/index.php\/wp-json\/wp\/v2\/types\/post"}],"author":[{"embeddable":true,"href":"https:\/\/tribunavm.com.ar\/index.php\/wp-json\/wp\/v2\/users\/2"}],"replies":[{"embeddable":true,"href":"https:\/\/tribunavm.com.ar\/index.php\/wp-json\/wp\/v2\/comments?post=11386"}],"version-history":[{"count":1,"href":"https:\/\/tribunavm.com.ar\/index.php\/wp-json\/wp\/v2\/posts\/11386\/revisions"}],"predecessor-version":[{"id":11391,"href":"https:\/\/tribunavm.com.ar\/index.php\/wp-json\/wp\/v2\/posts\/11386\/revisions\/11391"}],"wp:featuredmedia":[{"embeddable":true,"href":"https:\/\/tribunavm.com.ar\/index.php\/wp-json\/wp\/v2\/media\/11389"}],"wp:attachment":[{"href":"https:\/\/tribunavm.com.ar\/index.php\/wp-json\/wp\/v2\/media?parent=11386"}],"wp:term":[{"taxonomy":"category","embeddable":true,"href":"https:\/\/tribunavm.com.ar\/index.php\/wp-json\/wp\/v2\/categories?post=11386"},{"taxonomy":"post_tag","embeddable":true,"href":"https:\/\/tribunavm.com.ar\/index.php\/wp-json\/wp\/v2\/tags?post=11386"}],"curies":[{"name":"wp","href":"https:\/\/api.w.org\/{rel}","templated":true}]}}