{"id":11487,"date":"2024-08-26T03:02:54","date_gmt":"2024-08-26T03:02:54","guid":{"rendered":"https:\/\/tribunavm.com.ar\/?p=11487"},"modified":"2024-08-25T03:05:50","modified_gmt":"2024-08-25T03:05:50","slug":"movilizaciones-en-indonesia-ante-una-reforma-electoral","status":"publish","type":"post","link":"https:\/\/tribunavm.com.ar\/index.php\/2024\/08\/26\/movilizaciones-en-indonesia-ante-una-reforma-electoral\/","title":{"rendered":"Movilizaciones en Indonesia ante una reforma electoral"},"content":{"rendered":"<div class=\"row clearfix\">\n<div class=\"col-md-8\">\n<p><span style=\"color: #212121; font-size: 1.5em; letter-spacing: -0.01em;\">Miles de indonesios expresaron su malestar ante una reforma electoral impulsada por el oficialismo de cara a las elecciones de noviembre.<\/span><\/p>\n<p><span style=\"font-weight: 400;\"><span class=\"dropcap \" style=\"background-color: #ffffff; color: #dd9933; border-color: #ffffff;\">E<\/span>l pasado jueves y viernes miles de personas salieron a protestar en Indonesia contra una decisi\u00f3n del Parlamento, conducido por el oficialismo de gobierno, que interpuso una revisi\u00f3n a la normativa electoral dispuesta por el Tribunal Constitucional.<\/span><\/p>\n<p><span style=\"font-weight: 400;\">El Tribunal Constitucional hab\u00eda decidido reducir el n\u00famero de avales necesarios para presentar candidaturas en las pr\u00f3ximas elecciones regionales y locales previstas para el 27 de noviembre lo que permit\u00eda la participaci\u00f3n de m\u00e1s partidos. Adem\u00e1s manten\u00eda la edad m\u00ednima de los aspirantes a cargos electivos en 30 a\u00f1os.<\/span><\/p>\n<p><span style=\"font-weight: 400;\">Este l\u00edmite en la edad representa una imposibilidad de acceso al cargo para el candidato a gobernador de la provincia de Java Central, Kaesang Pangarep (29 a\u00f1os), hijo menor de Joko Widodo, actual presidente de Indonesia.<\/span><\/p>\n<p><span style=\"font-weight: 400;\">Luego de que fuera aprobada la moci\u00f3n del Tribunal Constitucional, la mayor\u00eda del Parlamento conducido por una alianza entre Joko Widodo y Prabowo Subianto, actual ministro de Defensa, y pr\u00f3ximo candidato presidencial, presentaron una modificaci\u00f3n.\u00a0<\/span><\/p>\n<p><span style=\"font-weight: 400;\">Esto gener\u00f3 la salida a las calles de miles de manifestantes en la capital y otras ciudades que estuvieron marcadas por la represi\u00f3n policial. Tras estas protestas, el jueves 22, el Parlamento decidi\u00f3 retirar la modificaci\u00f3n que\u00a0 bloqueaba la decisi\u00f3n del Tribunal pero el d\u00eda siguiente las movilizaciones continuaron.<\/span><\/p>\n<\/div>\n<\/div>\n","protected":false},"excerpt":{"rendered":"<p>Miles de indonesios expresaron su malestar ante una reforma electoral impulsada por el oficialismo de cara a las elecciones de noviembre.<\/p>\n","protected":false},"author":2,"featured_media":11488,"comment_status":"open","ping_status":"open","sticky":false,"template":"","format":"standard","meta":{"_exactmetrics_skip_tracking":false,"_exactmetrics_sitenote_active":false,"_exactmetrics_sitenote_note":"","_exactmetrics_sitenote_category":0,"jnews-multi-image_gallery":[],"jnews_single_post":{"source_name":"","source_url":"","via_name":"","via_url":"","override_template":"0","override":[{"template":"1","single_blog_custom":"","parallax":"1","fullscreen":"1","layout":"right-sidebar","sidebar":"default-sidebar","second_sidebar":"default-sidebar","sticky_sidebar":"1","share_position":"top","share_float_style":"share-monocrhome","show_share_counter":"1","show_view_counter":"1","show_featured":"1","show_post_meta":"1","show_post_author":"1","show_post_author_image":"1","show_post_date":"1","post_date_format":"default","post_date_format_custom":"Y\/m\/d","show_post_category":"1","show_post_reading_time":"0","post_reading_time_wpm":"300","show_zoom_button":"0","zoom_button_out_step":"2","zoom_button_in_step":"3","show_post_tag":"1","show_prev_next_post":"1","show_popup_post":"1","number_popup_post":"1","show_author_box":"0","show_post_related":"0","show_inline_post_related":"0"}],"override_image_size":"0","image_override":[{"single_post_thumbnail_size":"crop-500","single_post_gallery_size":"crop-500"}],"trending_post":"0","trending_post_position":"meta","trending_post_label":"Trending","sponsored_post":"0","sponsored_post_label":"Sponsored by","sponsored_post_name":"","sponsored_post_url":"","sponsored_post_logo_enable":"0","sponsored_post_logo":"","sponsored_post_desc":""},"jnews_primary_category":{"id":""},"jnews_social_meta":{"fb_title":"","fb_description":"","fb_image":"","twitter_title":"","twitter_description":"","twitter_image":""},"jnews_override_counter":{"override_view_counter":"0","view_counter_number":"0","override_share_counter":"0","share_counter_number":"0","override_like_counter":"0","like_counter_number":"0","override_dislike_counter":"0","dislike_counter_number":"0"},"_joinchat":[],"footnotes":""},"categories":[276],"tags":[519,523],"class_list":["post-11487","post","type-post","status-publish","format-standard","has-post-thumbnail","hentry","category-internacional","tag-edicion-138","tag-indonesia"],"_links":{"self":[{"href":"https:\/\/tribunavm.com.ar\/index.php\/wp-json\/wp\/v2\/posts\/11487"}],"collection":[{"href":"https:\/\/tribunavm.com.ar\/index.php\/wp-json\/wp\/v2\/posts"}],"about":[{"href":"https:\/\/tribunavm.com.ar\/index.php\/wp-json\/wp\/v2\/types\/post"}],"author":[{"embeddable":true,"href":"https:\/\/tribunavm.com.ar\/index.php\/wp-json\/wp\/v2\/users\/2"}],"replies":[{"embeddable":true,"href":"https:\/\/tribunavm.com.ar\/index.php\/wp-json\/wp\/v2\/comments?post=11487"}],"version-history":[{"count":1,"href":"https:\/\/tribunavm.com.ar\/index.php\/wp-json\/wp\/v2\/posts\/11487\/revisions"}],"predecessor-version":[{"id":11489,"href":"https:\/\/tribunavm.com.ar\/index.php\/wp-json\/wp\/v2\/posts\/11487\/revisions\/11489"}],"wp:featuredmedia":[{"embeddable":true,"href":"https:\/\/tribunavm.com.ar\/index.php\/wp-json\/wp\/v2\/media\/11488"}],"wp:attachment":[{"href":"https:\/\/tribunavm.com.ar\/index.php\/wp-json\/wp\/v2\/media?parent=11487"}],"wp:term":[{"taxonomy":"category","embeddable":true,"href":"https:\/\/tribunavm.com.ar\/index.php\/wp-json\/wp\/v2\/categories?post=11487"},{"taxonomy":"post_tag","embeddable":true,"href":"https:\/\/tribunavm.com.ar\/index.php\/wp-json\/wp\/v2\/tags?post=11487"}],"curies":[{"name":"wp","href":"https:\/\/api.w.org\/{rel}","templated":true}]}}