{"id":11527,"date":"2024-08-29T23:41:44","date_gmt":"2024-08-29T23:41:44","guid":{"rendered":"https:\/\/tribunavm.com.ar\/?p=11527"},"modified":"2024-08-29T23:41:44","modified_gmt":"2024-08-29T23:41:44","slug":"jornada-en-defensa-de-fabricaciones-militares","status":"publish","type":"post","link":"https:\/\/tribunavm.com.ar\/index.php\/2024\/08\/29\/jornada-en-defensa-de-fabricaciones-militares\/","title":{"rendered":"Jornada en defensa de Fabricaciones Militares"},"content":{"rendered":"<div class=\"row clearfix\">\n<div class=\"col-md-8\">\n<p><span style=\"color: #212121; font-size: 1.5em; letter-spacing: -0.01em;\">Desde ATE se concentraron en plaza Centenario para visibilizar el desfinanciamiento al sector. Adem\u00e1s comentaron los intereses del sector privado por involucrarse en la producci\u00f3n armament\u00edstica para la guerra de la OTAN.<\/span><\/p>\n<p><span style=\"font-weight: 400;\"><span class=\"dropcap \" style=\"background-color: #ffffff; color: #dd9933; border-color: #ffffff;\">L<\/span>a <\/span><b>Asociaci\u00f3n de Trabajadores del Estado (ATE) Villa Mar\u00eda, realiz\u00f3 ayer una jornada de visibilizaci\u00f3n en la ciudad con motivo de la \u201cdefensa de la producci\u00f3n nacional\u201d<\/b><span style=\"font-weight: 400;\"> y de evidenciar el estado cr\u00edtico en el que se encuentran las f\u00e1bricas militares del pa\u00eds producto del desfinanciamiento estatal.\u00a0<\/span><\/p>\n<p><span style=\"font-weight: 400;\">La jornada comenz\u00f3 a la ma\u00f1ana con un recorrido de la comisi\u00f3n directiva y el cuerpo de delegados por los principales organismos p\u00fablicos de la ciudad, entre ellos el municipio, ANSES y PAMI. En el mismo, se repartieron folletos con el objetivo de \u201cinvitar y concientizar a la comunidad sobre la importancia de la F\u00e1brica Militar y el positivo impacto econ\u00f3mico que tiene\u201d en la ciudad y regi\u00f3n, seg\u00fan comunicaron.\u00a0<\/span><\/p>\n<p><span style=\"font-weight: 400;\">Luego, durante la tarde, se realiz\u00f3 una convocatoria en la Plaza Centenario, a la cual se sumaron desde las seccionales de C\u00f3rdoba y R\u00edo Tercero. En la plaza se instal\u00f3 una carpa con unos banners que reflejaban detalles de la producci\u00f3n de insumos que son elaborados en la f\u00e1brica de p\u00f3lvora.<\/span><\/p>\n<figure id=\"attachment_11528\" aria-describedby=\"caption-attachment-11528\" style=\"width: 1094px\" class=\"wp-caption alignnone\"><img loading=\"lazy\" decoding=\"async\" class=\"size-full wp-image-11528\" src=\"https:\/\/tribunavm.com.ar\/wp-content\/uploads\/2024\/08\/presentacion-de-banners.jpg\" alt=\"\" width=\"1094\" height=\"732\" srcset=\"https:\/\/tribunavm.com.ar\/wp-content\/uploads\/2024\/08\/presentacion-de-banners.jpg 1094w, https:\/\/tribunavm.com.ar\/wp-content\/uploads\/2024\/08\/presentacion-de-banners-300x201.jpg 300w, https:\/\/tribunavm.com.ar\/wp-content\/uploads\/2024\/08\/presentacion-de-banners-1024x685.jpg 1024w, https:\/\/tribunavm.com.ar\/wp-content\/uploads\/2024\/08\/presentacion-de-banners-768x514.jpg 768w, https:\/\/tribunavm.com.ar\/wp-content\/uploads\/2024\/08\/presentacion-de-banners-750x502.jpg 750w\" sizes=\"(max-width: 1094px) 100vw, 1094px\" \/><figcaption id=\"caption-attachment-11528\" class=\"wp-caption-text\">Trabajadores de fabricaciones militares exhiben banners sobre la producci\u00f3n local de la f\u00e1brica de polvoras.<\/figcaption><\/figure>\n<p><span style=\"font-weight: 400;\">En di\u00e1logo con Tribuna, Silvana Torres, integrante de la comisi\u00f3n directiva de Villa Mar\u00eda, nos coment\u00f3 que entre los principales problemas que est\u00e1n sufriendo se encuentra la falta de producci\u00f3n. <\/span><b>\u201cQueremos producir, queremos trabajar. Entendemos que hoy la postura del Gobierno es no poner plata en nuestras f\u00e1bricas, la \u00fanica salida que ofrecen es que venga un inversor privado\u201d,<\/b><span style=\"font-weight: 400;\"> coment\u00f3 ampliando que entre ellos se encontrar\u00eda la empresa checa <\/span><span style=\"color: #ff9900;\"><a style=\"color: #ff9900;\" href=\"https:\/\/defence.czechoslovakgroup.com\/en\"><span style=\"font-weight: 400;\">CSG Defence<\/span><\/a><\/span><span style=\"font-weight: 400;\">, involucrada en la producci\u00f3n de la industria armament\u00edstica.<\/span><\/p>\n<p><span style=\"font-weight: 400;\">Por su parte el secretario de la seccional R\u00edo Tercero, David Salto, coment\u00f3 que las visitas del sector privado a fabricaciones militares \u201cest\u00e1n ligadas a la producci\u00f3n b\u00e9lica y b\u00e1sicamente son proveedores de la OTAN\u201d.<\/span><b> \u201cNos est\u00e1n sometiendo a una guerra donde la mayor\u00eda de los argentinos no formamos parte\u201d, alert\u00f3 el dirigente.<\/b><\/p>\n<p><span style=\"font-weight: 400;\">A su vez, relat\u00f3 que el inter\u00e9s de este gobierno es entregar a los privados las empresas p\u00fablicas-estatales, y grafic\u00f3 el<\/span><b> inter\u00e9s de la familia Perez Compangc en las centrales nucleares Atucha y la Central Nuclear de Embalse para \u201cconstruir un monopolio de la energ\u00eda ya que ellos son due\u00f1os de la empresa transportadora Transener\u201d.<\/b><\/p>\n<p><span style=\"font-weight: 400;\">Adem\u00e1s, desde ATE mencionaron que realizar\u00e1n una pr\u00f3xima acci\u00f3n de lucha el 4 de septiembre en la ciudad de C\u00f3rdoba con los dem\u00e1s organismos productivos nacionales y provinciales y esperan poder acercar esta problem\u00e1tica al Congreso Nacional.<\/span><\/p>\n<\/div>\n<\/div>\n","protected":false},"excerpt":{"rendered":"<p>Desde ATE se concentraron en plaza Centenario para visibilizar el desfinanciamiento al sector. Adem\u00e1s comentaron los intereses del sector privado por involucrarse en la producci\u00f3n armament\u00edstica para la guerra de la OTAN. La Asociaci\u00f3n de Trabajadores del Estado (ATE) Villa Mar\u00eda, realiz\u00f3 ayer una jornada de visibilizaci\u00f3n en la ciudad con motivo de la \u201cdefensa [&hellip;]<\/p>\n","protected":false},"author":2,"featured_media":11529,"comment_status":"open","ping_status":"open","sticky":false,"template":"","format":"standard","meta":{"_exactmetrics_skip_tracking":false,"_exactmetrics_sitenote_active":false,"_exactmetrics_sitenote_note":"","_exactmetrics_sitenote_category":0,"jnews-multi-image_gallery":[],"jnews_single_post":{"source_name":"","source_url":"","via_name":"","via_url":"","override_template":"0","override":[{"template":"1","single_blog_custom":"","parallax":"1","fullscreen":"1","layout":"right-sidebar","sidebar":"default-sidebar","second_sidebar":"default-sidebar","sticky_sidebar":"1","share_position":"top","share_float_style":"share-monocrhome","show_share_counter":"1","show_view_counter":"1","show_featured":"1","show_post_meta":"1","show_post_author":"1","show_post_author_image":"1","show_post_date":"1","post_date_format":"default","post_date_format_custom":"Y\/m\/d","show_post_category":"1","show_post_reading_time":"0","post_reading_time_wpm":"300","show_zoom_button":"0","zoom_button_out_step":"2","zoom_button_in_step":"3","show_post_tag":"1","show_prev_next_post":"1","show_popup_post":"1","number_popup_post":"1","show_author_box":"0","show_post_related":"0","show_inline_post_related":"0"}],"override_image_size":"0","image_override":[{"single_post_thumbnail_size":"crop-500","single_post_gallery_size":"crop-500"}],"trending_post":"0","trending_post_position":"meta","trending_post_label":"Trending","sponsored_post":"0","sponsored_post_label":"Sponsored by","sponsored_post_name":"","sponsored_post_url":"","sponsored_post_logo_enable":"0","sponsored_post_logo":"","sponsored_post_desc":""},"jnews_primary_category":{"id":"22"},"jnews_social_meta":{"fb_title":"","fb_description":"","fb_image":"","twitter_title":"","twitter_description":"","twitter_image":""},"jnews_override_counter":{"override_view_counter":"0","view_counter_number":"0","override_share_counter":"0","share_counter_number":"0","override_like_counter":"0","like_counter_number":"0","override_dislike_counter":"0","dislike_counter_number":"0"},"_joinchat":[],"footnotes":""},"categories":[22],"tags":[],"class_list":["post-11527","post","type-post","status-publish","format-standard","has-post-thumbnail","hentry","category-actualidad"],"_links":{"self":[{"href":"https:\/\/tribunavm.com.ar\/index.php\/wp-json\/wp\/v2\/posts\/11527"}],"collection":[{"href":"https:\/\/tribunavm.com.ar\/index.php\/wp-json\/wp\/v2\/posts"}],"about":[{"href":"https:\/\/tribunavm.com.ar\/index.php\/wp-json\/wp\/v2\/types\/post"}],"author":[{"embeddable":true,"href":"https:\/\/tribunavm.com.ar\/index.php\/wp-json\/wp\/v2\/users\/2"}],"replies":[{"embeddable":true,"href":"https:\/\/tribunavm.com.ar\/index.php\/wp-json\/wp\/v2\/comments?post=11527"}],"version-history":[{"count":1,"href":"https:\/\/tribunavm.com.ar\/index.php\/wp-json\/wp\/v2\/posts\/11527\/revisions"}],"predecessor-version":[{"id":11530,"href":"https:\/\/tribunavm.com.ar\/index.php\/wp-json\/wp\/v2\/posts\/11527\/revisions\/11530"}],"wp:featuredmedia":[{"embeddable":true,"href":"https:\/\/tribunavm.com.ar\/index.php\/wp-json\/wp\/v2\/media\/11529"}],"wp:attachment":[{"href":"https:\/\/tribunavm.com.ar\/index.php\/wp-json\/wp\/v2\/media?parent=11527"}],"wp:term":[{"taxonomy":"category","embeddable":true,"href":"https:\/\/tribunavm.com.ar\/index.php\/wp-json\/wp\/v2\/categories?post=11527"},{"taxonomy":"post_tag","embeddable":true,"href":"https:\/\/tribunavm.com.ar\/index.php\/wp-json\/wp\/v2\/tags?post=11527"}],"curies":[{"name":"wp","href":"https:\/\/api.w.org\/{rel}","templated":true}]}}