{"id":11543,"date":"2024-09-09T21:44:09","date_gmt":"2024-09-09T21:44:09","guid":{"rendered":"https:\/\/tribunavm.com.ar\/?p=11543"},"modified":"2024-09-09T21:45:50","modified_gmt":"2024-09-09T21:45:50","slug":"el-negocio-desde-el-estado","status":"publish","type":"post","link":"https:\/\/tribunavm.com.ar\/index.php\/2024\/09\/09\/el-negocio-desde-el-estado\/","title":{"rendered":"El negocio desde el Estado"},"content":{"rendered":"<div class=\"row clearfix\">\n<div class=\"col-md-8\">\n<p><span style=\"color: #212121; font-size: 1.5em; letter-spacing: -0.01em;\">Tras la aprobaci\u00f3n de la Ley Bases la privatizaci\u00f3n de empresas p\u00fablicas avanza. Capitales checos miran de cerca a Fabricaciones Militares que podr\u00edan ingresar a la producci\u00f3n de armamento para la OTAN.<\/span><\/p>\n<p><span style=\"font-weight: 400;\"><span class=\"dropcap \" style=\"background-color: #ffffff; color: #dd9933; border-color: #ffffff;\">E<\/span>l pasado 28 de agosto se public\u00f3 en el Bolet\u00edn Oficial el<\/span><span style=\"color: #ff9900;\"><a style=\"color: #ff9900;\" href=\"https:\/\/www.argentina.gob.ar\/normativa\/nacional\/decreto-764-2024-403418\/texto\"><span style=\"font-weight: 400;\"> Decreto 764\/2024<\/span><\/a><\/span><span style=\"font-weight: 400;\">, firmado por el presidente Javier Milei y el jefe de Gabinete, Guillermo Francos, por el cual aumentaron las facultades para que el abogado Diego Chaher, actual titular de la Agencia de Transformaci\u00f3n de Empresas P\u00fablicas,<\/span><b> avance con la privatizaci\u00f3n y remate de las empresas estatales<\/b><span style=\"font-weight: 400;\">.<\/span><\/p>\n<p><span style=\"font-weight: 400;\">La normativa crea nuevos cargos ejecutivos en la \u00f3rbita de la administraci\u00f3n p\u00fablica y ampl\u00eda las funciones a cargo de Chaher, quien se ocupar\u00e1 del seguimiento, evaluaci\u00f3n, distribuci\u00f3n de partidas presupuestarias y la ejecuci\u00f3n de los planes de venta de acciones parciales y\/o totales de las empresas del Estado.<\/span><\/p>\n<p><span style=\"font-weight: 400;\">Desde la puesta en funcionamiento del DNU 70\/2023 de Desregulaci\u00f3n estatal, la aprobaci\u00f3n de la Ley de Bases y la designaci\u00f3n de Federico Sturzenegger como ministro de Desregulaci\u00f3n del Estado, el foco de la pol\u00edtica estuvo en la reconversi\u00f3n de las empresas p\u00fablicas para su desarme, divisi\u00f3n y remate al sector privado que mira con ansiedad los recursos de los que puede apropiarse.<\/span><\/p>\n<figure id=\"attachment_11544\" aria-describedby=\"caption-attachment-11544\" style=\"width: 1200px\" class=\"wp-caption alignnone\"><img loading=\"lazy\" decoding=\"async\" class=\"size-full wp-image-11544\" src=\"https:\/\/tribunavm.com.ar\/wp-content\/uploads\/2024\/09\/Abogado-chaer.webp\" alt=\"\" width=\"1200\" height=\"675\" srcset=\"https:\/\/tribunavm.com.ar\/wp-content\/uploads\/2024\/09\/Abogado-chaer.webp 1200w, https:\/\/tribunavm.com.ar\/wp-content\/uploads\/2024\/09\/Abogado-chaer-300x169.webp 300w, https:\/\/tribunavm.com.ar\/wp-content\/uploads\/2024\/09\/Abogado-chaer-1024x576.webp 1024w, https:\/\/tribunavm.com.ar\/wp-content\/uploads\/2024\/09\/Abogado-chaer-768x432.webp 768w, https:\/\/tribunavm.com.ar\/wp-content\/uploads\/2024\/09\/Abogado-chaer-750x422.webp 750w, https:\/\/tribunavm.com.ar\/wp-content\/uploads\/2024\/09\/Abogado-chaer-1140x641.webp 1140w\" sizes=\"(max-width: 1200px) 100vw, 1200px\" \/><figcaption id=\"caption-attachment-11544\" class=\"wp-caption-text\">El abogado Diego Chaher tuvo recientemente su paso como interventor en la agencia T\u00e9lam d\u00f3nde trabaj\u00f3 para su reconversi\u00f3n desde Sociedad del Estado a Sociedad An\u00f3nima Unipersonal la cual habilita la venta de participaciones accionarias al capital privado.<\/figcaption><\/figure>\n<p><span style=\"color: #ff9900;\"><b>Una pol\u00edtica de \u201cdesarme\u201d<\/b><\/span><\/p>\n<p><span style=\"font-weight: 400;\">En ese marco, el pasado 29 de agosto, trabajadores estatales locales de la F\u00e1brica Militar instalaron una carpa en Plaza Centenario con el objetivo de difundir la situaci\u00f3n actual que atraviesa la empresa.<\/span><\/p>\n<p><span style=\"font-weight: 400;\">Durante la jornada se hizo presente el secretario de ATE R\u00edo Tercero, David Salto, quien cuestion\u00f3 la pol\u00edtica del gobierno sobre la industria y la soberan\u00eda nacional. Destac\u00f3 que hay actores del sector privado que ya estuvieron realizando visitas en la planta de FM en R\u00edo Tercero con el inter\u00e9s de adquirir parte de la empresa.<\/span><\/p>\n<p><span style=\"font-weight: 400;\">\u201cTodo lo que se produzca ser\u00e1 para exportaci\u00f3n para la guerra en Ucrania. Nos dijeron que no ser\u00e1 para abastecer el mercado interno\u201d adem\u00e1s de \u201cque la Ley Savio es muy bonita pero es para otra \u00e9poca. Para esta \u00e9poca no sirve\u201d, explic\u00f3 Salto. <\/span><b>En ese sentido indic\u00f3 que la producci\u00f3n armament\u00edstica va a estar \u201cligada a la producci\u00f3n b\u00e9lica\u201d para convertirnos en \u201cproveedores de la OTAN\u201d. \u201cNos est\u00e1n sometiendo a una guerra donde la mayor\u00eda de los argentinos no formamos parte\u201d, sentenci\u00f3.<\/b><\/p>\n<p><span style=\"font-weight: 400;\">La empresa interesada es <\/span><span style=\"color: #ff9900;\"><a style=\"color: #ff9900;\" href=\"https:\/\/czechoslovakgroup.com\/en\/news\/our-holding-companies-will-present-military-vehicles-and-radar-systems-at-the-nato-days-in-ostrava\"><span style=\"font-weight: 400;\">CSG Defence<\/span><\/a><\/span><span style=\"font-weight: 400;\">, un grupo industrial-tecnol\u00f3gico-armamentista radicado en Rep\u00fablica Checa, que abastece militarmente a integrantes de la Organizaci\u00f3n del Tratado del Atl\u00e1ntico Norte (OTAN) implicados en el conflicto b\u00e9lico\u00a0 Ucrania contra Rusia.<\/span><\/p>\n<figure id=\"attachment_11545\" aria-describedby=\"caption-attachment-11545\" style=\"width: 417px\" class=\"wp-caption alignnone\"><img loading=\"lazy\" decoding=\"async\" class=\"size-full wp-image-11545\" src=\"https:\/\/tribunavm.com.ar\/wp-content\/uploads\/2024\/09\/david-salto.jpg\" alt=\"\" width=\"417\" height=\"318\" srcset=\"https:\/\/tribunavm.com.ar\/wp-content\/uploads\/2024\/09\/david-salto.jpg 417w, https:\/\/tribunavm.com.ar\/wp-content\/uploads\/2024\/09\/david-salto-300x229.jpg 300w\" sizes=\"(max-width: 417px) 100vw, 417px\" \/><figcaption id=\"caption-attachment-11545\" class=\"wp-caption-text\">David Salto, secretario de ATE R\u00edo Tercero, viene cuestionando la intenciones del sector privado en involucrar a Fabricaciones Militares con la producci\u00f3n armada para la OTAN.<\/figcaption><\/figure>\n<p><span style=\"color: #ff9900;\"><b>Retiros, \u00bfvoluntarios o condicionados?<\/b><\/span><\/p>\n<p><span style=\"font-weight: 400;\">Parte de las estrategias de reconversi\u00f3n de las empresas que el Gobierno puso en funcionamiento apunta a reducir el costo laboral a trav\u00e9s de los llamados \u201cretiros voluntarios\u201d, situaci\u00f3n que fue cuestionada por los sindicatos como \u201cdespidos encubiertos&#8221;.<\/span><\/p>\n<p><span style=\"font-weight: 400;\">Los mismos constan de un programa de retiro adelantado a los tiempos que a cada obrero le corresponde una vez cumplido con sus a\u00f1os de aportes al sistema previsional. Por medio de ese mecanismo, el Estado cumple con los trabajadores anticipando sus salidas y evitando a futuro sostener el financiamiento desde las cajas previsionales, como Anses, como as\u00ed tambi\u00e9n el inicio de numerosos juicios laborales por despidos injustificados que podr\u00edan alentar un clima a\u00fan mayor de protestas.<\/span><\/p>\n<blockquote class=\"pullquote align-center\"><p><i><span style=\"font-weight: 400;\">Seg\u00fan el informe <\/span><\/i><span style=\"color: #ff9900;\"><a style=\"color: #ff9900;\" href=\"https:\/\/www.indec.gob.ar\/ftp\/cuadros\/economia\/dotacion_personal_apn_08_24AADFE6E745.pdf\"><i><span style=\"font-weight: 400;\">\u201cDotaci\u00f3n de personal de la administraci\u00f3n p\u00fablica nacional, empresas y sociedades- julio 2024\u201d<\/span><\/i><\/a><\/span><i><span style=\"font-weight: 400;\">, 109.263 personas estaban vinculadas a \u201cEmpresas y sociedades\u201d estatales en febrero, mientras que para julio el n\u00famero desciende a 100.777, es decir una reducci\u00f3n de 8.486 trabajadores. Si se contempla adem\u00e1s la \u201cAdministraci\u00f3n P\u00fablica\u201d el dato pasa de 332.603 personas (febrero) a 310.537 (julio), <\/span><\/i><b><i>una disminuci\u00f3n de 22.066 personas en cinco meses<\/i><\/b><i><span style=\"font-weight: 400;\">.<\/span><\/i><\/p><\/blockquote>\n<p><span style=\"font-weight: 400;\">En estos meses empresas como Agua y Saneamientos Argentinos (AySA), encargada de proveer los servicios de agua y cloacas para la Ciudad de Buenos Aires y 26 partidos del conurbano bonaerense, aplicaron planes de retiros voluntarios recortando alrededor de 1.400 empleos. La misma tiene entre sus interesados a la firma israel\u00ed Mekorot.<\/span><\/p>\n<p><span style=\"font-weight: 400;\">La vinculaci\u00f3n con esta empresa tampoco es una novedad ya que en 2022, el entonces ministro de Interior, Wado de Pedro, junto a gobernadores hab\u00edan viajado a Israel donde suscribieron un acuerdo con Mekorot, a trav\u00e9s del Consejo Federal de Inversiones, para mejoras de planes h\u00eddricos en Argentina.<\/span><\/p>\n<p><span style=\"font-weight: 400;\">En 2014 un informe del Consejo de Derechos Humanos de la ONU hab\u00eda cuestionado el accionar de la empresa por su participaci\u00f3n discriminatoria en la causa palestina.<\/span><\/p>\n<p><span style=\"font-weight: 400;\">\u201cLa empresa nacional israel\u00ed de suministro de agua, Mekorot, posee todas las redes de abastecimiento de agua en la Ribera Occidental y suministra cerca del 50 por ciento del agua disponible en las comunidades palestinas. <\/span><b>Seg\u00fan la informaci\u00f3n recibida, Mekorot reduce considerablemente el suministro de agua a los palestinos en los meses de verano con el fin de satisfacer la demanda en Israel y los asentamientos\u201d, <\/b><span style=\"font-weight: 400;\">relata el documento de la ONU.<\/span><\/p>\n<p><span style=\"font-weight: 400;\">Otro foco de conflicto abierto lo mantienen trabajadores de las empresas aeron\u00e1uticas, tanto los de Intercargo -empresa que qued\u00f3 sujeta a privatizaci\u00f3n en la Ley Bases-, como Aerol\u00edneas Argentinas -esta \u00faltima fue retirada del texto original-.<\/span><\/p>\n<p><span style=\"font-weight: 400;\">El 21 de agosto los gremios denunciaron un proceso de desmantelamiento y los programas de despidos. En conferencia de prensa, Edgardo Llano, secretario de la Asociaci\u00f3n del Personal Aeron\u00e1utico (APA) plante\u00f3 que \u201cla gente se est\u00e1 yendo de Aerol\u00edneas Argentinas por los sueldos miserables que est\u00e1n pagando\u201d.<\/span><\/p>\n<figure id=\"attachment_11546\" aria-describedby=\"caption-attachment-11546\" style=\"width: 1246px\" class=\"wp-caption alignnone\"><img loading=\"lazy\" decoding=\"async\" class=\"size-full wp-image-11546\" src=\"https:\/\/tribunavm.com.ar\/wp-content\/uploads\/2024\/09\/Conferencia-de-prensa-conjnta-entre-gremios-aeronauticos.jpg\" alt=\"\" width=\"1246\" height=\"701\" srcset=\"https:\/\/tribunavm.com.ar\/wp-content\/uploads\/2024\/09\/Conferencia-de-prensa-conjnta-entre-gremios-aeronauticos.jpg 1246w, https:\/\/tribunavm.com.ar\/wp-content\/uploads\/2024\/09\/Conferencia-de-prensa-conjnta-entre-gremios-aeronauticos-300x169.jpg 300w, https:\/\/tribunavm.com.ar\/wp-content\/uploads\/2024\/09\/Conferencia-de-prensa-conjnta-entre-gremios-aeronauticos-1024x576.jpg 1024w, https:\/\/tribunavm.com.ar\/wp-content\/uploads\/2024\/09\/Conferencia-de-prensa-conjnta-entre-gremios-aeronauticos-768x432.jpg 768w, https:\/\/tribunavm.com.ar\/wp-content\/uploads\/2024\/09\/Conferencia-de-prensa-conjnta-entre-gremios-aeronauticos-750x422.jpg 750w, https:\/\/tribunavm.com.ar\/wp-content\/uploads\/2024\/09\/Conferencia-de-prensa-conjnta-entre-gremios-aeronauticos-1140x641.jpg 1140w\" sizes=\"(max-width: 1246px) 100vw, 1246px\" \/><figcaption id=\"caption-attachment-11546\" class=\"wp-caption-text\">Conferencia de prensa conjunta de los gremios aeron\u00e1uticos de la que participaron Pablo Bir\u00f3 de APLA, Edgardo Llanos de APA, Juan Pablo Brey de Aeronavegantes, Rub\u00e9n Fern\u00e1ndez de UPSA y Paola Barrita de ATEPSA.<\/figcaption><\/figure>\n<p><span style=\"font-weight: 400;\">El dirigente gremial mencion\u00f3 que la gran cantidad de retiros voluntarios \u201chacen que no podamos atender los vuelos porque no hay personal suficiente\u201d. \u201cPor eso, la problem\u00e1tica no es solo salarial, sino tambi\u00e9n falta de personal y condiciones de trabajo\u201d, plante\u00f3.<\/span><\/p>\n<p><span style=\"font-weight: 400;\">Por su parte, Pablo Bir\u00f3, secretario de la Asociaci\u00f3n Pilotos de L\u00edneas A\u00e9reas consider\u00f3 que \u201cel plan de retiros voluntarios est\u00e1 apuntando a cerca de un 10% del personal. Eso, salvo que fuera cierto lo que dec\u00edan que hab\u00eda una sobredotaci\u00f3n, no tendr\u00eda que haber dado lugar a un achicamiento de rutas\u201d.<\/span><span style=\"font-weight: 400;\">\u00a0<\/span><\/p>\n<p><span style=\"font-weight: 400;\">\u201cSin embargo, achicaron frecuencias, achican el n\u00famero de horas de vuelos que se ofrecen al mercado por mes, planifican las desprogramaci\u00f3n de aviones. Viene de la mano la pol\u00edtica de menos vuelos, de menos conectividad, de menos laburo, as\u00ed que estamos muy preocupados\u201d, a\u00f1adi\u00f3 Bir\u00f3.<\/span><\/p>\n<p><span style=\"font-weight: 400;\">La compa\u00f1\u00eda Nucleoel\u00e9ctrica Argentina S.A. (NASA) tambi\u00e9n qued\u00f3 en miras del sector privado por su importancia en la generaci\u00f3n de energ\u00eda el\u00e9ctrica que abastece con el 10% al mercado el\u00e9ctrico mayorista seg\u00fan datos de CAMMESA. La compa\u00f1\u00eda cuenta con 99% de participaci\u00f3n estatal y gestiona las centrales nucleares de Atucha I y II y Embalse.<\/span><\/p>\n<p><i><span style=\"font-weight: 400;\">Recientemente el intendente Eduardo Acastello consider\u00f3 que ser\u00eda necesario montar una nueva estructura empresaria que desplace a CAMMESA como abastecedora de energ\u00eda el\u00e9ctrica ya que afecta al sector pyme y consumidores minoristas con sus cobros.<\/span><\/i><\/p>\n<p><iframe loading=\"lazy\" title=\"YouTube video player\" src=\"https:\/\/www.youtube.com\/embed\/qsEQ0zgnaKU?si=5StF9rwm_Wv2_prG&amp;start=65\" width=\"560\" height=\"315\" frameborder=\"0\" allowfullscreen=\"allowfullscreen\"><\/iframe><\/p>\n<p><span style=\"font-weight: 400;\">Luego de que se publicara el decreto 718\/2024 los trabajadores de la Federaci\u00f3n Argentina de Trabajadores de Luz y Fuerza (FATLYF) iniciaron un plan de lucha contra la entrada de capitales privados a Nucleoel\u00e9ctrica S.A. La normativa establece la pr\u00f3rroga por 1 a\u00f1o de la concesi\u00f3n para explotar las represas hidroel\u00e9ctricas Alicur\u00e1, el Choc\u00f3n-Arroyito, Cerros Colorados y Piedra del \u00c1guila, a las empresas AES, Enel, Aconcagua y Central Puerto, respectivamente.\u00a0<\/span><\/p>\n<p><span style=\"font-weight: 400;\">Entre sus considerandos el decreto establece que dentro \u201cde los 180 d\u00edas corridos la Secretar\u00eda de Energ\u00eda llamar\u00e1 a Concurso P\u00fablico Nacional e Internacional, competitivo y expeditivo, con el fin de proceder a la venta del paquete accionario mayoritario o controlante de cada una de las sociedades\u201d.<\/span><\/p>\n<p><span style=\"font-weight: 400;\">Recientemente, en declaraciones radiales, Sturzenegger sostuvo que \u201cel marco legal ha institucionalizado el modelo de la casta que le extrae recursos a la poblaci\u00f3n en general para d\u00e1rselo a estos actores\u201d, en referencia a lo que denomin\u00f3 como una \u201ctriple casta\u201d, conformada por sindicatos, empresas y Estado. <\/span><b>Adem\u00e1s cont\u00f3 que en \u201ccualquier pa\u00eds del mundo, donde digo que los sindicatos se llevan el 3% de la masa salarial formal, se r\u00eden\u201d, ironiz\u00f3 Sturzenegger.<\/b><\/p>\n<p><span style=\"font-weight: 400;\">La expresi\u00f3n de Sturzenegger refleja la visi\u00f3n program\u00e1tica de esta fracci\u00f3n enquistada en el gobierno: n<\/span><b>o se trata solo de partir al Estado para repartirlo, sino de fragmentar y debilitar uno de los pocos instrumentos que la clase trabajadora cuenta para hacer resistencia al modelo capitalista, como los sindicatos.<\/b><\/p>\n<\/div>\n<\/div>\n","protected":false},"excerpt":{"rendered":"<p>Tras la aprobaci\u00f3n de la Ley Bases la privatizaci\u00f3n de empresas p\u00fablicas avanza. Capitales checos miran de cerca a Fabricaciones Militares que podr\u00edan ingresar a la producci\u00f3n de armamento para la OTAN.<\/p>\n","protected":false},"author":2,"featured_media":11547,"comment_status":"open","ping_status":"open","sticky":false,"template":"","format":"standard","meta":{"_exactmetrics_skip_tracking":false,"_exactmetrics_sitenote_active":false,"_exactmetrics_sitenote_note":"","_exactmetrics_sitenote_category":0,"jnews-multi-image_gallery":[],"jnews_single_post":{"format":"standard","override":[{"template":"10","parallax":"1","fullscreen":"1","layout":"no-sidebar","sidebar":"default-sidebar","second_sidebar":"default-sidebar","sticky_sidebar":"1","share_position":"hide","share_float_style":"share-monocrhome","show_featured":"1","show_post_meta":"1","show_post_author_image":"1","show_post_date":"1","post_date_format":"custom","post_date_format_custom":"d\/m\/Y","show_post_category":"1","show_post_reading_time":"0","post_reading_time_wpm":"300","post_calculate_word_method":"str_word_count","show_zoom_button":"0","zoom_button_out_step":"2","zoom_button_in_step":"3","show_post_tag":"1","number_popup_post":"1","show_author_box":"0","show_post_related":"1"}],"image_override":[{"single_post_thumbnail_size":"crop-500","single_post_gallery_size":"crop-500"}],"trending_post_position":"meta","trending_post_label":"Trending","sponsored_post_label":"Sponsored by","disable_ad":"0"},"jnews_primary_category":[],"jnews_social_meta":[],"jnews_override_counter":{"view_counter_number":"0","share_counter_number":"0","like_counter_number":"0","dislike_counter_number":"0"},"_joinchat":[],"footnotes":""},"categories":[23],"tags":[324,526,231],"class_list":["post-11543","post","type-post","status-publish","format-standard","has-post-thumbnail","hentry","category-analisis","tag-ate","tag-edicion-139","tag-otan"],"_links":{"self":[{"href":"https:\/\/tribunavm.com.ar\/index.php\/wp-json\/wp\/v2\/posts\/11543"}],"collection":[{"href":"https:\/\/tribunavm.com.ar\/index.php\/wp-json\/wp\/v2\/posts"}],"about":[{"href":"https:\/\/tribunavm.com.ar\/index.php\/wp-json\/wp\/v2\/types\/post"}],"author":[{"embeddable":true,"href":"https:\/\/tribunavm.com.ar\/index.php\/wp-json\/wp\/v2\/users\/2"}],"replies":[{"embeddable":true,"href":"https:\/\/tribunavm.com.ar\/index.php\/wp-json\/wp\/v2\/comments?post=11543"}],"version-history":[{"count":3,"href":"https:\/\/tribunavm.com.ar\/index.php\/wp-json\/wp\/v2\/posts\/11543\/revisions"}],"predecessor-version":[{"id":11550,"href":"https:\/\/tribunavm.com.ar\/index.php\/wp-json\/wp\/v2\/posts\/11543\/revisions\/11550"}],"wp:featuredmedia":[{"embeddable":true,"href":"https:\/\/tribunavm.com.ar\/index.php\/wp-json\/wp\/v2\/media\/11547"}],"wp:attachment":[{"href":"https:\/\/tribunavm.com.ar\/index.php\/wp-json\/wp\/v2\/media?parent=11543"}],"wp:term":[{"taxonomy":"category","embeddable":true,"href":"https:\/\/tribunavm.com.ar\/index.php\/wp-json\/wp\/v2\/categories?post=11543"},{"taxonomy":"post_tag","embeddable":true,"href":"https:\/\/tribunavm.com.ar\/index.php\/wp-json\/wp\/v2\/tags?post=11543"}],"curies":[{"name":"wp","href":"https:\/\/api.w.org\/{rel}","templated":true}]}}