{"id":11551,"date":"2024-09-09T21:53:02","date_gmt":"2024-09-09T21:53:02","guid":{"rendered":"https:\/\/tribunavm.com.ar\/?p=11551"},"modified":"2024-09-09T22:01:34","modified_gmt":"2024-09-09T22:01:34","slug":"contagiar-la-bandera-por-el-salario-minimo","status":"publish","type":"post","link":"https:\/\/tribunavm.com.ar\/index.php\/2024\/09\/09\/contagiar-la-bandera-por-el-salario-minimo\/","title":{"rendered":"Contagiar la bandera por el salario m\u00ednimo"},"content":{"rendered":"<div class=\"row clearfix\">\n<div class=\"col-md-8\">\n<p><span style=\"color: #212121; font-size: 1.5em; letter-spacing: -0.01em;\">\u201cNo se puede esperar m\u00e1s la salida desde un lugar partidario porque, en ese modelo, quien se pone al frente es una clase dirigente sumisa al poder\u201d, dijo Marco Pozzi, delegado y paritario aceitero.<\/span><\/p>\n<p><span style=\"font-weight: 400;\"><span class=\"dropcap \" style=\"background-color: #ffffff; color: #dd9933; border-color: #ffffff;\">M<\/span>arco Pozzi, delegado paritario de la Federaci\u00f3n de Trabajadores del Complejo Industrial Oleaginoso, Desmotadores de Algod\u00f3n y Afines de la Rep\u00fablica Argentina (Ftciodyara), convers\u00f3 con Tribuna luego del acuerdo que llev\u00f3 el ingreso m\u00ednimo del sector a $1.562.000.<\/span><\/p>\n<p><b>\u00bfQu\u00e9 importancia tuvo el plenario en San Lorenzo (Santa F\u00e9) realizado junto al otro gran sindicato del sector (SOEA)?<\/b><\/p>\n<p><span style=\"font-weight: 400;\">Fue la primera vez que <\/span><b>hicimos un plenario con m\u00e1s de 250 delegados de la Federaci\u00f3n Aceitera y del sindicato de San Lorenzo<\/b><span style=\"font-weight: 400;\">. <\/span><b>De ah\u00ed salimos con el mandato de que la dirigencia tome las decisiones que sean necesarias para discutir salario y nuestras condiciones de vida.<\/b><\/p>\n<p><span style=\"font-weight: 400;\">La presencia de los trabajadores aceiteros se da en el Cord\u00f3n Industrial del Gran Rosario, Bah\u00eda Blanca, Tancacha, San Luis, Ca\u00f1uelas, Entre R\u00edos y Ciudad de Buenos Aires.<\/span><\/p>\n<p><span style=\"font-weight: 400;\">Al mes del Congreso <\/span><b>iniciamos el paro por revisi\u00f3n salarial<\/b><span style=\"font-weight: 400;\">, donde tenemos experiencia ya que es la cuarta paritaria que lo hacemos juntos y creemos que es una forma de organizar conjuntamente los elementos de lucha.<\/span><\/p>\n<figure id=\"attachment_11552\" aria-describedby=\"caption-attachment-11552\" style=\"width: 1600px\" class=\"wp-caption alignnone\"><img loading=\"lazy\" decoding=\"async\" class=\"size-full wp-image-11552\" src=\"https:\/\/tribunavm.com.ar\/wp-content\/uploads\/2024\/09\/Plenario-Federacion-y-SOEA.png\" alt=\"\" width=\"1600\" height=\"900\" srcset=\"https:\/\/tribunavm.com.ar\/wp-content\/uploads\/2024\/09\/Plenario-Federacion-y-SOEA.png 1600w, https:\/\/tribunavm.com.ar\/wp-content\/uploads\/2024\/09\/Plenario-Federacion-y-SOEA-300x169.png 300w, https:\/\/tribunavm.com.ar\/wp-content\/uploads\/2024\/09\/Plenario-Federacion-y-SOEA-1024x576.png 1024w, https:\/\/tribunavm.com.ar\/wp-content\/uploads\/2024\/09\/Plenario-Federacion-y-SOEA-768x432.png 768w, https:\/\/tribunavm.com.ar\/wp-content\/uploads\/2024\/09\/Plenario-Federacion-y-SOEA-1536x864.png 1536w, https:\/\/tribunavm.com.ar\/wp-content\/uploads\/2024\/09\/Plenario-Federacion-y-SOEA-750x422.png 750w, https:\/\/tribunavm.com.ar\/wp-content\/uploads\/2024\/09\/Plenario-Federacion-y-SOEA-1140x641.png 1140w\" sizes=\"(max-width: 1600px) 100vw, 1600px\" \/><figcaption id=\"caption-attachment-11552\" class=\"wp-caption-text\">Plenario de aceiteros realizado en julio.<\/figcaption><\/figure>\n<p><span style=\"font-weight: 400;\">El reclamo principal tiene que ver con una revisi\u00f3n salarial<\/span><b> para sostener el salario m\u00ednimo vital y m\u00f3vil <\/b><span style=\"font-weight: 400;\">que se viene discutiendo desde la Federaci\u00f3n desde hace 20 a\u00f1os a partir de lo que dice la Ley de Contrato de Trabajo y el art\u00edculo 14 bis de la Constituci\u00f3n Nacional. Ah\u00ed se mencionan las nueve necesidades de acuerdo a los bienes de consumo que tomamos de referencia.<\/span><\/p>\n<p><span style=\"font-weight: 400;\">En base a ello,<\/span><b> las c\u00e1maras empresarias ofrecieron un acuerdo basado en la inflaci\u00f3n mensual pero ese c\u00e1lculo nos hace perder salario manteni\u00e9ndolo planchado<\/b><span style=\"font-weight: 400;\">. Luego de cinco audiencias no se pudo llegar a un acuerdo.<\/span><\/p>\n<p><span style=\"font-weight: 400;\">Posterior a la \u00faltima mesa de negociaci\u00f3n resolvimos ir al paro que dur\u00f3 siete d\u00edas hasta la conciliaci\u00f3n <\/span><b>donde nos volvimos a sentar a negociar y lograr sostener nuestra propuesta<\/b><span style=\"font-weight: 400;\">.\u00a0<\/span><\/p>\n<p><b>La adhesi\u00f3n de los compa\u00f1eros fue total. De hecho, el d\u00eda que nos dictaron la conciliaci\u00f3n obligatoria levantamos la medida, pero los compa\u00f1eros estaban dispuestos a seguir con la lucha<\/b><span style=\"font-weight: 400;\">.<\/span><span style=\"font-weight: 400;\"> No hay dirigente que se pueda mover con tranquilidad si no tiene a todos los compa\u00f1eros respald\u00e1ndolo en este tipo de situaciones.<\/span><\/p>\n<p><span style=\"font-weight: 400;\">Y para quienes dicen que el problema es la gente, en realidad el problema es que los gremios de cada sector no acompa\u00f1an y fomentan las medidas para ponerle un freno a esto que se est\u00e1 viviendo. <\/span><b>Por eso no es solo la CGT, sino sobre todo los sindicatos que se dec\u00edan fuertes y combativos, y que tampoco est\u00e1n teniendo el rol protag\u00f3nico que deber\u00edan tener.<\/b><\/p>\n<p><span style=\"font-weight: 400;\">Los acuerdos de los trabajadores est\u00e1n muy lejos de una paritaria real donde vean valorizado su trabajo.<\/span><b> Arreglan con porcentajes que van desde 4% al 2% y lo anuncian diciendo que rompen el techo porque el Gobierno dijo que no se pod\u00eda m\u00e1s que eso.<\/b><\/p>\n<figure id=\"attachment_11553\" aria-describedby=\"caption-attachment-11553\" style=\"width: 932px\" class=\"wp-caption alignnone\"><img loading=\"lazy\" decoding=\"async\" class=\"size-full wp-image-11553\" src=\"https:\/\/tribunavm.com.ar\/wp-content\/uploads\/2024\/09\/YOFRA.jpg\" alt=\"\" width=\"932\" height=\"626\" srcset=\"https:\/\/tribunavm.com.ar\/wp-content\/uploads\/2024\/09\/YOFRA.jpg 932w, https:\/\/tribunavm.com.ar\/wp-content\/uploads\/2024\/09\/YOFRA-300x202.jpg 300w, https:\/\/tribunavm.com.ar\/wp-content\/uploads\/2024\/09\/YOFRA-768x516.jpg 768w, https:\/\/tribunavm.com.ar\/wp-content\/uploads\/2024\/09\/YOFRA-750x504.jpg 750w\" sizes=\"(max-width: 932px) 100vw, 932px\" \/><figcaption id=\"caption-attachment-11553\" class=\"wp-caption-text\">Daniel Yofra, dirigente de la Federaci\u00f3n de Aceiteros.<\/figcaption><\/figure>\n<p><span style=\"color: #ff9900;\"><b>\u00bfDe qu\u00e9 forma defienden este planteo?<\/b><\/span><\/p>\n<p><span style=\"font-weight: 400;\">Tanto para la Federaci\u00f3n, como para el Sindicato de Aceiteros, <\/span><b>aparece la democracia sindical como elemento determinante de todo esto<\/b><span style=\"font-weight: 400;\">. Si no tuvi\u00e9ramos a los delegados dentro de las f\u00e1bricas ser\u00eda muy dif\u00edcil todo el resto.\u00a0<\/span><\/p>\n<p><span style=\"font-weight: 400;\">S\u00f3lo de esta manera es que se puede lograr la escala necesaria para que todo el movimiento obrero deje de perder salario e incluso poder elevarlo.<\/span><\/p>\n<p><b>Es una falencia que tiene hoy el modelo sindical ya que hace m\u00e1s de 40 a\u00f1os que tenemos los mismos dirigentes sindicales y cada vez m\u00e1s pegados a una necesidad partidaria que a lo que vive la realidad de los compa\u00f1eros en la f\u00e1brica.<\/b><\/p>\n<p><span style=\"font-weight: 400;\">Destacar desde ya la enorme importancia de <\/span><b>contagiar a otros gremios y empezar a discutir con todos los trabajadores la bandera del salario m\u00ednimo, vital y m\u00f3vil<\/b><span style=\"font-weight: 400;\">.<\/span><\/p>\n<figure id=\"attachment_11554\" aria-describedby=\"caption-attachment-11554\" style=\"width: 1080px\" class=\"wp-caption alignnone\"><img loading=\"lazy\" decoding=\"async\" class=\"size-full wp-image-11554\" src=\"https:\/\/tribunavm.com.ar\/wp-content\/uploads\/2024\/09\/INTERIOSS.jpg\" alt=\"\" width=\"1080\" height=\"810\" srcset=\"https:\/\/tribunavm.com.ar\/wp-content\/uploads\/2024\/09\/INTERIOSS.jpg 1080w, https:\/\/tribunavm.com.ar\/wp-content\/uploads\/2024\/09\/INTERIOSS-300x225.jpg 300w, https:\/\/tribunavm.com.ar\/wp-content\/uploads\/2024\/09\/INTERIOSS-1024x768.jpg 1024w, https:\/\/tribunavm.com.ar\/wp-content\/uploads\/2024\/09\/INTERIOSS-768x576.jpg 768w, https:\/\/tribunavm.com.ar\/wp-content\/uploads\/2024\/09\/INTERIOSS-750x563.jpg 750w\" sizes=\"(max-width: 1080px) 100vw, 1080px\" \/><figcaption id=\"caption-attachment-11554\" class=\"wp-caption-text\"><span style=\"font-weight: 400;\">Durante las jornadas de paro se realizaron asambleas en las empresas. Foto: Radio Gr\u00e1fica.<\/span><\/figcaption><\/figure>\n<p><span style=\"color: #ff9900;\"><b>\u00bfHacia delante qu\u00e9 acciones definieron?<\/b><\/span><\/p>\n<p><span style=\"font-weight: 400;\">Con este gobierno nacional es dif\u00edcil porque actuamos m\u00e1s a reacci\u00f3n por lo que te desconcierta con todas las cosas que anuncian. Estos d\u00edas anunciaron un comando anti-piquete para los sectores productivos. Seguramente tendremos que ir analizando la coyuntura y saliendo con algunas actividades como lo hicimos con la Ley de Bases.<\/span><\/p>\n<p><b>Por parte de la dirigencia hay demasiado respeto hacia la clase pol\u00edtica que es la misma que vota en contra de los trabajadores y no defiende a los jubilados. La misma que le da la libertad de hacer lo que quiera a un presidente que todav\u00eda no tir\u00f3 una se\u00f1al para los trabajadores.<\/b><\/p>\n<p><span style=\"font-weight: 400;\">Algunos proponen esperar al pr\u00f3ximo gobierno que supuestamente nos va a salvar. Pero no hay que olvidarse de que esto ya pas\u00f3, donde <\/span><b>hubo varias resistencias durante el macrismo pero no se termin\u00f3 de consolidar la clase obrera porque la salida era \u201cHay 2023\u201d<\/b><span style=\"font-weight: 400;\">.<\/span><\/p>\n<p><b>Por todo esto debemos preguntarnos cu\u00e1ndo va a tener el protagonismo la clase trabajadora. Tenemos que cambiar el pensamiento. No se puede esperar m\u00e1s la salida desde un lugar partidario porque, en ese modelo, quien se pone al frente es una clase dirigente sumisa al poder.<\/b><\/p>\n<\/div>\n<\/div>\n","protected":false},"excerpt":{"rendered":"<p>\u201cNo se puede esperar m\u00e1s la salida desde un lugar partidario porque, en ese modelo, quien se pone al frente es una clase dirigente sumisa al poder\u201d, dijo Marco Pozzi, delegado y paritario aceitero.<\/p>\n","protected":false},"author":2,"featured_media":11561,"comment_status":"open","ping_status":"open","sticky":false,"template":"","format":"standard","meta":{"_exactmetrics_skip_tracking":false,"_exactmetrics_sitenote_active":false,"_exactmetrics_sitenote_note":"","_exactmetrics_sitenote_category":0,"jnews-multi-image_gallery":[],"jnews_single_post":{"format":"standard","override":[{"template":"10","parallax":"1","fullscreen":"1","layout":"no-sidebar","sidebar":"default-sidebar","second_sidebar":"default-sidebar","sticky_sidebar":"1","share_position":"hide","share_float_style":"share-monocrhome","show_featured":"1","show_post_meta":"1","show_post_author_image":"1","show_post_date":"1","post_date_format":"custom","post_date_format_custom":"d\/m\/Y","show_post_category":"1","show_post_reading_time":"0","post_reading_time_wpm":"300","post_calculate_word_method":"str_word_count","show_zoom_button":"0","zoom_button_out_step":"2","zoom_button_in_step":"3","show_post_tag":"1","number_popup_post":"1","show_author_box":"0","show_post_related":"1"}],"image_override":[{"single_post_thumbnail_size":"crop-500","single_post_gallery_size":"crop-500"}],"trending_post_position":"meta","trending_post_label":"Trending","sponsored_post_label":"Sponsored by","disable_ad":"0"},"jnews_primary_category":[],"jnews_social_meta":[],"jnews_override_counter":{"view_counter_number":"0","share_counter_number":"0","like_counter_number":"0","dislike_counter_number":"0"},"_joinchat":[],"footnotes":""},"categories":[24],"tags":[526,424],"class_list":["post-11551","post","type-post","status-publish","format-standard","has-post-thumbnail","hentry","category-opinion","tag-edicion-139","tag-ftciodyara"],"_links":{"self":[{"href":"https:\/\/tribunavm.com.ar\/index.php\/wp-json\/wp\/v2\/posts\/11551"}],"collection":[{"href":"https:\/\/tribunavm.com.ar\/index.php\/wp-json\/wp\/v2\/posts"}],"about":[{"href":"https:\/\/tribunavm.com.ar\/index.php\/wp-json\/wp\/v2\/types\/post"}],"author":[{"embeddable":true,"href":"https:\/\/tribunavm.com.ar\/index.php\/wp-json\/wp\/v2\/users\/2"}],"replies":[{"embeddable":true,"href":"https:\/\/tribunavm.com.ar\/index.php\/wp-json\/wp\/v2\/comments?post=11551"}],"version-history":[{"count":1,"href":"https:\/\/tribunavm.com.ar\/index.php\/wp-json\/wp\/v2\/posts\/11551\/revisions"}],"predecessor-version":[{"id":11555,"href":"https:\/\/tribunavm.com.ar\/index.php\/wp-json\/wp\/v2\/posts\/11551\/revisions\/11555"}],"wp:featuredmedia":[{"embeddable":true,"href":"https:\/\/tribunavm.com.ar\/index.php\/wp-json\/wp\/v2\/media\/11561"}],"wp:attachment":[{"href":"https:\/\/tribunavm.com.ar\/index.php\/wp-json\/wp\/v2\/media?parent=11551"}],"wp:term":[{"taxonomy":"category","embeddable":true,"href":"https:\/\/tribunavm.com.ar\/index.php\/wp-json\/wp\/v2\/categories?post=11551"},{"taxonomy":"post_tag","embeddable":true,"href":"https:\/\/tribunavm.com.ar\/index.php\/wp-json\/wp\/v2\/tags?post=11551"}],"curies":[{"name":"wp","href":"https:\/\/api.w.org\/{rel}","templated":true}]}}