{"id":11572,"date":"2024-09-09T22:22:14","date_gmt":"2024-09-09T22:22:14","guid":{"rendered":"https:\/\/tribunavm.com.ar\/?p=11572"},"modified":"2024-09-09T23:06:25","modified_gmt":"2024-09-09T23:06:25","slug":"la-letra-chica-de-la-reforma","status":"publish","type":"post","link":"https:\/\/tribunavm.com.ar\/index.php\/2024\/09\/09\/la-letra-chica-de-la-reforma\/","title":{"rendered":"La letra chica de la reforma"},"content":{"rendered":"<div class=\"row clearfix\">\n<div class=\"col-md-8\">\n<p><span style=\"color: #212121; font-size: 1.5em; letter-spacing: -0.01em;\">El Gobierno mantuvo encuentros con entidades empresarias para debatir los detalles de la implementaci\u00f3n de la reforma laboral.\u00a0<\/span><\/p>\n<p><span style=\"font-weight: 400;\"><span class=\"dropcap \" style=\"background-color: #ffffff; color: #dd9933; border-color: #ffffff;\">A<\/span> fines de agosto el secretario de Trabajo, Julio Cordero, recibi\u00f3 a representantes de entidades empresarias para abordar <\/span><b>la reglamentaci\u00f3n de la reforma laboral<\/b> <b>aprobada en la Ley Bases para el sector PYME<\/b><span style=\"font-weight: 400;\">.<\/span><\/p>\n<p><span style=\"font-weight: 400;\">Entre las entidades presentes estaban Confederaci\u00f3n Argentina de la Mediana Empresa (CAME), Movimiento Nacional Pyme (Monapy), la Asociaci\u00f3n de Emprendedores de Argentina (ASEA), Red Federal, la Federaci\u00f3n de Comercio e Industria de la Ciudad de Buenos Aires (FECOBA), Idea PyME, Uni\u00f3n Industrial Argentina (UIA), Coordinadora de las Industrias de Productos Alimenticios (COPAL), Confederaciones Rurales Argentinas (CRA), la Sociedad Rural, la Federaci\u00f3n Agraria, Coninagro, Comit\u00e9 de Pymes, Emprendedores y Productores (PEP), Coninagro y la Confederaci\u00f3n General Empresaria de la Rep\u00fablica Argentina (CGERA).<\/span><\/p>\n<p><span style=\"font-weight: 400;\">\u201cVenimos trabajando en varias cuestiones, en la quita de multas, en los juicios laborales, el tema de los accidentes de trabajo y de las ART, tratar de que sea m\u00e1s adecuado a la situaci\u00f3n de las pymes para evitar los juicios\u201d, expres\u00f3 Marcelo Fern\u00e1ndez, de CGERA.<\/span><\/p>\n<figure id=\"attachment_11575\" aria-describedby=\"caption-attachment-11575\" style=\"width: 988px\" class=\"wp-caption alignnone\"><img loading=\"lazy\" decoding=\"async\" class=\"size-full wp-image-11575\" src=\"https:\/\/tribunavm.com.ar\/wp-content\/uploads\/2024\/09\/interna-2.png\" alt=\"\" width=\"988\" height=\"653\" srcset=\"https:\/\/tribunavm.com.ar\/wp-content\/uploads\/2024\/09\/interna-2.png 988w, https:\/\/tribunavm.com.ar\/wp-content\/uploads\/2024\/09\/interna-2-300x198.png 300w, https:\/\/tribunavm.com.ar\/wp-content\/uploads\/2024\/09\/interna-2-768x508.png 768w, https:\/\/tribunavm.com.ar\/wp-content\/uploads\/2024\/09\/interna-2-750x496.png 750w\" sizes=\"(max-width: 988px) 100vw, 988px\" \/><figcaption id=\"caption-attachment-11575\" class=\"wp-caption-text\">Daniel Funes de Rioja (UIA) y la ministra Pettovello en UIA.<\/figcaption><\/figure>\n<p><span style=\"font-weight: 400;\">Otro punto planteado por las entidades rurales fue la necesidad de &#8220;modernizar&#8221; el Estatuto del Pe\u00f3n Rural debido a la irrupci\u00f3n de nuevas tecnolog\u00edas.\u00a0<\/span><\/p>\n<p><span style=\"font-weight: 400;\">En otro encuentro, esta vez en la sede de la UIA, la ministra de Capital Humano, Sandra Pettovello se reuni\u00f3 por primera vez con los principales dirigentes de la entidad industrial donde se discutieron tambi\u00e9n avances sobre la implementaci\u00f3n de la reforma laboral.<\/span><\/p>\n<p><b>Los industriales transmitieron su preocupaci\u00f3n por el c\u00e1lculo de la tasa de inter\u00e9s que rige en los juicios laborales y reclamaron por el despido con causa justa por bloqueos de empleados a empresas<\/b><span style=\"font-weight: 400;\">, aspecto contemplado en el art\u00edculo 94 de la Ley Bases que lo considera como \u201cgrave injuria laboral\u201d.<\/span><\/p>\n<\/div>\n<\/div>\n","protected":false},"excerpt":{"rendered":"<p>El Gobierno mantuvo encuentros con entidades empresarias para debatir los detalles de la implementaci\u00f3n de la reforma laboral.\u00a0<\/p>\n","protected":false},"author":2,"featured_media":11573,"comment_status":"open","ping_status":"open","sticky":false,"template":"","format":"standard","meta":{"_exactmetrics_skip_tracking":false,"_exactmetrics_sitenote_active":false,"_exactmetrics_sitenote_note":"","_exactmetrics_sitenote_category":0,"jnews-multi-image_gallery":[],"jnews_single_post":{"format":"standard","override":[{"template":"10","parallax":"1","fullscreen":"1","layout":"no-sidebar","sidebar":"default-sidebar","second_sidebar":"default-sidebar","sticky_sidebar":"1","share_position":"hide","share_float_style":"share-monocrhome","show_featured":"1","show_post_meta":"1","show_post_author_image":"1","show_post_date":"1","post_date_format":"custom","post_date_format_custom":"d\/m\/Y","show_post_category":"1","show_post_reading_time":"0","post_reading_time_wpm":"300","post_calculate_word_method":"str_word_count","show_zoom_button":"0","zoom_button_out_step":"2","zoom_button_in_step":"3","show_post_tag":"1","number_popup_post":"1","show_author_box":"0","show_post_related":"1"}],"image_override":[{"single_post_thumbnail_size":"crop-500","single_post_gallery_size":"crop-500"}],"trending_post_position":"meta","trending_post_label":"Trending","sponsored_post_label":"Sponsored by","disable_ad":"0"},"jnews_primary_category":[],"jnews_social_meta":[],"jnews_override_counter":{"view_counter_number":"0","share_counter_number":"0","like_counter_number":"0","dislike_counter_number":"0"},"_joinchat":[],"footnotes":""},"categories":[279],"tags":[529,530,531,493,526,42,288,528],"class_list":["post-11572","post","type-post","status-publish","format-standard","has-post-thumbnail","hentry","category-gobierno","tag-came","tag-cgera","tag-coninagro","tag-copal","tag-edicion-139","tag-industria","tag-sra","tag-uia"],"_links":{"self":[{"href":"https:\/\/tribunavm.com.ar\/index.php\/wp-json\/wp\/v2\/posts\/11572"}],"collection":[{"href":"https:\/\/tribunavm.com.ar\/index.php\/wp-json\/wp\/v2\/posts"}],"about":[{"href":"https:\/\/tribunavm.com.ar\/index.php\/wp-json\/wp\/v2\/types\/post"}],"author":[{"embeddable":true,"href":"https:\/\/tribunavm.com.ar\/index.php\/wp-json\/wp\/v2\/users\/2"}],"replies":[{"embeddable":true,"href":"https:\/\/tribunavm.com.ar\/index.php\/wp-json\/wp\/v2\/comments?post=11572"}],"version-history":[{"count":1,"href":"https:\/\/tribunavm.com.ar\/index.php\/wp-json\/wp\/v2\/posts\/11572\/revisions"}],"predecessor-version":[{"id":11576,"href":"https:\/\/tribunavm.com.ar\/index.php\/wp-json\/wp\/v2\/posts\/11572\/revisions\/11576"}],"wp:featuredmedia":[{"embeddable":true,"href":"https:\/\/tribunavm.com.ar\/index.php\/wp-json\/wp\/v2\/media\/11573"}],"wp:attachment":[{"href":"https:\/\/tribunavm.com.ar\/index.php\/wp-json\/wp\/v2\/media?parent=11572"}],"wp:term":[{"taxonomy":"category","embeddable":true,"href":"https:\/\/tribunavm.com.ar\/index.php\/wp-json\/wp\/v2\/categories?post=11572"},{"taxonomy":"post_tag","embeddable":true,"href":"https:\/\/tribunavm.com.ar\/index.php\/wp-json\/wp\/v2\/tags?post=11572"}],"curies":[{"name":"wp","href":"https:\/\/api.w.org\/{rel}","templated":true}]}}