{"id":11595,"date":"2024-09-09T22:46:21","date_gmt":"2024-09-09T22:46:21","guid":{"rendered":"https:\/\/tribunavm.com.ar\/?p=11595"},"modified":"2024-09-09T22:46:21","modified_gmt":"2024-09-09T22:46:21","slug":"bolivia-fracturas-en-el-mas","status":"publish","type":"post","link":"https:\/\/tribunavm.com.ar\/index.php\/2024\/09\/09\/bolivia-fracturas-en-el-mas\/","title":{"rendered":"Bolivia: Fracturas en el MAS"},"content":{"rendered":"<div class=\"row clearfix\">\n<div class=\"col-md-8\">\n<p><span style=\"color: #212121; font-size: 1.5em; letter-spacing: -0.01em;\">Las fracciones hacia dentro del Movimiento al Socialismo son cada vez m\u00e1s visibles. El \u201cala evista\u201d lanz\u00f3 una movilizaci\u00f3n desde Caracollo hacia La Paz mientras que la COB anunci\u00f3 una movilizaci\u00f3n en \u201cdefensa de la democracia\u201d.<\/span><\/p>\n<p><span style=\"font-weight: 400;\"><span class=\"dropcap \" style=\"background-color: #ffffff; color: #dd9933; border-color: #ffffff;\">L<\/span>os conflictos hacia dentro del Movimiento al Socialismo (MAS) son cada vez m\u00e1s visibles desde el 31 de octubre de 2023, momento en el cual el Tribunal Supremo Electoral (TSE) anul\u00f3 el Congreso del partido realizado en Lauca \u00d1 (Cochabamba) durante el 3 y 4 de octubre de ese a\u00f1o. <\/span><b>En ese momento, el Congreso reeligi\u00f3 a Evo Morales como presidente del partido y lo proclamaron como \u201ccandidato \u00fanico\u201d para las elecciones del 2025.<\/b><\/p>\n<p><span style=\"font-weight: 400;\">Tras el llamado al X Congreso Nacional para este 3 de septiembre el TSE se neg\u00f3 a supervisarlo. Ante esto, Morales <\/span><span style=\"color: #ff9900;\"><a style=\"color: #ff9900;\" href=\"https:\/\/x.com\/evoespueblo\/status\/1830960971055022398\"><span style=\"font-weight: 400;\">expres\u00f3<\/span><\/a><\/span><span style=\"font-weight: 400;\"> a trav\u00e9s X que <\/span><b>por la decisi\u00f3n del Tribunal \u201cque se someti\u00f3 a los intereses del imperio y a las ambiciones de los que gobiernan el pa\u00eds\u201d, el Congreso se convirti\u00f3 en un \u201campliado\u201d con participaci\u00f3n de los \u201cmovimientos sociales revolucionarios\u201d.<\/b><\/p>\n<p><span style=\"font-weight: 400;\">Durante el \u201campliado nacional\u201d realizado en Villa Tunari, en la zona del Tr\u00f3pico de Cochabamba -basti\u00f3n pol\u00edtico y sindical del expresidente-, una fracci\u00f3n del MAS junto con\u00a0 Instrumento Pol\u00edtico por la Soberan\u00eda de los Pueblos (IPSP) <\/span><b>reafirmaron la candidatura de Morales y convocaron a una marcha para el 17 de septiembre desde Caracollo hacia La Paz<\/b><span style=\"font-weight: 400;\">.\u00a0<\/span><\/p>\n<blockquote class=\"twitter-tweet\">\n<p dir=\"ltr\" lang=\"es\">Concluimos exitosamente nuestro Ampliado Nacional del MAS-IPSP en Villa Tunari.<br \/>\nSaludamos el esfuerzo y compromiso de todas las delegaciones que llegaron desde diferentes puntos del pa\u00eds.<br \/>\nEntre las conclusiones de nuestro Ampliado resolvimos:<br \/>\nLlevar adelante una Marcha para\u2026 <a href=\"https:\/\/t.co\/gpGgE2Rnvm\">pic.twitter.com\/gpGgE2Rnvm<\/a><\/p>\n<p>\u2014 Evo Morales Ayma (@evoespueblo) <a href=\"https:\/\/twitter.com\/evoespueblo\/status\/1831097857639870823?ref_src=twsrc%5Etfw\">September 3, 2024<\/a><\/p><\/blockquote>\n<p><script async src=\"https:\/\/platform.twitter.com\/widgets.js\" charset=\"utf-8\"><\/script><\/p>\n<p><span style=\"font-weight: 400;\">\u201cSolamente nos queda defender la sigla -por el intento de \u2018arrebatar\u2019 el nombre del MAS por parte del Gobierno- y la candidatura de Evo Morales en las carreteras. Ahora s\u00ed lleg\u00f3 el fin de Luis Arce\u201d, exclam\u00f3 Ponciano Santos, dirigente de la Confederaci\u00f3n Sindical \u00danica de Trabajadores Campesinos de Bolivia.<\/span><\/p>\n<p><span style=\"font-weight: 400;\">Posteriormente, el mi\u00e9rcoles 4 de septiembre, la Central Obrera de Bolivia (COB) anunci\u00f3 una <\/span><b>movilizaci\u00f3n para el martes 10 \u201cen defensa de la democracia\u201d y \u201cfrente a estos intentos de desestabilizaci\u00f3n pol\u00edtica y democr\u00e1tica\u201d<\/b><span style=\"font-weight: 400;\">. Asimismo, desde la asociaci\u00f3n sindical llamaron a una reuni\u00f3n con el presidente Luis Arce.<\/span><\/p>\n<\/div>\n<\/div>\n","protected":false},"excerpt":{"rendered":"<p>Las fracciones hacia dentro del Movimiento al Socialismo son cada vez m\u00e1s visibles. El \u201cala evista\u201d lanz\u00f3 una movilizaci\u00f3n desde Caracollo hacia La Paz mientras que la COB anunci\u00f3 una movilizaci\u00f3n en \u201cdefensa de la democracia\u201d.<\/p>\n","protected":false},"author":2,"featured_media":11596,"comment_status":"open","ping_status":"open","sticky":false,"template":"","format":"standard","meta":{"_exactmetrics_skip_tracking":false,"_exactmetrics_sitenote_active":false,"_exactmetrics_sitenote_note":"","_exactmetrics_sitenote_category":0,"jnews-multi-image_gallery":[],"jnews_single_post":{"format":"standard","override":[{"template":"10","parallax":"1","fullscreen":"1","layout":"no-sidebar","sidebar":"default-sidebar","second_sidebar":"default-sidebar","sticky_sidebar":"1","share_position":"hide","share_float_style":"share-monocrhome","show_featured":"1","show_post_meta":"1","show_post_author_image":"1","show_post_date":"1","post_date_format":"custom","post_date_format_custom":"d\/m\/Y","show_post_category":"1","show_post_reading_time":"0","post_reading_time_wpm":"300","post_calculate_word_method":"str_word_count","show_zoom_button":"0","zoom_button_out_step":"2","zoom_button_in_step":"3","show_post_tag":"1","number_popup_post":"1","show_author_box":"0","show_post_related":"1"}],"image_override":[{"single_post_thumbnail_size":"crop-500","single_post_gallery_size":"crop-500"}],"trending_post_position":"meta","trending_post_label":"Trending","sponsored_post_label":"Sponsored by","disable_ad":"0"},"jnews_primary_category":[],"jnews_social_meta":[],"jnews_override_counter":{"view_counter_number":"0","share_counter_number":"0","like_counter_number":"0","dislike_counter_number":"0"},"_joinchat":[],"footnotes":""},"categories":[277],"tags":[374,526],"class_list":["post-11595","post","type-post","status-publish","format-standard","has-post-thumbnail","hentry","category-latinoamerica","tag-bolivia","tag-edicion-139"],"_links":{"self":[{"href":"https:\/\/tribunavm.com.ar\/index.php\/wp-json\/wp\/v2\/posts\/11595"}],"collection":[{"href":"https:\/\/tribunavm.com.ar\/index.php\/wp-json\/wp\/v2\/posts"}],"about":[{"href":"https:\/\/tribunavm.com.ar\/index.php\/wp-json\/wp\/v2\/types\/post"}],"author":[{"embeddable":true,"href":"https:\/\/tribunavm.com.ar\/index.php\/wp-json\/wp\/v2\/users\/2"}],"replies":[{"embeddable":true,"href":"https:\/\/tribunavm.com.ar\/index.php\/wp-json\/wp\/v2\/comments?post=11595"}],"version-history":[{"count":1,"href":"https:\/\/tribunavm.com.ar\/index.php\/wp-json\/wp\/v2\/posts\/11595\/revisions"}],"predecessor-version":[{"id":11597,"href":"https:\/\/tribunavm.com.ar\/index.php\/wp-json\/wp\/v2\/posts\/11595\/revisions\/11597"}],"wp:featuredmedia":[{"embeddable":true,"href":"https:\/\/tribunavm.com.ar\/index.php\/wp-json\/wp\/v2\/media\/11596"}],"wp:attachment":[{"href":"https:\/\/tribunavm.com.ar\/index.php\/wp-json\/wp\/v2\/media?parent=11595"}],"wp:term":[{"taxonomy":"category","embeddable":true,"href":"https:\/\/tribunavm.com.ar\/index.php\/wp-json\/wp\/v2\/categories?post=11595"},{"taxonomy":"post_tag","embeddable":true,"href":"https:\/\/tribunavm.com.ar\/index.php\/wp-json\/wp\/v2\/tags?post=11595"}],"curies":[{"name":"wp","href":"https:\/\/api.w.org\/{rel}","templated":true}]}}