{"id":11605,"date":"2024-09-09T22:59:28","date_gmt":"2024-09-09T22:59:28","guid":{"rendered":"https:\/\/tribunavm.com.ar\/?p=11605"},"modified":"2024-09-09T22:59:28","modified_gmt":"2024-09-09T22:59:28","slug":"el-ruidazo-universitario","status":"publish","type":"post","link":"https:\/\/tribunavm.com.ar\/index.php\/2024\/09\/09\/el-ruidazo-universitario\/","title":{"rendered":"El ruidazo universitario"},"content":{"rendered":"<div class=\"row clearfix\">\n<div class=\"col-md-8\">\n<p><span style=\"color: #212121; font-size: 1.5em; letter-spacing: -0.01em;\">Estudiantes, docentes y nodocentes de la UNVM realizaron una movilizaci\u00f3n por reclamo salarial y presupuestario.<\/span><\/p>\n<p><span style=\"font-weight: 400;\"><span class=\"dropcap \" style=\"background-color: #ffffff; color: #dd9933; border-color: #ffffff;\">E<\/span>l pasado jueves la comunidad de la Universidad Nacional de Villa Mar\u00eda (UNVM) protagoniz\u00f3 una jornada de protesta definida como \u201cRuidazo\u201d que comenz\u00f3 desde los pasillos de la instituci\u00f3n donde <\/span><b>los estudiantes se manifestaron con bombos y carteles en reclamo de \u201cmejoras salariales y becas dignas\u201d<\/b><span style=\"font-weight: 400;\">.<\/span><\/p>\n<p><span style=\"font-weight: 400;\">Posteriormente durante el mediod\u00eda se realiz\u00f3 una concentraci\u00f3n en el campus y continu\u00f3 con una marcha por el Bv. Espa\u00f1a culminando en la intersecci\u00f3n con Av. Guillermo Rawson. <\/span><span style=\"font-weight: 400;\">La medida hab\u00eda sido convocada el mi\u00e9rcoles de la semana anterior en una asamblea interclaustro donde participaron alrededor de 50 personas.<\/span><\/p>\n<p><span style=\"font-weight: 400;\">La movilizaci\u00f3n cont\u00f3 con la participaci\u00f3n de estudiantes, investigadores, becarios y vecinos de la ciudad, adem\u00e1s de la presencia de centros de estudiantes, los gremios docente (ADIUVIM) y nodocente (APUVIM), y representantes de otros sindicatos.<\/span><\/p>\n<p><span style=\"font-weight: 400;\">En ese marco, las estudiantes Guillermina Minciacca y Nadia Fabre dialogaron con Tribuna respecto a la movilizaci\u00f3n. Minciacca coment\u00f3 que el punto de finalizaci\u00f3n de la marcha fue para<\/span><b> visibilizar por \u201cfuera de la universidad ya que la situaci\u00f3n involucra a toda la comunidad\u201d<\/b><span style=\"font-weight: 400;\">.<\/span><\/p>\n<figure id=\"attachment_11606\" aria-describedby=\"caption-attachment-11606\" style=\"width: 1200px\" class=\"wp-caption alignnone\"><img loading=\"lazy\" decoding=\"async\" class=\"wp-image-11606 size-full\" src=\"https:\/\/tribunavm.com.ar\/wp-content\/uploads\/2024\/09\/ruidazo-e1725922747256.jpeg\" alt=\"\" width=\"1200\" height=\"1064\" srcset=\"https:\/\/tribunavm.com.ar\/wp-content\/uploads\/2024\/09\/ruidazo-e1725922747256.jpeg 1200w, https:\/\/tribunavm.com.ar\/wp-content\/uploads\/2024\/09\/ruidazo-e1725922747256-300x266.jpeg 300w, https:\/\/tribunavm.com.ar\/wp-content\/uploads\/2024\/09\/ruidazo-e1725922747256-1024x908.jpeg 1024w, https:\/\/tribunavm.com.ar\/wp-content\/uploads\/2024\/09\/ruidazo-e1725922747256-768x681.jpeg 768w, https:\/\/tribunavm.com.ar\/wp-content\/uploads\/2024\/09\/ruidazo-e1725922747256-750x665.jpeg 750w, https:\/\/tribunavm.com.ar\/wp-content\/uploads\/2024\/09\/ruidazo-e1725922747256-1140x1011.jpeg 1140w\" sizes=\"(max-width: 1200px) 100vw, 1200px\" \/><figcaption id=\"caption-attachment-11606\" class=\"wp-caption-text\">La recomposicion salarial fue uno de los principales reclamos de los universitarios.<\/figcaption><\/figure>\n<p><span style=\"font-weight: 400;\">Adem\u00e1s, Fabre denunci\u00f3 que \u201cla vida estudiantil se encuentra muy afectada. Estudiantes que antes viv\u00edan en la ciudad ya no lo hacen<\/span><b> porque es imposible alquilar<\/b><span style=\"font-weight: 400;\">, y algunos hasta dejaron de cursar <\/span><b>porque es dif\u00edcil tambi\u00e9n viajar todos los d\u00edas<\/b><span style=\"font-weight: 400;\">\u201d.<\/span><\/p>\n<p><span style=\"font-weight: 400;\">Por parte del gremio docente, Nahum Mirad coment\u00f3 a El Diario que la marcha se dio \u201cen apoyo a la Ley de Financiamiento Universitario que se est\u00e1 discutiendo en el Congreso, que ya tiene media sanci\u00f3n en Diputados y que el pr\u00f3ximo jueves se discutir\u00e1 en el Senado\u201d.\u00a0<\/span><\/p>\n<p><span style=\"font-weight: 400;\">A su vez, agreg\u00f3 que desde los gremios universitarios se est\u00e1 hablando con senadores de varias provincias para que sea aprobada \u201ca\u00fan sabiendo que el Ejecutivo ya anunci\u00f3 que la vetar\u00e1\u201d.\u00a0<\/span><\/p>\n<p><span style=\"font-weight: 400;\">\u201cEstamos preparados para una lucha que va para largo, y para la nueva Marcha Federal Universitaria, que se har\u00e1 aproximadamente en tres semanas\u201d, a\u00f1adi\u00f3 el dirigente sindical. Al final del recorrido, los manifestantes definieron convocar una nueva asamblea interclaustro para el mi\u00e9rcoles de esta semana.\u00a0\u00a0\u00a0<\/span><\/p>\n<\/div>\n<\/div>\n","protected":false},"excerpt":{"rendered":"<p>Estudiantes, docentes y nodocentes de la UNVM realizaron una movilizaci\u00f3n por reclamo salarial y presupuestario.<\/p>\n","protected":false},"author":2,"featured_media":11607,"comment_status":"open","ping_status":"open","sticky":false,"template":"","format":"standard","meta":{"_exactmetrics_skip_tracking":false,"_exactmetrics_sitenote_active":false,"_exactmetrics_sitenote_note":"","_exactmetrics_sitenote_category":0,"jnews-multi-image_gallery":[],"jnews_single_post":{"format":"standard","override":[{"template":"10","parallax":"1","fullscreen":"1","layout":"no-sidebar","sidebar":"default-sidebar","second_sidebar":"default-sidebar","sticky_sidebar":"1","share_position":"hide","share_float_style":"share-monocrhome","show_featured":"1","show_post_meta":"1","show_post_author_image":"1","show_post_date":"1","post_date_format":"custom","post_date_format_custom":"d\/m\/Y","show_post_category":"1","show_post_reading_time":"0","post_reading_time_wpm":"300","post_calculate_word_method":"str_word_count","show_zoom_button":"0","zoom_button_out_step":"2","zoom_button_in_step":"3","show_post_tag":"1","number_popup_post":"1","show_author_box":"0","show_post_related":"1"}],"image_override":[{"single_post_thumbnail_size":"crop-500","single_post_gallery_size":"crop-500"}],"trending_post_position":"meta","trending_post_label":"Trending","sponsored_post_label":"Sponsored by","disable_ad":"0"},"jnews_primary_category":[],"jnews_social_meta":[],"jnews_override_counter":{"view_counter_number":"0","share_counter_number":"0","like_counter_number":"0","dislike_counter_number":"0"},"_joinchat":[],"footnotes":""},"categories":[27],"tags":[526,414],"class_list":["post-11605","post","type-post","status-publish","format-standard","has-post-thumbnail","hentry","category-local","tag-edicion-139","tag-unvm"],"_links":{"self":[{"href":"https:\/\/tribunavm.com.ar\/index.php\/wp-json\/wp\/v2\/posts\/11605"}],"collection":[{"href":"https:\/\/tribunavm.com.ar\/index.php\/wp-json\/wp\/v2\/posts"}],"about":[{"href":"https:\/\/tribunavm.com.ar\/index.php\/wp-json\/wp\/v2\/types\/post"}],"author":[{"embeddable":true,"href":"https:\/\/tribunavm.com.ar\/index.php\/wp-json\/wp\/v2\/users\/2"}],"replies":[{"embeddable":true,"href":"https:\/\/tribunavm.com.ar\/index.php\/wp-json\/wp\/v2\/comments?post=11605"}],"version-history":[{"count":1,"href":"https:\/\/tribunavm.com.ar\/index.php\/wp-json\/wp\/v2\/posts\/11605\/revisions"}],"predecessor-version":[{"id":11608,"href":"https:\/\/tribunavm.com.ar\/index.php\/wp-json\/wp\/v2\/posts\/11605\/revisions\/11608"}],"wp:featuredmedia":[{"embeddable":true,"href":"https:\/\/tribunavm.com.ar\/index.php\/wp-json\/wp\/v2\/media\/11607"}],"wp:attachment":[{"href":"https:\/\/tribunavm.com.ar\/index.php\/wp-json\/wp\/v2\/media?parent=11605"}],"wp:term":[{"taxonomy":"category","embeddable":true,"href":"https:\/\/tribunavm.com.ar\/index.php\/wp-json\/wp\/v2\/categories?post=11605"},{"taxonomy":"post_tag","embeddable":true,"href":"https:\/\/tribunavm.com.ar\/index.php\/wp-json\/wp\/v2\/tags?post=11605"}],"curies":[{"name":"wp","href":"https:\/\/api.w.org\/{rel}","templated":true}]}}