{"id":11668,"date":"2024-09-23T00:30:22","date_gmt":"2024-09-23T00:30:22","guid":{"rendered":"https:\/\/tribunavm.com.ar\/?p=11668"},"modified":"2024-09-23T12:23:13","modified_gmt":"2024-09-23T12:23:13","slug":"combo-bancario-ajuste-credito-y-deuda-publica","status":"publish","type":"post","link":"https:\/\/tribunavm.com.ar\/index.php\/2024\/09\/23\/combo-bancario-ajuste-credito-y-deuda-publica\/","title":{"rendered":"Combo bancario: ajuste, cr\u00e9dito y deuda p\u00fablica"},"content":{"rendered":"<div class=\"row clearfix\">\n<div class=\"col-md-8\">\n<p><span style=\"color: #212121; font-size: 1.5em; letter-spacing: -0.01em;\">Un informe de ADEBA comenta que el cr\u00e9dito aument\u00f3 un 46% en s\u00f3lo 4 meses y continuar\u00e1 en ese camino si el gobierno persiste \u201ccon la reducci\u00f3n del gasto p\u00fablico\u201d. El BNA junto a bancos privados denuncian a La Pampa por la suba de impuestos.\u00a0<\/span><\/p>\n<p><b><span class=\"dropcap \" style=\"background-color: #ffffff; color: #dd9933; border-color: #ffffff;\">L<\/span>a deuda p\u00fablica y el cr\u00e9dito (deuda a personas) son el principal instrumento que utilizan las entidades financieras para operar en el pa\u00eds<\/b><span style=\"font-weight: 400;\">. Estas agitan las consignas de \u201cajuste del gasto p\u00fablico\u201d y \u201cequilibrio fiscal\u201d para garantizar sus ganancias cobrando intereses sobre lo prestado.\u00a0\u00a0<\/span><\/p>\n<blockquote class=\"pullquote align-right\"><p><strong><span style=\"color: #ff9900;\"><a style=\"color: #ff9900;\" href=\"https:\/\/tribunavm.com.ar\/index.php\/2024\/08\/26\/menos-para-jubilados-mas-para-la-deuda\/\">Menos para jubilados, m\u00e1s para la deuda<\/a><\/span><\/strong><\/p><\/blockquote>\n<p><span style=\"font-weight: 400;\">Los bancos, por su parte, vienen llevando a cabo una feroz guerra por sostener sus posiciones: contra los Fondos Comunes de Inversi\u00f3n por la deuda p\u00fablica, y contra las Fintech por el negocio financiero comercial y personal del pa\u00eds.<\/span><\/p>\n<p><span style=\"color: #ff9900;\"><b>El negocio del cr\u00e9dito<\/b><\/span><\/p>\n<p><b>\u201cClara y contundente\u201d es como defini\u00f3 la <\/b><a href=\"https:\/\/www.adeba.com.ar\/el-credito-crece-a-tasas-de-dos-digitos\/\"><b><span style=\"color: #ff9900;\">Asociaci\u00f3n de Bancos Argentinos (ADEBA)<\/span><\/b><\/a><b> a la recuperaci\u00f3n del cr\u00e9dito bancario al sector privado que, desde mayo a agosto, mostr\u00f3 un crecimiento real 46%<\/b><span style=\"font-weight: 400;\">.<\/span> <span style=\"font-weight: 400;\">Dentro de ellos, los que m\u00e1s crecieron fueron los cr\u00e9ditos personales con un 77%<\/span><b>.<\/b><\/p>\n<p><span style=\"font-weight: 400;\">\u201c<\/span><b>En la medida que la actual Administraci\u00f3n persista con la reducci\u00f3n del gasto p\u00fablico, mantenga la disciplina fiscal, baje la inflaci\u00f3n, profundice la desregulaci\u00f3n<\/b><span style=\"font-weight: 400;\"> -de las actividades econ\u00f3micas en general y las del sistema financiero en particular- y avance hacia la libertad cambiaria, <\/span><b>el cr\u00e9dito bancario se seguir\u00e1 consolidando como potenciador del crecimiento<\/b><span style=\"font-weight: 400;\">\u201d, comentaron desde ADEBA.<\/span><\/p>\n<p><span style=\"font-weight: 400;\">Sin embargo, en un <\/span><span style=\"color: #ff9900;\"><a style=\"color: #ff9900;\" href=\"https:\/\/www.adeba.com.ar\/adeba-presenta-su-informe-de-bancos-septiembre-2024\/\"><span style=\"font-weight: 400;\">informe<\/span><\/a><\/span><span style=\"font-weight: 400;\"> de la misma entidad muestran que el mapa general de los pr\u00e9stamos viene en retroceso: <\/span><b>desde 2022 hasta la actualidad los pr\u00e9stamos al sector privado disminuyeron en un 16% en t\u00e9rminos reales<\/b><span style=\"font-weight: 400;\">, cuesti\u00f3n que no fue revertida por la recuperaci\u00f3n de este a\u00f1o.\u00a0<\/span><\/p>\n<p><span style=\"color: #ff9900;\"><b>Recaudaci\u00f3n, impuestos y denuncia<\/b><\/span><\/p>\n<p><span style=\"font-weight: 400;\">La calificadora de riesgos Moody&#8217;s elabor\u00f3 un <\/span><span style=\"color: #ff9900;\"><a style=\"color: #ff9900;\" href=\"https:\/\/argentina.moodys-local.com\/reporte\/los-subsoberanos-argetinos-muestran-resilencia-frente-a-los-mayores-desafios-de-liquidez-en-2024\/\"><span style=\"font-weight: 400;\">informe<\/span><\/a><\/span><span style=\"font-weight: 400;\"> que comenta la situaci\u00f3n y perspectiva econ\u00f3mica de las deudas provinciales producto de la ca\u00edda de la recaudaci\u00f3n tributaria que, en el primer trimestre del a\u00f1o, descendi\u00f3 un 5,9%.\u00a0\u00a0<\/span><\/p>\n<p><span style=\"font-weight: 400;\">A pesar de que en el informe se\u00f1ala que \u201c<\/span><b>la ca\u00edda esperada en los ingresos ha sido m\u00e1s que compensada por una reducci\u00f3n de los gastos (p\u00fablicos)<\/b><span style=\"font-weight: 400;\">\u201d, la provincia de La Pampa promulg\u00f3 mediante el Decreto N\u00b03609 la <\/span><span style=\"color: #ff9900;\"><a style=\"color: #ff9900;\" href=\"https:\/\/digesto.tcuentaslp.gob.ar\/digesto%20tribunal\/PRESUPUESTO\/Ley%203582.pdf\"><span style=\"font-weight: 400;\">Ley Provincial N\u00b03582<\/span><\/a><\/span><span style=\"font-weight: 400;\">, que incrementa el impuesto de Ingresos Brutos sobre actividades financieras repercutiendo directamente sobre los cr\u00e9ditos.<img loading=\"lazy\" decoding=\"async\" class=\"alignnone size-full wp-image-11669\" src=\"https:\/\/tribunavm.com.ar\/wp-content\/uploads\/2024\/09\/la-pampa.jpg\" alt=\"\" width=\"800\" height=\"445\" srcset=\"https:\/\/tribunavm.com.ar\/wp-content\/uploads\/2024\/09\/la-pampa.jpg 800w, https:\/\/tribunavm.com.ar\/wp-content\/uploads\/2024\/09\/la-pampa-300x167.jpg 300w, https:\/\/tribunavm.com.ar\/wp-content\/uploads\/2024\/09\/la-pampa-768x427.jpg 768w, https:\/\/tribunavm.com.ar\/wp-content\/uploads\/2024\/09\/la-pampa-750x417.jpg 750w\" sizes=\"(max-width: 800px) 100vw, 800px\" \/><\/span><\/p>\n<p><span style=\"font-weight: 400;\">Por ello, el 12 de septiembre, el Banco de la Naci\u00f3n anunci\u00f3 en un <\/span><span style=\"color: #ff9900;\"><a style=\"color: #ff9900;\" href=\"https:\/\/prensa.bna.com.ar\/bnacortelapampa\"><span style=\"font-weight: 400;\">comunicado<\/span><\/a><\/span><span style=\"font-weight: 400;\"> que \u201cir\u00e1 a la Corte de Justicia contra La Pampa por duplicar impuestos que gravan la actividad financiera\u201d, pasando de 7% a 15,47%.<\/span><\/p>\n<p><span style=\"font-weight: 400;\">En ese marco, el presidente del BNA, Daniel Tillard, dijo que &#8220;<\/span><b>la promesa de inflaci\u00f3n cero que impulsa el gobierno de nuestro Presidente Javier Milei viene acompa\u00f1ada de la expansi\u00f3n del cr\u00e9dito para PyMEs y familias y para ese fin es esencial disminuir la exagerada incidencia impositiva<\/b><span style=\"font-weight: 400;\">&#8220;.<\/span><\/p>\n<blockquote class=\"pullquote align-right\"><p><span style=\"font-weight: 400;\">\u00a0<\/span><strong><span style=\"color: #ff9900;\"><a style=\"color: #ff9900;\" href=\"https:\/\/tribunavm.com.ar\/index.php\/2022\/10\/09\/marcando-las-prioridades-presupuesto-al-servicio-de-la-deuda\/\">Marcando las prioridades<\/a><\/span><\/strong><\/p><\/blockquote>\n<p><span style=\"font-weight: 400;\">Por su lado, la <\/span><b>Asociaci\u00f3n Argentina de Bancos (ABA)<\/b><span style=\"font-weight: 400;\"> -que agrupa a las entidades de capital extranjero que operan en el pa\u00eds- anunci\u00f3 en un comunicado que tambi\u00e9n se presentar\u00e1 a la Justicia por el mismo motivo.\u00a0<\/span><\/p>\n<p><span style=\"font-weight: 400;\">&#8220;El aumento de un gravamen por dem\u00e1s distorsivo atenta contra el normal desarrollo de la actividad en la provincia y principalmente <\/span><b>castiga a los usuarios de servicios financieros que ver\u00e1n encarecidas sus l\u00edneas de cr\u00e9dito en forma desproporcionada<\/b><span style=\"font-weight: 400;\">&#8220;, agregaron.<\/span><\/p>\n<\/div>\n<div class=\"col-md-3\">\n<p>&nbsp;<\/p>\n<\/div>\n<\/div>\n","protected":false},"excerpt":{"rendered":"<p>Un informe de ADEBA comenta que el cr\u00e9dito aument\u00f3 un 46% en s\u00f3lo 4 meses y continuar\u00e1 en ese camino si el gobierno persiste \u201ccon la reducci\u00f3n del gasto p\u00fablico\u201d. El BNA junto a bancos privados denuncian a La Pampa por la suba de impuestos.\u00a0<\/p>\n","protected":false},"author":2,"featured_media":11670,"comment_status":"open","ping_status":"open","sticky":false,"template":"","format":"standard","meta":{"_exactmetrics_skip_tracking":false,"_exactmetrics_sitenote_active":false,"_exactmetrics_sitenote_note":"","_exactmetrics_sitenote_category":0,"jnews-multi-image_gallery":[],"jnews_single_post":{"format":"standard","override":[{"template":"10","parallax":"1","fullscreen":"1","layout":"no-sidebar","sidebar":"default-sidebar","second_sidebar":"default-sidebar","sticky_sidebar":"1","share_position":"hide","share_float_style":"share-monocrhome","show_featured":"1","show_post_meta":"1","show_post_author_image":"1","show_post_date":"1","post_date_format":"custom","post_date_format_custom":"d\/m\/Y","show_post_category":"1","show_post_reading_time":"0","post_reading_time_wpm":"300","post_calculate_word_method":"str_word_count","show_zoom_button":"0","zoom_button_out_step":"2","zoom_button_in_step":"3","show_post_tag":"1","number_popup_post":"1","show_author_box":"0","show_post_related":"1"}],"image_override":[{"single_post_thumbnail_size":"crop-500","single_post_gallery_size":"crop-500"}],"trending_post_position":"meta","trending_post_label":"Trending","sponsored_post_label":"Sponsored by","disable_ad":"0"},"jnews_primary_category":[],"jnews_social_meta":[],"jnews_override_counter":{"view_counter_number":"0","share_counter_number":"0","like_counter_number":"0","dislike_counter_number":"0"},"_joinchat":[],"footnotes":""},"categories":[278],"tags":[536,52],"class_list":["post-11668","post","type-post","status-publish","format-standard","has-post-thumbnail","hentry","category-economia","tag-edicion-140","tag-finanzas"],"_links":{"self":[{"href":"https:\/\/tribunavm.com.ar\/index.php\/wp-json\/wp\/v2\/posts\/11668"}],"collection":[{"href":"https:\/\/tribunavm.com.ar\/index.php\/wp-json\/wp\/v2\/posts"}],"about":[{"href":"https:\/\/tribunavm.com.ar\/index.php\/wp-json\/wp\/v2\/types\/post"}],"author":[{"embeddable":true,"href":"https:\/\/tribunavm.com.ar\/index.php\/wp-json\/wp\/v2\/users\/2"}],"replies":[{"embeddable":true,"href":"https:\/\/tribunavm.com.ar\/index.php\/wp-json\/wp\/v2\/comments?post=11668"}],"version-history":[{"count":1,"href":"https:\/\/tribunavm.com.ar\/index.php\/wp-json\/wp\/v2\/posts\/11668\/revisions"}],"predecessor-version":[{"id":11671,"href":"https:\/\/tribunavm.com.ar\/index.php\/wp-json\/wp\/v2\/posts\/11668\/revisions\/11671"}],"wp:featuredmedia":[{"embeddable":true,"href":"https:\/\/tribunavm.com.ar\/index.php\/wp-json\/wp\/v2\/media\/11670"}],"wp:attachment":[{"href":"https:\/\/tribunavm.com.ar\/index.php\/wp-json\/wp\/v2\/media?parent=11668"}],"wp:term":[{"taxonomy":"category","embeddable":true,"href":"https:\/\/tribunavm.com.ar\/index.php\/wp-json\/wp\/v2\/categories?post=11668"},{"taxonomy":"post_tag","embeddable":true,"href":"https:\/\/tribunavm.com.ar\/index.php\/wp-json\/wp\/v2\/tags?post=11668"}],"curies":[{"name":"wp","href":"https:\/\/api.w.org\/{rel}","templated":true}]}}