{"id":11719,"date":"2024-10-04T23:53:04","date_gmt":"2024-10-04T23:53:04","guid":{"rendered":"https:\/\/tribunavm.com.ar\/?p=11719"},"modified":"2024-10-06T17:58:56","modified_gmt":"2024-10-06T17:58:56","slug":"las-regionales-de-la-cgt-llaman-a-movilizarse-el-17-de-octubre","status":"publish","type":"post","link":"https:\/\/tribunavm.com.ar\/index.php\/2024\/10\/04\/las-regionales-de-la-cgt-llaman-a-movilizarse-el-17-de-octubre\/","title":{"rendered":"Las regionales de la CGT llaman a movilizarse el 17 de octubre"},"content":{"rendered":"<div class=\"row clearfix\">\n<div class=\"col-md-8\">\n<div class=\"intro-text\">\n<p><span style=\"font-weight: 400;\">En un plenario de delegaciones de la provincia de C\u00f3rdoba definieron folletear en la Autopista y la ruta 158. Adem\u00e1s construir\u00e1n un plan de acci\u00f3n invitando a otras organizaciones a un plenario para noviembre en R\u00edo Cuarto.\u00a0<\/span><\/p>\n<\/div>\n<p><span style=\"font-weight: 400;\"><span class=\"dropcap \" style=\"background-color: #ffffff; color: #dd9933; border-color: #ffffff;\">H<\/span>oy se realiz\u00f3 un<\/span><b> plenario de las Delegaciones Regionales de la Confederaci\u00f3n General del Trabajo (CGT) en la ciudad de Bell Ville<\/b><span style=\"font-weight: 400;\">. Estuvieron presentes los secretarios generales de Villa Mar\u00eda, Edgardo Garmendia; de R\u00edo Cuarto, Julio Chavez; de Bell Ville, Francisco Arguello; y por la ciudad de C\u00f3rdoba participaron del triunvirato conformado por el metal\u00fargico Rub\u00e9n Urbano, el camionero Edgar Luj\u00e1n y el referente de la sanidad, Ricardo L\u00f3pez.<\/span><\/p>\n<p><span style=\"font-weight: 400;\">El encuentro<\/span><b> congreg\u00f3 a alrededor de 100 secretarios generales de distintos sindicatos, integrantes de comisiones directivas y delegados<\/b><span style=\"font-weight: 400;\">. Tambi\u00e9n estuvo presente Horacio Otero, normalizador de la <\/span><span style=\"color: #ff9900;\"><a style=\"color: #ff9900;\" href=\"https:\/\/cgtoficial.org\/secretaria-de-interior\/\"><span style=\"font-weight: 400;\">Secretar\u00eda del Interior<\/span><\/a><\/span><span style=\"font-weight: 400;\"> de la CGT Nacional.<\/span><\/p>\n<figure id=\"attachment_11720\" aria-describedby=\"caption-attachment-11720\" style=\"width: 1600px\" class=\"wp-caption alignnone\"><img loading=\"lazy\" decoding=\"async\" class=\"size-full wp-image-11720\" src=\"https:\/\/tribunavm.com.ar\/wp-content\/uploads\/2024\/10\/interior-e1728085557205.jpeg\" alt=\"\" width=\"1600\" height=\"754\" srcset=\"https:\/\/tribunavm.com.ar\/wp-content\/uploads\/2024\/10\/interior-e1728085557205.jpeg 1600w, https:\/\/tribunavm.com.ar\/wp-content\/uploads\/2024\/10\/interior-e1728085557205-300x141.jpeg 300w, https:\/\/tribunavm.com.ar\/wp-content\/uploads\/2024\/10\/interior-e1728085557205-1024x483.jpeg 1024w, https:\/\/tribunavm.com.ar\/wp-content\/uploads\/2024\/10\/interior-e1728085557205-768x362.jpeg 768w, https:\/\/tribunavm.com.ar\/wp-content\/uploads\/2024\/10\/interior-e1728085557205-1536x724.jpeg 1536w, https:\/\/tribunavm.com.ar\/wp-content\/uploads\/2024\/10\/interior-e1728085557205-750x353.jpeg 750w, https:\/\/tribunavm.com.ar\/wp-content\/uploads\/2024\/10\/interior-e1728085557205-1140x537.jpeg 1140w\" sizes=\"(max-width: 1600px) 100vw, 1600px\" \/><figcaption id=\"caption-attachment-11720\" class=\"wp-caption-text\">De Villa Mar\u00eda participaron de UOCRA (construcci\u00f3n), UOM (metal\u00fargicos), Camioneros, AOITA (colectiveros), APOPS (previsi\u00f3n social), UATRE (peones de campo), entre otros.<\/figcaption><\/figure>\n<p><span style=\"color: #ff9900;\"><b>Qu\u00e9 dijeron los secretarios generales<\/b><\/span><\/p>\n<p><span style=\"font-weight: 400;\">\u201cC\u00f3rdoba est\u00e1 sufriendo la desocupaci\u00f3n, hay gente que no come, que tiene hambre, que no consigue trabajo, sin esperanzas. <\/span><b>Ah\u00ed es donde tenemos que estar nosotros<\/b><span style=\"font-weight: 400;\">\u201d, exclam\u00f3 Garmendia.<\/span><\/p>\n<blockquote class=\"instagram-media\" style=\"background: #FFF; border: 0; border-radius: 3px; box-shadow: 0 0 1px 0 rgba(0,0,0,0.5),0 1px 10px 0 rgba(0,0,0,0.15); margin: 1px; max-width: 540px; min-width: 326px; padding: 0; width: calc(100% - 2px);\" data-instgrm-captioned=\"\" data-instgrm-permalink=\"https:\/\/www.instagram.com\/reel\/DAt23tISJdm\/?utm_source=ig_embed&amp;utm_campaign=loading\" data-instgrm-version=\"14\">\n<div style=\"padding: 16px;\">\n<p>&nbsp;<\/p>\n<div style=\"display: flex; flex-direction: row; align-items: center;\">\n<div style=\"background-color: #f4f4f4; border-radius: 50%; flex-grow: 0; height: 40px; margin-right: 14px; width: 40px;\"><\/div>\n<div style=\"display: flex; flex-direction: column; flex-grow: 1; justify-content: center;\">\n<div style=\"background-color: #f4f4f4; border-radius: 4px; flex-grow: 0; height: 14px; margin-bottom: 6px; width: 100px;\"><\/div>\n<div style=\"background-color: #f4f4f4; border-radius: 4px; flex-grow: 0; height: 14px; width: 60px;\"><\/div>\n<\/div>\n<\/div>\n<div style=\"padding: 19% 0;\"><\/div>\n<div style=\"display: block; height: 50px; margin: 0 auto 12px; width: 50px;\"><\/div>\n<div style=\"padding-top: 8px;\">\n<div style=\"color: #3897f0; font-family: Arial,sans-serif; font-size: 14px; font-style: normal; font-weight: 550; line-height: 18px;\">Ver esta publicaci\u00f3n en Instagram<\/div>\n<\/div>\n<div style=\"padding: 12.5% 0;\"><\/div>\n<div style=\"display: flex; flex-direction: row; margin-bottom: 14px; align-items: center;\">\n<div>\n<div style=\"background-color: #f4f4f4; border-radius: 50%; height: 12.5px; width: 12.5px; transform: translateX(0px) translateY(7px);\"><\/div>\n<div style=\"background-color: #f4f4f4; height: 12.5px; transform: rotate(-45deg) translateX(3px) translateY(1px); width: 12.5px; flex-grow: 0; margin-right: 14px; margin-left: 2px;\"><\/div>\n<div style=\"background-color: #f4f4f4; border-radius: 50%; height: 12.5px; width: 12.5px; transform: translateX(9px) translateY(-18px);\"><\/div>\n<\/div>\n<div style=\"margin-left: 8px;\">\n<div style=\"background-color: #f4f4f4; border-radius: 50%; flex-grow: 0; height: 20px; width: 20px;\"><\/div>\n<div style=\"width: 0; height: 0; border-top: 2px solid transparent; border-left: 6px solid #f4f4f4; border-bottom: 2px solid transparent; transform: translateX(16px) translateY(-4px) rotate(30deg);\"><\/div>\n<\/div>\n<div style=\"margin-left: auto;\">\n<div style=\"width: 0px; border-top: 8px solid #F4F4F4; border-right: 8px solid transparent; transform: translateY(16px);\"><\/div>\n<div style=\"background-color: #f4f4f4; flex-grow: 0; height: 12px; width: 16px; transform: translateY(-4px);\"><\/div>\n<div style=\"width: 0; height: 0; border-top: 8px solid #F4F4F4; border-left: 8px solid transparent; transform: translateY(-4px) translateX(8px);\"><\/div>\n<\/div>\n<\/div>\n<div style=\"display: flex; flex-direction: column; flex-grow: 1; justify-content: center; margin-bottom: 24px;\">\n<div style=\"background-color: #f4f4f4; border-radius: 4px; flex-grow: 0; height: 14px; margin-bottom: 6px; width: 224px;\"><\/div>\n<div style=\"background-color: #f4f4f4; border-radius: 4px; flex-grow: 0; height: 14px; width: 144px;\"><\/div>\n<\/div>\n<p>&nbsp;<\/p>\n<p style=\"color: #c9c8cd; font-family: Arial,sans-serif; font-size: 14px; line-height: 17px; margin-bottom: 0; margin-top: 8px; overflow: hidden; padding: 8px 0 7px; text-align: center; text-overflow: ellipsis; white-space: nowrap;\"><a style=\"color: #c9c8cd; font-family: Arial,sans-serif; font-size: 14px; font-style: normal; font-weight: normal; line-height: 17px; text-decoration: none;\" href=\"https:\/\/www.instagram.com\/reel\/DAt23tISJdm\/?utm_source=ig_embed&amp;utm_campaign=loading\" target=\"_blank\" rel=\"noopener\">Una publicaci\u00f3n compartida por @cgtregionalvillamaria<\/a><\/p>\n<\/div>\n<\/blockquote>\n<p><script async src=\"\/\/www.instagram.com\/embed.js\"><\/script><\/p>\n<p><span style=\"font-weight: 400;\">Adem\u00e1s, exhort\u00f3 al sindicalismo a movilizarse: \u201cTenemos que accionar, necesitamos un plan de lucha donde quiz\u00e1 debamos experimentar con nuevas modalidades, <\/span><b>pero tenemos que movilizarnos, salir a las calles. No vamos a lograr nada si no es a trav\u00e9s de la lucha, la historia as\u00ed lo dice\u201d.<\/b><\/p>\n<p><span style=\"font-weight: 400;\">Por su parte, Chavez, dijo que \u201clas obras sociales est\u00e1n llenas de necesidades, donde tenemos inconvenientes con los medicamentos<\/span><b>, con jubilados que tienen que sortear entre los alimentos o los remedios porque no los ingresos no le permiten sostener las dos necesidades\u201d<\/b><span style=\"font-weight: 400;\">. \u201c<\/span><b>Necesitamos ponernos en acci\u00f3n<\/b><span style=\"font-weight: 400;\">\u201d, sentenci\u00f3.<\/span><\/p>\n<p><span style=\"font-weight: 400;\">\u201cNo hay ning\u00fan trabajador que la est\u00e9 pasando bien hoy en d\u00eda\u201d, plante\u00f3 Urbano, al tiempo que consider\u00f3 que en el \u00e1mbito provincial<\/span><b> \u201clo que m\u00e1s nos afecta a nosotros es la parte laboral, con el tema de la secretar\u00eda de Trabajo, la Justicia<\/b><span style=\"font-weight: 400;\">\u201d, entre otros puntos.<\/span><\/p>\n<p><span style=\"font-weight: 400;\">El gremial de Camioneros, Luj\u00e1n dijo que <\/span><b>el plan de acci\u00f3n debe contener los reclamos concernientes a las \u201cjubilaciones, obras sociales, el salario m\u00ednimo, vital y m\u00f3vil, y la cuesti\u00f3n del ministerio de Trabajo de C\u00f3rdoba<\/b><span style=\"font-weight: 400;\">\u201d siendo \u201ccontundentes para no darle tanta vuelta, porque seguimos girando sobre una problem\u00e1tica que tendr\u00edamos que haber visto antes de todo\u201d.<\/span><\/p>\n<figure id=\"attachment_11722\" aria-describedby=\"caption-attachment-11722\" style=\"width: 1599px\" class=\"wp-caption alignnone\"><img loading=\"lazy\" decoding=\"async\" class=\"size-full wp-image-11722\" src=\"https:\/\/tribunavm.com.ar\/wp-content\/uploads\/2024\/10\/Edgar-Lujan.jpeg\" alt=\"\" width=\"1599\" height=\"1066\" srcset=\"https:\/\/tribunavm.com.ar\/wp-content\/uploads\/2024\/10\/Edgar-Lujan.jpeg 1599w, https:\/\/tribunavm.com.ar\/wp-content\/uploads\/2024\/10\/Edgar-Lujan-300x200.jpeg 300w, https:\/\/tribunavm.com.ar\/wp-content\/uploads\/2024\/10\/Edgar-Lujan-1024x683.jpeg 1024w, https:\/\/tribunavm.com.ar\/wp-content\/uploads\/2024\/10\/Edgar-Lujan-768x512.jpeg 768w, https:\/\/tribunavm.com.ar\/wp-content\/uploads\/2024\/10\/Edgar-Lujan-1536x1024.jpeg 1536w, https:\/\/tribunavm.com.ar\/wp-content\/uploads\/2024\/10\/Edgar-Lujan-750x500.jpeg 750w, https:\/\/tribunavm.com.ar\/wp-content\/uploads\/2024\/10\/Edgar-Lujan-1140x760.jpeg 1140w\" sizes=\"(max-width: 1599px) 100vw, 1599px\" \/><figcaption id=\"caption-attachment-11722\" class=\"wp-caption-text\">Edgar Luj\u00e1n, triunviro de la CGT Regional C\u00f3rdoba<\/figcaption><\/figure>\n<p><span style=\"font-weight: 400;\">\u201cLa CGT de C\u00f3rdoba se normaliz\u00f3 con la idea de que sea una central de lucha, por lo que es importante que no nos olvidemos de ello\u201d, sentenci\u00f3.<\/span><\/p>\n<p><span style=\"color: #ff9900;\"><b>Cu\u00e1les fueron las definiciones<\/b><\/span><\/p>\n<p><span style=\"font-weight: 400;\">Transcurridas unas 25 intervenciones aproximadamente, el anfitri\u00f3n Arg\u00fcello junto a Otero mocionaron al plenario medidas concretas del plan de acci\u00f3n de la CGT para la provincia que constar\u00e1 de <\/span><b>una volanteada simult\u00e1nea el 17 de octubre en todas las Delegaciones Regionales<\/b><span style=\"font-weight: 400;\">.<\/span><\/p>\n<figure id=\"attachment_11723\" aria-describedby=\"caption-attachment-11723\" style=\"width: 1368px\" class=\"wp-caption alignnone\"><img loading=\"lazy\" decoding=\"async\" class=\"wp-image-11723 size-full\" src=\"https:\/\/tribunavm.com.ar\/wp-content\/uploads\/2024\/10\/Votando-e1728085873525.jpeg\" alt=\"\" width=\"1368\" height=\"802\" srcset=\"https:\/\/tribunavm.com.ar\/wp-content\/uploads\/2024\/10\/Votando-e1728085873525.jpeg 1368w, https:\/\/tribunavm.com.ar\/wp-content\/uploads\/2024\/10\/Votando-e1728085873525-300x176.jpeg 300w, https:\/\/tribunavm.com.ar\/wp-content\/uploads\/2024\/10\/Votando-e1728085873525-1024x600.jpeg 1024w, https:\/\/tribunavm.com.ar\/wp-content\/uploads\/2024\/10\/Votando-e1728085873525-768x450.jpeg 768w, https:\/\/tribunavm.com.ar\/wp-content\/uploads\/2024\/10\/Votando-e1728085873525-750x440.jpeg 750w, https:\/\/tribunavm.com.ar\/wp-content\/uploads\/2024\/10\/Votando-e1728085873525-1140x668.jpeg 1140w\" sizes=\"(max-width: 1368px) 100vw, 1368px\" \/><figcaption id=\"caption-attachment-11723\" class=\"wp-caption-text\">Votaci\u00f3n en el plenario<\/figcaption><\/figure>\n<p><span style=\"font-weight: 400;\">Adem\u00e1s,<\/span><b> convocar\u00e1n para el 8 de noviembre a un plenario de juventudes en la ciudad de R\u00edo Cuarto en el que invitar\u00e1n a otras organizaciones de trabajadores para discutir las medidas a seguir en conjunto, por lo que ambas propuestas fueron aprobadas por unanimidad<\/b><span style=\"font-weight: 400;\">.\u00a0<\/span><\/p>\n<p><span style=\"font-weight: 400;\">Al mismo tiempo asumieron el compromiso de elevarlas a la CGT Nacional para que las acciones se repliquen en el resto del pa\u00eds.<\/span><\/p>\n<\/div>\n<div class=\"col-md-3\">\n<p>&nbsp;<\/p>\n<\/div>\n<\/div>\n","protected":false},"excerpt":{"rendered":"<p>En un plenario de delegaciones de la provincia de C\u00f3rdoba definieron folletear en la Autopista y la ruta 158. Adem\u00e1s construir\u00e1n un plan de acci\u00f3n invitando a otras organizaciones a un plenario para noviembre en R\u00edo Cuarto.\u00a0 Hoy se realiz\u00f3 un plenario de las Delegaciones Regionales de la Confederaci\u00f3n General del Trabajo (CGT) en la [&hellip;]<\/p>\n","protected":false},"author":2,"featured_media":11725,"comment_status":"open","ping_status":"open","sticky":false,"template":"","format":"standard","meta":{"_exactmetrics_skip_tracking":false,"_exactmetrics_sitenote_active":false,"_exactmetrics_sitenote_note":"","_exactmetrics_sitenote_category":0,"jnews-multi-image_gallery":[],"jnews_single_post":{"format":"standard","override":[{"template":"10","parallax":"1","fullscreen":"1","layout":"no-sidebar","sidebar":"default-sidebar","second_sidebar":"default-sidebar","sticky_sidebar":"1","share_position":"hide","share_float_style":"share-monocrhome","show_featured":"1","show_post_meta":"1","show_post_author_image":"1","show_post_date":"1","post_date_format":"custom","post_date_format_custom":"d\/m\/Y","show_post_category":"1","show_post_reading_time":"0","post_reading_time_wpm":"300","post_calculate_word_method":"str_word_count","show_zoom_button":"0","zoom_button_out_step":"2","zoom_button_in_step":"3","show_post_tag":"1","number_popup_post":"1","show_author_box":"0","show_post_related":"1"}],"image_override":[{"single_post_thumbnail_size":"crop-500","single_post_gallery_size":"crop-500"}],"trending_post_position":"meta","trending_post_label":"Trending","sponsored_post_label":"Sponsored by","disable_ad":"0"},"jnews_primary_category":[],"jnews_social_meta":[],"jnews_override_counter":{"view_counter_number":"0","share_counter_number":"0","like_counter_number":"0","dislike_counter_number":"0"},"_joinchat":[],"footnotes":""},"categories":[22],"tags":[190,538],"class_list":["post-11719","post","type-post","status-publish","format-standard","has-post-thumbnail","hentry","category-actualidad","tag-cgt","tag-edicion-141"],"_links":{"self":[{"href":"https:\/\/tribunavm.com.ar\/index.php\/wp-json\/wp\/v2\/posts\/11719"}],"collection":[{"href":"https:\/\/tribunavm.com.ar\/index.php\/wp-json\/wp\/v2\/posts"}],"about":[{"href":"https:\/\/tribunavm.com.ar\/index.php\/wp-json\/wp\/v2\/types\/post"}],"author":[{"embeddable":true,"href":"https:\/\/tribunavm.com.ar\/index.php\/wp-json\/wp\/v2\/users\/2"}],"replies":[{"embeddable":true,"href":"https:\/\/tribunavm.com.ar\/index.php\/wp-json\/wp\/v2\/comments?post=11719"}],"version-history":[{"count":2,"href":"https:\/\/tribunavm.com.ar\/index.php\/wp-json\/wp\/v2\/posts\/11719\/revisions"}],"predecessor-version":[{"id":11749,"href":"https:\/\/tribunavm.com.ar\/index.php\/wp-json\/wp\/v2\/posts\/11719\/revisions\/11749"}],"wp:featuredmedia":[{"embeddable":true,"href":"https:\/\/tribunavm.com.ar\/index.php\/wp-json\/wp\/v2\/media\/11725"}],"wp:attachment":[{"href":"https:\/\/tribunavm.com.ar\/index.php\/wp-json\/wp\/v2\/media?parent=11719"}],"wp:term":[{"taxonomy":"category","embeddable":true,"href":"https:\/\/tribunavm.com.ar\/index.php\/wp-json\/wp\/v2\/categories?post=11719"},{"taxonomy":"post_tag","embeddable":true,"href":"https:\/\/tribunavm.com.ar\/index.php\/wp-json\/wp\/v2\/tags?post=11719"}],"curies":[{"name":"wp","href":"https:\/\/api.w.org\/{rel}","templated":true}]}}