{"id":11741,"date":"2024-10-07T00:37:29","date_gmt":"2024-10-07T00:37:29","guid":{"rendered":"https:\/\/tribunavm.com.ar\/?p=11741"},"modified":"2024-10-06T17:43:34","modified_gmt":"2024-10-06T17:43:34","slug":"paro-nacional-de-transporte","status":"publish","type":"post","link":"https:\/\/tribunavm.com.ar\/index.php\/2024\/10\/07\/paro-nacional-de-transporte\/","title":{"rendered":"Paro nacional de transporte"},"content":{"rendered":"<div class=\"row clearfix\">\n<div class=\"col-md-8\">\n<p><span style=\"color: #212121; font-size: 1.5em; letter-spacing: -0.01em;\">Lo convoc\u00f3 la mesa formada por los sindicatos del sector. La propuesta se debatir\u00e1 en un pr\u00f3ximo plenario con la idea de realizarlo en todo el pa\u00eds el 17 de octubre.<\/span><\/p>\n<p><span style=\"font-weight: 400;\"><span class=\"dropcap \" style=\"background-color: #ffffff; color: #dd9933; border-color: #ffffff;\">E<\/span>n un encuentro de la Federaci\u00f3n Internacional de Trabajadores de Transporte (ITF), en apoyo a Aerol\u00edneas Argentinas,<\/span><b> los gremios del sector anunciaron un paro nacional para el pr\u00f3ximo 17 de octubre<\/b><span style=\"font-weight: 400;\">.<\/span><\/p>\n<p><span style=\"font-weight: 400;\">La instancia congreg\u00f3 a la <\/span><b>Confederaci\u00f3n Argentina de Trabajadores del Transporte (Catt) y la Uni\u00f3n General de Asociaciones Sindicales de Trabajadores del Transporte (Ugatt) <\/b><span style=\"font-weight: 400;\">que nuclean a los gremios m\u00e1s importantes del sector en el pa\u00eds.<\/span><\/p>\n<p><span style=\"font-weight: 400;\">All\u00ed estuvieron presentes el anfitri\u00f3n Juan Pablo Brey, de la Asociaci\u00f3n Argentina de Aeronavegantes (AAA), Pablo Moyano (Camioneros), Pablo Bir\u00f3 (APLA), Omar Maturano (La Fraternidad), Mario Caligari (UTA), Juan Carlos Schmid (Fempinra) y Ra\u00fal Durdos (SOMU).<\/span><\/p>\n<p><b>La medida de fuerza tambi\u00e9n se propondr\u00e1 en el plenario nacional de gremios de transporte<\/b><span style=\"font-weight: 400;\"> que se realizar\u00e1 ma\u00f1ana y contar\u00e1 con la participaci\u00f3n de otros gremios que no estuvieron presentes la semana pasada.<\/span><\/p>\n<figure id=\"attachment_11742\" aria-describedby=\"caption-attachment-11742\" style=\"width: 360px\" class=\"wp-caption aligncenter\"><img loading=\"lazy\" decoding=\"async\" class=\"wp-image-11742 size-jnews-360x504\" src=\"https:\/\/tribunavm.com.ar\/wp-content\/uploads\/2024\/10\/convocatoria-al-plenario-360x504.webp\" alt=\"\" width=\"360\" height=\"504\" \/><figcaption id=\"caption-attachment-11742\" class=\"wp-caption-text\">Flyer de convocatoria al plenario.<\/figcaption><\/figure>\n<p><span style=\"color: #ff9900;\"><b>Reuni\u00f3n con el Gobierno<\/b><\/span><\/p>\n<p><span style=\"font-weight: 400;\">&#8220;<\/span><b>La \u00fanica forma de resistir es en la calle. Yo no concuerdo con aquellos compa\u00f1eros que se sientan a charlar con el Gobierno. \u00bfQu\u00e9 te vas a sentar a charlar? Ponen el impuesto a las ganancias, la reforma laboral, vetan el aumento a los jubilados, quieren vender Aerol\u00edneas Argentinas y ahora vetan el financiamiento a la universidades por imposici\u00f3n del Fondo Monetario Internacional<\/b><span style=\"font-weight: 400;\">&#8220;, dijo Moyano luego del encuentro.<\/span><\/p>\n<p><span style=\"font-weight: 400;\">Dicha declaraci\u00f3n hizo referencia a la \u00faltima reuni\u00f3n mantenida por la CGT con el jefe de Gabinete, Guillermo Francos, donde acordaron conformar una <\/span><b>mesa tripartita (Gobierno, CGT y empresariado) para avanzar con diversos temas de la agenda laboral, como la \u00faltima reforma impulsada por el Gobierno Nacional.<\/b><\/p>\n<p><b>Adem\u00e1s, acordaron la participaci\u00f3n de representantes de la CGT en la conformaci\u00f3n del Consejo de Mayo<\/b><span style=\"font-weight: 400;\">, seg\u00fan una<\/span><a href=\"https:\/\/www.argentina.gob.ar\/noticias\/guillermo-francos-se-reunio-con-integrantes-de-la-cgt\"><span style=\"font-weight: 400;\"><span style=\"color: #ff9900;\"> comunicaci\u00f3n<\/span><\/span><\/a><span style=\"font-weight: 400;\"> de la Secretar\u00eda del Interior.<\/span><\/p>\n<p><span style=\"font-weight: 400;\">Participaron del encuentro Jorge Sola (Sindicato del Seguro), Andres Rodr\u00edguez (UPCN), Gerardo Mart\u00ednez (UOCRA), Jos\u00e9 Luis Lingeri (Obras Sanitarias), Cristian Ger\u00f3nimo (Sindicato de Empleados de la Industria del Vidrio y Afines, Seivara), Robustiano Geneiro (UTHGRA), Maia Volcovinsky (UEJN), Luz Marina Jaureguiberry (SADOP), Sergio Romero (UDA), Roberto Fern\u00e1ndez (UTA) y Daniel Ricci (FEDUN).<\/span><\/p>\n<\/div>\n<\/div>\n","protected":false},"excerpt":{"rendered":"<p>Lo convoc\u00f3 la mesa formada por los sindicatos del sector. La propuesta se debatir\u00e1 en un pr\u00f3ximo plenario con la idea de realizarlo en todo el pa\u00eds el 17 de octubre.<\/p>\n","protected":false},"author":2,"featured_media":11743,"comment_status":"open","ping_status":"open","sticky":false,"template":"","format":"standard","meta":{"_exactmetrics_skip_tracking":false,"_exactmetrics_sitenote_active":false,"_exactmetrics_sitenote_note":"","_exactmetrics_sitenote_category":0,"jnews-multi-image_gallery":[],"jnews_single_post":{"format":"standard","override":[{"template":"10","parallax":"1","fullscreen":"1","layout":"no-sidebar","sidebar":"default-sidebar","second_sidebar":"default-sidebar","sticky_sidebar":"1","share_position":"hide","share_float_style":"share-monocrhome","show_featured":"1","show_post_meta":"1","show_post_author_image":"1","show_post_date":"1","post_date_format":"custom","post_date_format_custom":"d\/m\/Y","show_post_category":"1","show_post_reading_time":"0","post_reading_time_wpm":"300","post_calculate_word_method":"str_word_count","show_zoom_button":"0","zoom_button_out_step":"2","zoom_button_in_step":"3","show_post_tag":"1","number_popup_post":"1","show_author_box":"0","show_post_related":"1"}],"image_override":[{"single_post_thumbnail_size":"crop-500","single_post_gallery_size":"crop-500"}],"trending_post_position":"meta","trending_post_label":"Trending","sponsored_post_label":"Sponsored by","disable_ad":"0"},"jnews_primary_category":[],"jnews_social_meta":[],"jnews_override_counter":{"view_counter_number":"0","share_counter_number":"0","like_counter_number":"0","dislike_counter_number":"0"},"_joinchat":[],"footnotes":""},"categories":[22],"tags":[190,538,87],"class_list":["post-11741","post","type-post","status-publish","format-standard","has-post-thumbnail","hentry","category-actualidad","tag-cgt","tag-edicion-141","tag-transporte"],"_links":{"self":[{"href":"https:\/\/tribunavm.com.ar\/index.php\/wp-json\/wp\/v2\/posts\/11741"}],"collection":[{"href":"https:\/\/tribunavm.com.ar\/index.php\/wp-json\/wp\/v2\/posts"}],"about":[{"href":"https:\/\/tribunavm.com.ar\/index.php\/wp-json\/wp\/v2\/types\/post"}],"author":[{"embeddable":true,"href":"https:\/\/tribunavm.com.ar\/index.php\/wp-json\/wp\/v2\/users\/2"}],"replies":[{"embeddable":true,"href":"https:\/\/tribunavm.com.ar\/index.php\/wp-json\/wp\/v2\/comments?post=11741"}],"version-history":[{"count":1,"href":"https:\/\/tribunavm.com.ar\/index.php\/wp-json\/wp\/v2\/posts\/11741\/revisions"}],"predecessor-version":[{"id":11744,"href":"https:\/\/tribunavm.com.ar\/index.php\/wp-json\/wp\/v2\/posts\/11741\/revisions\/11744"}],"wp:featuredmedia":[{"embeddable":true,"href":"https:\/\/tribunavm.com.ar\/index.php\/wp-json\/wp\/v2\/media\/11743"}],"wp:attachment":[{"href":"https:\/\/tribunavm.com.ar\/index.php\/wp-json\/wp\/v2\/media?parent=11741"}],"wp:term":[{"taxonomy":"category","embeddable":true,"href":"https:\/\/tribunavm.com.ar\/index.php\/wp-json\/wp\/v2\/categories?post=11741"},{"taxonomy":"post_tag","embeddable":true,"href":"https:\/\/tribunavm.com.ar\/index.php\/wp-json\/wp\/v2\/tags?post=11741"}],"curies":[{"name":"wp","href":"https:\/\/api.w.org\/{rel}","templated":true}]}}