{"id":11750,"date":"2024-10-07T00:59:06","date_gmt":"2024-10-07T00:59:06","guid":{"rendered":"https:\/\/tribunavm.com.ar\/?p=11750"},"modified":"2024-10-06T18:10:43","modified_gmt":"2024-10-06T18:10:43","slug":"la-patria-es-la-deuda","status":"publish","type":"post","link":"https:\/\/tribunavm.com.ar\/index.php\/2024\/10\/07\/la-patria-es-la-deuda\/","title":{"rendered":"La patria es la deuda"},"content":{"rendered":"<div class=\"row clearfix\">\n<div class=\"col-md-8\">\n<p><span style=\"color: #212121; font-size: 1.5em; letter-spacing: -0.01em;\">El Gobierno acelera la privatizaci\u00f3n y desmantelamiento de empresas estatales bajo la premisa fiscal mientras renuncia a negociar mejores condiciones para canjes de deuda.\u00a0<\/span><\/p>\n<p><b><span class=\"dropcap \" style=\"background-color: #ffffff; color: #dd9933; border-color: #ffffff;\">\u201c<\/span>Nuestro compromiso con el equilibrio fiscal es inquebrantable y no estamos dispuestos a negociarlo bajo ning\u00fan punto de vista\u201d<\/b><span style=\"font-weight: 400;\"> reafirm\u00f3 el presidente Javier Milei ante los inversores globales de Wall Street en la Bolsa de Nueva York durante su \u00faltima visita a Estados Unidos en el marco de la Asamblea General de la ONU.<\/span><\/p>\n<p><span style=\"font-weight: 400;\">El mandatario argument\u00f3 que \u201c<\/span><b>los d\u00f3lares para pagar los servicios de la deuda tienen que ser comprados con super\u00e1vit fiscal<\/b><span style=\"font-weight: 400;\">; tienen que ser comprados con disciplina fiscal; con ahorro fiscal y no con emisi\u00f3n monetaria\u201d.<\/span><\/p>\n<p><span style=\"font-weight: 400;\">En l\u00ednea con la m\u00e1xima fiscal, el Ministerio de Econom\u00eda, a trav\u00e9s de la secretar\u00eda de Coordinaci\u00f3n de Producci\u00f3n, public\u00f3 en el Bolet\u00edn Oficial el <\/span>llamado a licitaci\u00f3n p\u00fablica nacional e internacional para la venta del 100% de las acciones clase C (estatales) de<b> IMPSA<\/b><span style=\"font-weight: 400;\">.<\/span><\/p>\n<p><span style=\"font-weight: 400;\">IMPSA es una de las principales empresas en el sector metal\u00fargico y energ\u00e9tico, con participaci\u00f3n clave en proyectos hidroel\u00e9ctricos, parques e\u00f3licos, energ\u00eda nuclear y equipamiento para la industria petrolera y gas\u00edfera.<\/span><\/p>\n<figure id=\"attachment_11751\" aria-describedby=\"caption-attachment-11751\" style=\"width: 1200px\" class=\"wp-caption alignnone\"><img loading=\"lazy\" decoding=\"async\" class=\"size-full wp-image-11751\" src=\"https:\/\/tribunavm.com.ar\/wp-content\/uploads\/2024\/10\/1-interna.jpg\" alt=\"\" width=\"1200\" height=\"675\" srcset=\"https:\/\/tribunavm.com.ar\/wp-content\/uploads\/2024\/10\/1-interna.jpg 1200w, https:\/\/tribunavm.com.ar\/wp-content\/uploads\/2024\/10\/1-interna-300x169.jpg 300w, https:\/\/tribunavm.com.ar\/wp-content\/uploads\/2024\/10\/1-interna-1024x576.jpg 1024w, https:\/\/tribunavm.com.ar\/wp-content\/uploads\/2024\/10\/1-interna-768x432.jpg 768w, https:\/\/tribunavm.com.ar\/wp-content\/uploads\/2024\/10\/1-interna-750x422.jpg 750w, https:\/\/tribunavm.com.ar\/wp-content\/uploads\/2024\/10\/1-interna-1140x641.jpg 1140w\" sizes=\"(max-width: 1200px) 100vw, 1200px\" \/><figcaption id=\"caption-attachment-11751\" class=\"wp-caption-text\">La empresa estadounidense ARC Energy realiz\u00f3 la primera oferta formal para adquirir el control total de IMPSA.<\/figcaption><\/figure>\n<p><span style=\"font-weight: 400;\">En 2021, la empresa cae en quiebra y el gobierno de Alberto Fern\u00e1ndez decidi\u00f3 estatizarla, adquiriendo el 63,7% de las acciones, inyectando 15 millones de d\u00f3lares para mantener las operaciones, mientras que la provincia de Mendoza aport\u00f3 otros 5 millones de d\u00f3lares para asegurar su participaci\u00f3n en la estructura accionaria.\u00a0\u00a0<\/span><\/p>\n<p><span style=\"font-weight: 400;\">A su vez,<\/span> Franco Mogetta, secretario de Transporte, anunci\u00f3 en conferencia de prensa el cierre de<b> Trenes Argentinos Capital Humano (DECAHF) y el Instituto Argentino de Transporte<\/b><span style=\"font-weight: 400;\">, donde se desempe\u00f1aban 1388 trabajadores de ambas empresas estatales.<\/span><\/p>\n<p><span style=\"font-weight: 400;\">\u201cEstamos cumpliendo con el mandato que m\u00e1s del 55% le dio al presidente Javier Milei, y sus instrucciones de reducir el d\u00e9ficit y eliminar gastos innecesarios\u201d, asegur\u00f3 Mogetta.<\/span><\/p>\n<p><span style=\"font-weight: 400;\">El martes pasado, el Poder Ejecutivo dio otro paso y declar\u00f3 a trav\u00e9s del <\/span><span style=\"color: #ff9900;\"><a style=\"color: #ff9900;\" href=\"https:\/\/www.boletinoficial.gob.ar\/detalleAviso\/primera\/314969\/20241002\"><span style=\"font-weight: 400;\">Decreto 873\/2024<\/span><\/a><\/span><span style=\"font-weight: 400;\"> a Aerol\u00edneas Argentinas \u201csujeta a privatizaci\u00f3n\u201d. El decreto argumenta que la empresa tiene un d\u00e9ficit cr\u00f3nico desde su estatizaci\u00f3n en 2008 y que la privatizaci\u00f3n permitir\u00e1 que opere bajo criterios de &#8220;eficiencia comercial&#8221;.<\/span><\/p>\n<p><span style=\"font-weight: 400;\">\u201cEl Gobierno se encuentra desarrollando un amplio programa de transformaci\u00f3n del sistema nacional de transporte en general y a\u00e9reo en particular, tendiente a racionalizar la oferta de servicios, expandir las inversiones y disminuir los costos\u201d, justific\u00f3 en un comunicado.<\/span><\/p>\n<p><span style=\"font-weight: 400;\">Finalmente, el jueves pasado el vocero presidencial, <\/span>Manuel Adorni inform\u00f3\u00a0 la reestructuraci\u00f3n de la Casa de la Moneda y la disoluci\u00f3n de la <strong>Compa\u00f1\u00eda de Valores Sudamericana (CVS)<\/strong>, la empresa estatal dedicada a la impresi\u00f3n de billetes.<\/p>\n<figure id=\"attachment_11752\" aria-describedby=\"caption-attachment-11752\" style=\"width: 1920px\" class=\"wp-caption alignnone\"><img loading=\"lazy\" decoding=\"async\" class=\"size-full wp-image-11752\" src=\"https:\/\/tribunavm.com.ar\/wp-content\/uploads\/2024\/10\/casa-de-la-moneda.jpg\" alt=\"\" width=\"1920\" height=\"1080\" srcset=\"https:\/\/tribunavm.com.ar\/wp-content\/uploads\/2024\/10\/casa-de-la-moneda.jpg 1920w, https:\/\/tribunavm.com.ar\/wp-content\/uploads\/2024\/10\/casa-de-la-moneda-300x169.jpg 300w, https:\/\/tribunavm.com.ar\/wp-content\/uploads\/2024\/10\/casa-de-la-moneda-1024x576.jpg 1024w, https:\/\/tribunavm.com.ar\/wp-content\/uploads\/2024\/10\/casa-de-la-moneda-768x432.jpg 768w, https:\/\/tribunavm.com.ar\/wp-content\/uploads\/2024\/10\/casa-de-la-moneda-1536x864.jpg 1536w, https:\/\/tribunavm.com.ar\/wp-content\/uploads\/2024\/10\/casa-de-la-moneda-750x422.jpg 750w, https:\/\/tribunavm.com.ar\/wp-content\/uploads\/2024\/10\/casa-de-la-moneda-1140x641.jpg 1140w\" sizes=\"(max-width: 1920px) 100vw, 1920px\" \/><figcaption id=\"caption-attachment-11752\" class=\"wp-caption-text\">Sede de la Casa de la Moneda.<\/figcaption><\/figure>\n<p><span style=\"font-weight: 400;\">&#8220;En la Argentina que ya no imprime billetes para financiar a la pol\u00edtica poco sentido tiene seguir con este absoluto despilfarro para mantener una estructura al servicio de los degenerados fiscales&#8221;, argument\u00f3 Adorni.<\/span><\/p>\n<p><span style=\"color: #ff9900;\"><b>Para la deuda es otro el cantar<\/b><\/span><\/p>\n<p><span style=\"font-weight: 400;\">El celoso cuidado de los recursos de la gesti\u00f3n queda inconcluso ante la publicaci\u00f3n durante los \u00faltimos d\u00edas de septiembre del <\/span><a href=\"https:\/\/www.argentina.gob.ar\/normativa\/nacional\/decreto-864-2024-404625\"><span style=\"font-weight: 400;\"><span style=\"color: #ff9900;\">Decreto 864<\/span><\/span><\/a><span style=\"font-weight: 400;\">, en el que elimina la obligaci\u00f3n de exigir mejores condiciones a los bonistas (tanto en plazos como en quitas de capital e intereses) y permite realizar canjes de t\u00edtulos de deuda en monedas diferentes a las originalmente suscriptas, <\/span><b>sorteando los requisitos fijados en la ley de administraci\u00f3n financiera (LAF) y la aprobaci\u00f3n del Congreso<\/b><span style=\"font-weight: 400;\">.<\/span><\/p>\n<p><span style=\"font-weight: 400;\">En la presentaci\u00f3n del proyecto de Presupuesto 2025, el Gobierno solicita autorizaci\u00f3n para emitir deuda en moneda y bajo ley extranjera por hasta $5.000 millones de d\u00f3lares.<\/span><\/p>\n<\/div>\n<\/div>\n","protected":false},"excerpt":{"rendered":"<p>El Gobierno acelera la privatizaci\u00f3n y desmantelamiento de empresas estatales bajo la premisa fiscal mientras renuncia a negociar mejores condiciones para canjes de deuda.\u00a0<\/p>\n","protected":false},"author":2,"featured_media":11753,"comment_status":"open","ping_status":"open","sticky":false,"template":"","format":"standard","meta":{"_exactmetrics_skip_tracking":false,"_exactmetrics_sitenote_active":false,"_exactmetrics_sitenote_note":"","_exactmetrics_sitenote_category":0,"jnews-multi-image_gallery":[],"jnews_single_post":{"format":"standard","override":[{"template":"10","parallax":"1","fullscreen":"1","layout":"no-sidebar","sidebar":"default-sidebar","second_sidebar":"default-sidebar","sticky_sidebar":"1","share_position":"hide","share_float_style":"share-monocrhome","show_featured":"1","show_post_meta":"1","show_post_author_image":"1","show_post_date":"1","post_date_format":"custom","post_date_format_custom":"d\/m\/Y","show_post_category":"1","show_post_reading_time":"0","post_reading_time_wpm":"300","post_calculate_word_method":"str_word_count","show_zoom_button":"0","zoom_button_out_step":"2","zoom_button_in_step":"3","show_post_tag":"1","number_popup_post":"1","show_author_box":"0","show_post_related":"1"}],"image_override":[{"single_post_thumbnail_size":"crop-500","single_post_gallery_size":"crop-500"}],"trending_post_position":"meta","trending_post_label":"Trending","sponsored_post_label":"Sponsored by","disable_ad":"0"},"jnews_primary_category":[],"jnews_social_meta":[],"jnews_override_counter":{"view_counter_number":"0","share_counter_number":"0","like_counter_number":"0","dislike_counter_number":"0"},"_joinchat":[],"footnotes":""},"categories":[279],"tags":[538,52,42],"class_list":["post-11750","post","type-post","status-publish","format-standard","has-post-thumbnail","hentry","category-gobierno","tag-edicion-141","tag-finanzas","tag-industria"],"_links":{"self":[{"href":"https:\/\/tribunavm.com.ar\/index.php\/wp-json\/wp\/v2\/posts\/11750"}],"collection":[{"href":"https:\/\/tribunavm.com.ar\/index.php\/wp-json\/wp\/v2\/posts"}],"about":[{"href":"https:\/\/tribunavm.com.ar\/index.php\/wp-json\/wp\/v2\/types\/post"}],"author":[{"embeddable":true,"href":"https:\/\/tribunavm.com.ar\/index.php\/wp-json\/wp\/v2\/users\/2"}],"replies":[{"embeddable":true,"href":"https:\/\/tribunavm.com.ar\/index.php\/wp-json\/wp\/v2\/comments?post=11750"}],"version-history":[{"count":1,"href":"https:\/\/tribunavm.com.ar\/index.php\/wp-json\/wp\/v2\/posts\/11750\/revisions"}],"predecessor-version":[{"id":11754,"href":"https:\/\/tribunavm.com.ar\/index.php\/wp-json\/wp\/v2\/posts\/11750\/revisions\/11754"}],"wp:featuredmedia":[{"embeddable":true,"href":"https:\/\/tribunavm.com.ar\/index.php\/wp-json\/wp\/v2\/media\/11753"}],"wp:attachment":[{"href":"https:\/\/tribunavm.com.ar\/index.php\/wp-json\/wp\/v2\/media?parent=11750"}],"wp:term":[{"taxonomy":"category","embeddable":true,"href":"https:\/\/tribunavm.com.ar\/index.php\/wp-json\/wp\/v2\/categories?post=11750"},{"taxonomy":"post_tag","embeddable":true,"href":"https:\/\/tribunavm.com.ar\/index.php\/wp-json\/wp\/v2\/tags?post=11750"}],"curies":[{"name":"wp","href":"https:\/\/api.w.org\/{rel}","templated":true}]}}