{"id":11756,"date":"2024-10-07T00:12:03","date_gmt":"2024-10-07T00:12:03","guid":{"rendered":"https:\/\/tribunavm.com.ar\/?p=11756"},"modified":"2024-10-06T18:19:25","modified_gmt":"2024-10-06T18:19:25","slug":"el-gobierno-aumento-la-tarifa-de-navegacion-por-el-parana","status":"publish","type":"post","link":"https:\/\/tribunavm.com.ar\/index.php\/2024\/10\/07\/el-gobierno-aumento-la-tarifa-de-navegacion-por-el-parana\/","title":{"rendered":"El Gobierno aument\u00f3 la tarifa de navegaci\u00f3n por el Paran\u00e1"},"content":{"rendered":"<div class=\"row clearfix\">\n<div class=\"col-md-8\">\n<p><span style=\"color: #212121; font-size: 1.5em; letter-spacing: -0.01em;\">Exportadores reclamaron contra la medida que oficializ\u00f3 el incremento solicitado por la empresa estatal Administraci\u00f3n General de Puertos (AGP).<\/span><\/p>\n<p><span style=\"font-weight: 400;\"><span class=\"dropcap \" style=\"background-color: #ffffff; color: #dd9933; border-color: #ffffff;\">A<\/span> trav\u00e9s de la <\/span><a href=\"https:\/\/www.boletinoficial.gob.ar\/detalleAviso\/primera\/314495\/20240924\"><span style=\"font-weight: 400;\"><span style=\"color: #ff9900;\">Disposici\u00f3n 22\/2024<\/span><\/span><\/a><span style=\"font-weight: 400;\"> de la Subsecretar\u00eda de Puertos y V\u00edas Navegables, qued\u00f3 establecido un aumento en el costo de la tarifa que deber\u00e1n pagar las empresas que circulen por la hidrov\u00eda del R\u00edo Paran\u00e1.<\/span><\/p>\n<p><span style=\"font-weight: 400;\">De esta manera, <\/span><b>el Gobierno llev\u00f3 el precio a 4,3 d\u00f3lares por tonelada de registro neto (TRN) y para el tr\u00e1fico de cabotaje a 824,8 pesos por TRN a ajustarse de forma autom\u00e1tica por el \u00edndice de precios al consumidor (IPC)<\/b><span style=\"font-weight: 400;\"> trimestralmente.<\/span><\/p>\n<p><span style=\"font-weight: 400;\">La propuesta de aumento fue realizada por la Administraci\u00f3n General de Puertos Sociedad del Estado (AGP), firma estatal que mantiene actualmente la prestaci\u00f3n del servicio de dragado, balizamiento y el cobro del peaje en la hidrov\u00eda.<\/span><\/p>\n<p><span style=\"font-weight: 400;\">En septiembre, las c\u00e1maras empresarias que utilizan el r\u00edo para su explotaci\u00f3n, enviaron una carta dirigida al subsecretario de Puertos y V\u00edas Navegables de la Naci\u00f3n, I\u00f1aki Miguel Arreseygor, planteando la queja ante el inminente aumento.<\/span><\/p>\n<p><span style=\"font-weight: 400;\">El escrito fue firmado por la C\u00e1mara de la Industria Aceitera y el Centro de Exportadores de Cereales (Ciara-CEC), la Bolsa de Comercio de Rosario, la C\u00e1mara de Puertos Privados, la C\u00e1mara de Actividades Portuarias y la C\u00e1mara del Acero, y fue enviada con copia al interventor de la AGP, Alejo Benvenuto.<\/span><\/p>\n<figure id=\"attachment_11757\" aria-describedby=\"caption-attachment-11757\" style=\"width: 1920px\" class=\"wp-caption alignnone\"><img loading=\"lazy\" decoding=\"async\" class=\"size-full wp-image-11757\" src=\"https:\/\/tribunavm.com.ar\/wp-content\/uploads\/2024\/10\/jan-de-nul.jpg\" alt=\"\" width=\"1920\" height=\"1080\" srcset=\"https:\/\/tribunavm.com.ar\/wp-content\/uploads\/2024\/10\/jan-de-nul.jpg 1920w, https:\/\/tribunavm.com.ar\/wp-content\/uploads\/2024\/10\/jan-de-nul-300x169.jpg 300w, https:\/\/tribunavm.com.ar\/wp-content\/uploads\/2024\/10\/jan-de-nul-1024x576.jpg 1024w, https:\/\/tribunavm.com.ar\/wp-content\/uploads\/2024\/10\/jan-de-nul-768x432.jpg 768w, https:\/\/tribunavm.com.ar\/wp-content\/uploads\/2024\/10\/jan-de-nul-1536x864.jpg 1536w, https:\/\/tribunavm.com.ar\/wp-content\/uploads\/2024\/10\/jan-de-nul-750x422.jpg 750w, https:\/\/tribunavm.com.ar\/wp-content\/uploads\/2024\/10\/jan-de-nul-1140x641.jpg 1140w\" sizes=\"(max-width: 1920px) 100vw, 1920px\" \/><figcaption id=\"caption-attachment-11757\" class=\"wp-caption-text\">La Hidrov\u00eda Paran\u00e1-Paraguay estuvo concesionada durante 25 a\u00f1os en propiedad de un consorcio privado conformado por una empresa de origen belga, Jan de Nul, y la empresa argentina, Emepa, hasta septiembre del 2021 cuando se venci\u00f3 el contrato.<\/figcaption><\/figure>\n<p><span style=\"font-weight: 400;\">Entre sus consideraciones establece que el aumento se debe a una deuda existente entre el Estado con la empresa Jan De Nul por tareas de dragado que corresponden a la gesti\u00f3n gubernamental anterior.<\/span><b> \u201cLos usuarios quisi\u00e9ramos dejar en claro una posici\u00f3n contraria a trasladar al Precio Unitario B\u00e1sico del peaje por el servicio de dragado y balizamiento, el pago de dicha deuda\u201d<\/b><span style=\"font-weight: 400;\">, sostienen los emisarios.<\/span><\/p>\n<p><span style=\"font-weight: 400;\">En di\u00e1logo con La Naci\u00f3n, <\/span><b>Gustavo Id\u00edgoras<\/b><span style=\"font-weight: 400;\">, presidente de la Ciara-CEC, dijo que <\/span><b>\u201ccomo usuarios ya hemos presentado nuestros reclamos en contra de la suba porque afectar\u00e1 la competitividad exportadora e impactar\u00e1 en precios.<\/b> <span style=\"font-weight: 400;\">Entendemos que la nueva administraci\u00f3n hered\u00f3 deudas y est\u00e1n buscando sanear la AGP y pagar al dragador deudas contra\u00eddas. Por eso <\/span><b>hemos solicitado que prontamente se convoque a licitaci\u00f3n internacional <\/b><span style=\"font-weight: 400;\">para tener tarifas m\u00e1s bajas\u201d.<\/span><\/p>\n<p><span style=\"font-weight: 400;\">Por su parte, <\/span><b>el presidente del Centro de Navegaci\u00f3n, Julio Delfino, consider\u00f3<\/b><span style=\"font-weight: 400;\"> que \u201cun peaje que ya era excesivamente caro, pas\u00f3 a partir del 25 de septiembre del 2024 a ser un 42% m\u00e1s caro en d\u00f3lares. <\/span><b>El da\u00f1o econ\u00f3mico a la carga en t\u00e9rminos de competitividad es directo.<\/b> <span style=\"font-weight: 400;\">Por lo pronto, para todos los contratos a corto plazo se generan importantes p\u00e9rdidas. <\/span><b>Esperemos que las promesas de Luis Toto Caputo adjudicando la concesi\u00f3n durante el tercer trimestre del 2025 se cumplan<\/b><span style=\"font-weight: 400;\">\u201d.<\/span><span style=\"font-weight: 400;\">\u00a0<\/span><\/p>\n<\/div>\n<\/div>\n","protected":false},"excerpt":{"rendered":"<p>Exportadores reclamaron contra la medida que oficializ\u00f3 el incremento solicitado por la empresa estatal Administraci\u00f3n General de Puertos (AGP).<\/p>\n","protected":false},"author":2,"featured_media":11758,"comment_status":"open","ping_status":"open","sticky":false,"template":"","format":"standard","meta":{"_exactmetrics_skip_tracking":false,"_exactmetrics_sitenote_active":false,"_exactmetrics_sitenote_note":"","_exactmetrics_sitenote_category":0,"jnews-multi-image_gallery":[],"jnews_single_post":{"format":"standard","override":[{"template":"10","parallax":"1","fullscreen":"1","layout":"no-sidebar","sidebar":"default-sidebar","second_sidebar":"default-sidebar","sticky_sidebar":"1","share_position":"hide","share_float_style":"share-monocrhome","show_featured":"1","show_post_meta":"1","show_post_author_image":"1","show_post_date":"1","post_date_format":"custom","post_date_format_custom":"d\/m\/Y","show_post_category":"1","show_post_reading_time":"0","post_reading_time_wpm":"300","post_calculate_word_method":"str_word_count","show_zoom_button":"0","zoom_button_out_step":"2","zoom_button_in_step":"3","show_post_tag":"1","number_popup_post":"1","show_author_box":"0","show_post_related":"1"}],"image_override":[{"single_post_thumbnail_size":"crop-500","single_post_gallery_size":"crop-500"}],"trending_post_position":"meta","trending_post_label":"Trending","sponsored_post_label":"Sponsored by","disable_ad":"0"},"jnews_primary_category":[],"jnews_social_meta":[],"jnews_override_counter":{"view_counter_number":"0","share_counter_number":"0","like_counter_number":"0","dislike_counter_number":"0"},"_joinchat":[],"footnotes":""},"categories":[278],"tags":[41,538,42],"class_list":["post-11756","post","type-post","status-publish","format-standard","has-post-thumbnail","hentry","category-economia","tag-agro","tag-edicion-141","tag-industria"],"_links":{"self":[{"href":"https:\/\/tribunavm.com.ar\/index.php\/wp-json\/wp\/v2\/posts\/11756"}],"collection":[{"href":"https:\/\/tribunavm.com.ar\/index.php\/wp-json\/wp\/v2\/posts"}],"about":[{"href":"https:\/\/tribunavm.com.ar\/index.php\/wp-json\/wp\/v2\/types\/post"}],"author":[{"embeddable":true,"href":"https:\/\/tribunavm.com.ar\/index.php\/wp-json\/wp\/v2\/users\/2"}],"replies":[{"embeddable":true,"href":"https:\/\/tribunavm.com.ar\/index.php\/wp-json\/wp\/v2\/comments?post=11756"}],"version-history":[{"count":1,"href":"https:\/\/tribunavm.com.ar\/index.php\/wp-json\/wp\/v2\/posts\/11756\/revisions"}],"predecessor-version":[{"id":11759,"href":"https:\/\/tribunavm.com.ar\/index.php\/wp-json\/wp\/v2\/posts\/11756\/revisions\/11759"}],"wp:featuredmedia":[{"embeddable":true,"href":"https:\/\/tribunavm.com.ar\/index.php\/wp-json\/wp\/v2\/media\/11758"}],"wp:attachment":[{"href":"https:\/\/tribunavm.com.ar\/index.php\/wp-json\/wp\/v2\/media?parent=11756"}],"wp:term":[{"taxonomy":"category","embeddable":true,"href":"https:\/\/tribunavm.com.ar\/index.php\/wp-json\/wp\/v2\/categories?post=11756"},{"taxonomy":"post_tag","embeddable":true,"href":"https:\/\/tribunavm.com.ar\/index.php\/wp-json\/wp\/v2\/tags?post=11756"}],"curies":[{"name":"wp","href":"https:\/\/api.w.org\/{rel}","templated":true}]}}