{"id":11771,"date":"2024-10-07T00:38:44","date_gmt":"2024-10-07T00:38:44","guid":{"rendered":"https:\/\/tribunavm.com.ar\/?p=11771"},"modified":"2024-10-06T18:45:30","modified_gmt":"2024-10-06T18:45:30","slug":"79a-asamblea-general-de-las-naciones-unidas","status":"publish","type":"post","link":"https:\/\/tribunavm.com.ar\/index.php\/2024\/10\/07\/79a-asamblea-general-de-las-naciones-unidas\/","title":{"rendered":"79\u00aa Asamblea General de las Naciones Unidas"},"content":{"rendered":"<div class=\"row clearfix\">\n<div class=\"col-md-8\">\n<p><span style=\"color: #212121; font-size: 1.5em; letter-spacing: -0.01em;\">Los presidentes latinoamericanos expresaron sus posiciones respecto a la funci\u00f3n de la ONU en la actualidad. Lula sostuvo que las instituciones creadas luego de la segunda guerra mundial ya no contemplan las necesidades de los pa\u00edses en desarrollo.\u00a0<\/span><\/p>\n<p><span style=\"font-weight: 400;\"><span class=\"dropcap \" style=\"background-color: #ffffff; color: #dd9933; border-color: #ffffff;\">D<\/span>el 23 al 27 de septiembre en la ciudad de Nueva York (EE.UU.) tuvo lugar la 79\u00aa Asamblea General de las Naciones Unidas (ONU). Algunas de las intervenciones destacadas fueron de los presidentes latinoamericanos quienes expusieron brevemente un repaso de los \u00faltimos acontecimientos de la realidad pol\u00edtica de la regi\u00f3n y las perspectivas de trabajo a futuro.<\/span><\/p>\n<p><span style=\"font-weight: 400;\">El presidente de Brasil, <\/span><b>Lula Da Silva<\/b><span style=\"font-weight: 400;\">, expres\u00f3 en su discurso que la \u201clegitimidad del Consejo de Seguridad se reduce cada vez que aplica un doble rasero o se abstiene de actuar ante atrocidades. <\/span><b>Las instituciones de Bretton Woods ignoran las prioridades y necesidades del mundo en desarrollo. El Sur Global no est\u00e1 representado de manera acorde con su actual peso pol\u00edtico, econ\u00f3mico y demogr\u00e1fico<\/b><span style=\"font-weight: 400;\">\u201d.<\/span><\/p>\n<p><span style=\"font-weight: 400;\">Por su parte, el presidente de Colombia, <\/span><span style=\"color: #ff9900;\"><a style=\"color: #ff9900;\" href=\"https:\/\/www.youtube.com\/watch?v=NnGEM_rhJzU\"><b>Gustavo Petro<\/b><\/a><\/span><span style=\"font-weight: 400;\"> cuestion\u00f3 que mientras algunos &#8220;en su poder de prohibici\u00f3n y censura gritan: \u00a1Viva la libertad carajo! Pero es solo la libertad del 1% m\u00e1s rico de la poblaci\u00f3n mundial&#8221;, refiri\u00e9ndose a la c\u00e9lebre frase adoptada por el presidente, Javier Milei. Tambi\u00e9n consider\u00f3 que <\/span><b>&#8220;el libre mercado es la maximizaci\u00f3n de la muerte&#8221;<\/b><span style=\"font-weight: 400;\">.<\/span><\/p>\n<p><span style=\"font-weight: 400;\">Para <\/span><b>Javier Milei<\/b><span style=\"font-weight: 400;\">, <\/span><b>\u201cpasamos de una organizaci\u00f3n que persegu\u00eda la paz a una organizaci\u00f3n que le impone una agenda ideol\u00f3gica a sus miembros\u201d<\/b><span style=\"font-weight: 400;\">.<\/span><\/p>\n<p><span style=\"font-weight: 400;\">&#8220;Una organizaci\u00f3n que hab\u00eda sido pensada esencialmente como un escudo para proteger el reino de los hombres se transform\u00f3 en un Leviat\u00e1n de m\u00faltiples tent\u00e1culos que pretende decidir no solo que debe hacer cada Estado y cada Naci\u00f3n, sino como deben vivir todos los ciudadanos del mundo&#8221;, sentenci\u00f3 Milei.<\/span><\/p>\n<p><span style=\"color: #ff9900;\"><b>Convergencia entre socialdem\u00f3cratas<\/b><\/span><\/p>\n<p><span style=\"font-weight: 400;\">En el marco del encuentro de la ONU tuvo lugar un <\/span><b>evento titulado \u201cEn defensa de la democracia. Luchando contra el extremismo\u201d<\/b><span style=\"font-weight: 400;\">, organizado en conjunto por Lula y el presidente de Espa\u00f1a, Pedro Sanch\u00e9z.<\/span><\/p>\n<blockquote class=\"twitter-tweet\">\n<p dir=\"ltr\" lang=\"es\">Hoy he participado, junto al presidente Lula da Silva, en la conversaci\u00f3n &#8216;En defensa de la democracia. Luchando contra el extremismo&#8217;, en la sede de la ONU.<\/p>\n<p>Nos enfrentamos a adversarios poderosos, con importantes fuentes de financiaci\u00f3n, que nutren redes de contacto a escala\u2026 <a href=\"https:\/\/t.co\/UsbLuClhaT\">pic.twitter.com\/UsbLuClhaT<\/a><\/p>\n<p>\u2014 Pedro S\u00e1nchez (@sanchezcastejon) <a href=\"https:\/\/twitter.com\/sanchezcastejon\/status\/1838692393245380629?ref_src=twsrc%5Etfw\">September 24, 2024<\/a><\/p><\/blockquote>\n<p><script async src=\"https:\/\/platform.twitter.com\/widgets.js\" charset=\"utf-8\"><\/script><\/p>\n<p><span style=\"font-weight: 400;\">Para Lula \u201centender por qu\u00e9 la democracia se ha convertido en un blanco f\u00e1cil para la extrema derecha y sus falsas narrativas es un desaf\u00edo\u201d que deben asumir los gobiernos. \u201cPara devolver la esperanza a millones de personas desheredadas por la globalizaci\u00f3n, tenemos que poner la econom\u00eda al servicio del pueblo\u201d, sostuvo.<\/span><\/p>\n<p><span style=\"font-weight: 400;\">Participaron los presidentes de Chile, Francia, Cabo Verde y del Consejo Europeo, los primeros ministros de Canad\u00e1, Timor Oriental y Barbados. Representantes de M\u00e9xico, Estados Unidos, Noruega, Senegal, Kenia, Colombia y la ONU.<\/span><\/p>\n<\/div>\n<\/div>\n","protected":false},"excerpt":{"rendered":"<p>Los presidentes latinoamericanos expresaron sus posiciones respecto a la funci\u00f3n de la ONU en la actualidad. Lula sostuvo que las instituciones creadas luego de la segunda guerra mundial ya no contemplan las necesidades de los pa\u00edses en desarrollo.\u00a0<\/p>\n","protected":false},"author":2,"featured_media":11772,"comment_status":"open","ping_status":"open","sticky":false,"template":"","format":"standard","meta":{"_exactmetrics_skip_tracking":false,"_exactmetrics_sitenote_active":false,"_exactmetrics_sitenote_note":"","_exactmetrics_sitenote_category":0,"jnews-multi-image_gallery":[],"jnews_single_post":{"format":"standard","override":[{"template":"10","parallax":"1","fullscreen":"1","layout":"no-sidebar","sidebar":"default-sidebar","second_sidebar":"default-sidebar","sticky_sidebar":"1","share_position":"hide","share_float_style":"share-monocrhome","show_featured":"1","show_post_meta":"1","show_post_author_image":"1","show_post_date":"1","post_date_format":"custom","post_date_format_custom":"d\/m\/Y","show_post_category":"1","show_post_reading_time":"0","post_reading_time_wpm":"300","post_calculate_word_method":"str_word_count","show_zoom_button":"0","zoom_button_out_step":"2","zoom_button_in_step":"3","show_post_tag":"1","number_popup_post":"1","show_author_box":"0","show_post_related":"1"}],"image_override":[{"single_post_thumbnail_size":"crop-500","single_post_gallery_size":"crop-500"}],"trending_post_position":"meta","trending_post_label":"Trending","sponsored_post_label":"Sponsored by","disable_ad":"0"},"jnews_primary_category":[],"jnews_social_meta":[],"jnews_override_counter":{"view_counter_number":"0","share_counter_number":"0","like_counter_number":"0","dislike_counter_number":"0"},"_joinchat":[],"footnotes":""},"categories":[277],"tags":[377,450,538],"class_list":["post-11771","post","type-post","status-publish","format-standard","has-post-thumbnail","hentry","category-latinoamerica","tag-brasil","tag-colombia","tag-edicion-141"],"_links":{"self":[{"href":"https:\/\/tribunavm.com.ar\/index.php\/wp-json\/wp\/v2\/posts\/11771"}],"collection":[{"href":"https:\/\/tribunavm.com.ar\/index.php\/wp-json\/wp\/v2\/posts"}],"about":[{"href":"https:\/\/tribunavm.com.ar\/index.php\/wp-json\/wp\/v2\/types\/post"}],"author":[{"embeddable":true,"href":"https:\/\/tribunavm.com.ar\/index.php\/wp-json\/wp\/v2\/users\/2"}],"replies":[{"embeddable":true,"href":"https:\/\/tribunavm.com.ar\/index.php\/wp-json\/wp\/v2\/comments?post=11771"}],"version-history":[{"count":2,"href":"https:\/\/tribunavm.com.ar\/index.php\/wp-json\/wp\/v2\/posts\/11771\/revisions"}],"predecessor-version":[{"id":11775,"href":"https:\/\/tribunavm.com.ar\/index.php\/wp-json\/wp\/v2\/posts\/11771\/revisions\/11775"}],"wp:featuredmedia":[{"embeddable":true,"href":"https:\/\/tribunavm.com.ar\/index.php\/wp-json\/wp\/v2\/media\/11772"}],"wp:attachment":[{"href":"https:\/\/tribunavm.com.ar\/index.php\/wp-json\/wp\/v2\/media?parent=11771"}],"wp:term":[{"taxonomy":"category","embeddable":true,"href":"https:\/\/tribunavm.com.ar\/index.php\/wp-json\/wp\/v2\/categories?post=11771"},{"taxonomy":"post_tag","embeddable":true,"href":"https:\/\/tribunavm.com.ar\/index.php\/wp-json\/wp\/v2\/tags?post=11771"}],"curies":[{"name":"wp","href":"https:\/\/api.w.org\/{rel}","templated":true}]}}