{"id":11783,"date":"2024-10-07T00:54:18","date_gmt":"2024-10-07T00:54:18","guid":{"rendered":"https:\/\/tribunavm.com.ar\/?p=11783"},"modified":"2024-10-06T19:08:42","modified_gmt":"2024-10-06T19:08:42","slug":"logran-el-deficit-cero-a-costa-del-hambre-del-pueblo","status":"publish","type":"post","link":"https:\/\/tribunavm.com.ar\/index.php\/2024\/10\/07\/logran-el-deficit-cero-a-costa-del-hambre-del-pueblo\/","title":{"rendered":"\u201cLogran el d\u00e9ficit cero a costa del hambre del pueblo\u201d"},"content":{"rendered":"<div class=\"row clearfix\">\n<div class=\"col-md-8\">\n<p><span style=\"color: #212121; font-size: 1.5em; letter-spacing: -0.01em;\">Dialogamos con Sebasti\u00e1n Maturano, secretario de la Juventud Sindical de la CGT, sobre coyuntura pol\u00edtica y situaci\u00f3n del movimiento obrero.<\/span><\/p>\n<p><span style=\"color: #ff9900;\"><b><span class=\"dropcap \" style=\"background-color: #ffffff; color: #dd9933; border-color: #ffffff;\">L<\/span>a semana pasada se reglament\u00f3 la reforma laboral, \u00bfqu\u00e9 lectura hac\u00e9s acerca de esta decisi\u00f3n y las implicancias para los trabajadores?<\/b><\/span><\/p>\n<p><span style=\"font-weight: 400;\">Toda reforma laboral es mala. Prometen que perdonando infracciones y multas va a bajar la informalidad. Es totalmente mentira.\u00a0<\/span><\/p>\n<p><span style=\"font-weight: 400;\">Tambi\u00e9n habla del \u201ctrabajador independiente\u201d que va a tener sus tres colaboradores, algo que intensifica la precarizaci\u00f3n laboral y que no va a sumar tampoco. Todo lo que se est\u00e1 intentando hacer va a terminar beneficiando a los mismos de siempre.<\/span><\/p>\n<blockquote class=\"pullquote align-right\"><p><span style=\"color: #ff9900;\"><a style=\"color: #ff9900;\" href=\"https:\/\/tribunavm.com.ar\/index.php\/2024\/07\/29\/la-reforma-laboral-en-curso\/\"><span style=\"font-weight: 400;\">La reforma laboral en curso<\/span><\/a><\/span><\/p><\/blockquote>\n<p><span style=\"color: #ff9900;\"><b>Y en t\u00e9rminos generales, \u00bfqu\u00e9 lectura tenes de la situaci\u00f3n pol\u00edtica y econ\u00f3mica en Argentina?<\/b><\/span><\/p>\n<p><span style=\"font-weight: 400;\">Enfrentamos una recesi\u00f3n en donde la pol\u00edtica econ\u00f3mica del gobierno es \u201cd\u00e9ficit cero\u201d a costa del parate en la econom\u00eda debido a que la gente no tiene trabajo, ni dinero, y se para la rueda comercial que debe circular. Vemos un ajuste, m\u00e1s pobreza y desempleo que lo termina pagando el pueblo. Es decir, <\/span><b>a costa del hambre del pueblo, de los jubilados, es que logran el d\u00e9ficit cero<\/b><span style=\"font-weight: 400;\">.<\/span><\/p>\n<figure id=\"attachment_11784\" aria-describedby=\"caption-attachment-11784\" style=\"width: 1024px\" class=\"wp-caption alignnone\"><img loading=\"lazy\" decoding=\"async\" class=\"size-full wp-image-11784\" src=\"https:\/\/tribunavm.com.ar\/wp-content\/uploads\/2024\/10\/1\u00b0-Plenario-Federal-de-la-Juventud-Sindical-Peronista-CGT.jpg\" alt=\"\" width=\"1024\" height=\"682\" srcset=\"https:\/\/tribunavm.com.ar\/wp-content\/uploads\/2024\/10\/1\u00b0-Plenario-Federal-de-la-Juventud-Sindical-Peronista-CGT.jpg 1024w, https:\/\/tribunavm.com.ar\/wp-content\/uploads\/2024\/10\/1\u00b0-Plenario-Federal-de-la-Juventud-Sindical-Peronista-CGT-300x200.jpg 300w, https:\/\/tribunavm.com.ar\/wp-content\/uploads\/2024\/10\/1\u00b0-Plenario-Federal-de-la-Juventud-Sindical-Peronista-CGT-768x512.jpg 768w, https:\/\/tribunavm.com.ar\/wp-content\/uploads\/2024\/10\/1\u00b0-Plenario-Federal-de-la-Juventud-Sindical-Peronista-CGT-750x500.jpg 750w\" sizes=\"(max-width: 1024px) 100vw, 1024px\" \/><figcaption id=\"caption-attachment-11784\" class=\"wp-caption-text\">El viernes 17 de mayo se realiz\u00f3 el 1\u00b0 Plenario Federal de la Juventud Sindical Peronista CGT.<\/figcaption><\/figure>\n<p><span style=\"font-weight: 400;\">Este gobierno ya tuvo dos grandes gestos con lo que demuestra su rumbo, al vetar la ley de la recomposici\u00f3n de ingresos para jubilados y del financiamiento a las universidades, pilares que hacen grandes al desarrollo de un pa\u00eds.<\/span><\/p>\n<p><span style=\"color: #ff9900;\"><b>Algunos n\u00fameros retratan la situaci\u00f3n actual del pa\u00eds: pobreza casi en el 53% de la poblaci\u00f3n, un 30% de los trabajadores registrados son pobres, 70% de los trabajadores informales est\u00e1n bajo la l\u00ednea de la pobreza, parece ser un problema estructural.<\/b><\/span><\/p>\n<p><span style=\"font-weight: 400;\">S\u00ed, esto viene hace varios a\u00f1os ya. En el gobierno pasado, y el anterior, ya ven\u00edamos observando estas variables y una de las que m\u00e1s preocupa es que los trabajadores formales, sindicalizados y registrados, est\u00e1n por debajo de la l\u00ednea de la pobreza.<\/span><\/p>\n<p><span style=\"font-weight: 400;\">Una preocupaci\u00f3n contra la que cada dirigente de su actividad tiene que luchar para que no suceda. Ahora bien hay representantes que ven esto y luchan y otros que sostienen que es mejor conservar la fuente laboral. Entonces ah\u00ed estamos en un momento de discusi\u00f3n en esa dicotom\u00eda.\u00a0<\/span><\/p>\n<p><span style=\"font-weight: 400;\">Pero no se trata solamente del dirigente, sino tambi\u00e9n del abuso de la parte empresaria. Acusan varios a\u00f1os de crisis y sostienen que para mantener su empresa el primer costo que hay que reducir son los trabajadores.<\/span><\/p>\n<p><b>Es un deterioro estructural lo que est\u00e1 pasando en nuestra patria<\/b><span style=\"font-weight: 400;\"> y hay que buscarle la forma. La forma es la que describe al argentino, la lucha, la resistencia, demostrar fuerza, unidad y sobre todo solidaridad cuando el pueblo lo necesita. <\/span><b>El pueblo le reclama al \u00fanico que le puede hacer fuerza al gobierno, que es el movimiento obrero<\/b><span style=\"font-weight: 400;\">. En ese sentido no solamente los dirigentes sindicales son importantes, sino todo el arco pol\u00edtico.<\/span><\/p>\n<p><span style=\"color: #ff9900;\"><a style=\"color: #ff9900;\" href=\"https:\/\/mundogremial.com\/la-juventud-sindical-desafia-a-milei-y-pide-a-la-cgt-un-rol-protagonico-ante-un-veto-un-paro\/\"><b>Vos planteaste recientemente<\/b><\/a><b> que \u201cante un veto, un paro\u201d, y la necesidad de que la CGT tome un rol protag\u00f3nico, \u00bfqu\u00e9 est\u00e1 sucediendo hoy con la central?<\/b><\/span><\/p>\n<p><span style=\"font-weight: 400;\">Hoy el movimiento obrero est\u00e1 unido pero siempre tenemos nuestras diferencias. Ante este sistema autoritario del gobierno hay que ponerle un parate. En la \u00faltima reuni\u00f3n de comisi\u00f3n directiva que tuvimos en la CGT yo les manifest\u00e9 que en este contexto <\/span><b>un paro general debe ser por m\u00e1s de 24 horas.<img loading=\"lazy\" decoding=\"async\" class=\"alignnone size-full wp-image-11785\" src=\"https:\/\/tribunavm.com.ar\/wp-content\/uploads\/2024\/10\/sebastian-maturano-cgt-juventud-1536x1027-1.jpg\" alt=\"\" width=\"1536\" height=\"1027\" srcset=\"https:\/\/tribunavm.com.ar\/wp-content\/uploads\/2024\/10\/sebastian-maturano-cgt-juventud-1536x1027-1.jpg 1536w, https:\/\/tribunavm.com.ar\/wp-content\/uploads\/2024\/10\/sebastian-maturano-cgt-juventud-1536x1027-1-300x201.jpg 300w, https:\/\/tribunavm.com.ar\/wp-content\/uploads\/2024\/10\/sebastian-maturano-cgt-juventud-1536x1027-1-1024x685.jpg 1024w, https:\/\/tribunavm.com.ar\/wp-content\/uploads\/2024\/10\/sebastian-maturano-cgt-juventud-1536x1027-1-768x514.jpg 768w, https:\/\/tribunavm.com.ar\/wp-content\/uploads\/2024\/10\/sebastian-maturano-cgt-juventud-1536x1027-1-750x501.jpg 750w, https:\/\/tribunavm.com.ar\/wp-content\/uploads\/2024\/10\/sebastian-maturano-cgt-juventud-1536x1027-1-1140x762.jpg 1140w\" sizes=\"(max-width: 1536px) 100vw, 1536px\" \/><\/b><\/p>\n<p><span style=\"color: #ff9900;\"><b>\u00bfPodr\u00edamos decir que la tarea del momento de la CGT es la realizaci\u00f3n de un paro general?<\/b><\/span><\/p>\n<p><span style=\"font-weight: 400;\">Si, totalmente. En ese sentido se arm\u00f3 una <\/span><a href=\"https:\/\/tribunavm.com.ar\/index.php\/2024\/09\/23\/la-unidad-del-transporte-en-accion\/\"><b><span style=\"color: #ff9900;\">Mesa Nacional de Transporte<\/span><\/b><\/a> <span style=\"font-weight: 400;\">en donde se juntaron varios sindicatos, aeron\u00e1uticos, colectiveros, camioneros, entre otros, y es por c\u00f3mo est\u00e1 viviendo el transporte en general la pol\u00edtica de este gobierno. El paro <\/span><b>Hoy es una fuerza estrat\u00e9gica que tienen todos los trabajadores del transporte en caso de accionar una medida de fuerza que podr\u00eda detener la circulaci\u00f3n.<\/b><\/p>\n<p><span style=\"font-weight: 400;\">El martes por la ma\u00f1ana realizaremos un plenario general entre todos los secretarios para analizar lo que se est\u00e1 haciendo a nivel nacional, qu\u00e9 es lo que est\u00e1 sucediendo en cada rama de transporte y determinar si la fecha de paro va a ser el 17 de octubre.<\/span><\/p>\n<\/div>\n<\/div>\n","protected":false},"excerpt":{"rendered":"<p>Dialogamos con Sebasti\u00e1n Maturano, secretario de la Juventud Sindical de la CGT, sobre coyuntura pol\u00edtica y situaci\u00f3n del movimiento obrero. La semana pasada se reglament\u00f3 la reforma laboral, \u00bfqu\u00e9 lectura hac\u00e9s acerca de esta decisi\u00f3n y las implicancias para los trabajadores? Toda reforma laboral es mala. Prometen que perdonando infracciones y multas va a bajar [&hellip;]<\/p>\n","protected":false},"author":2,"featured_media":11786,"comment_status":"open","ping_status":"open","sticky":false,"template":"","format":"standard","meta":{"_exactmetrics_skip_tracking":false,"_exactmetrics_sitenote_active":false,"_exactmetrics_sitenote_note":"","_exactmetrics_sitenote_category":0,"jnews-multi-image_gallery":[],"jnews_single_post":{"format":"standard","override":[{"template":"10","parallax":"1","fullscreen":"1","layout":"no-sidebar","sidebar":"default-sidebar","second_sidebar":"default-sidebar","sticky_sidebar":"1","share_position":"hide","share_float_style":"share-monocrhome","show_featured":"1","show_post_meta":"1","show_post_author_image":"1","show_post_date":"1","post_date_format":"custom","post_date_format_custom":"d\/m\/Y","show_post_category":"1","show_post_reading_time":"0","post_reading_time_wpm":"300","post_calculate_word_method":"str_word_count","show_zoom_button":"0","zoom_button_out_step":"2","zoom_button_in_step":"3","show_post_tag":"1","number_popup_post":"1","show_author_box":"0","show_post_related":"1"}],"image_override":[{"single_post_thumbnail_size":"crop-500","single_post_gallery_size":"crop-500"}],"trending_post_position":"meta","trending_post_label":"Trending","sponsored_post_label":"Sponsored by","disable_ad":"0"},"jnews_primary_category":[],"jnews_social_meta":[],"jnews_override_counter":{"view_counter_number":"0","share_counter_number":"0","like_counter_number":"0","dislike_counter_number":"0"},"_joinchat":[],"footnotes":""},"categories":[24],"tags":[190,538],"class_list":["post-11783","post","type-post","status-publish","format-standard","has-post-thumbnail","hentry","category-opinion","tag-cgt","tag-edicion-141"],"_links":{"self":[{"href":"https:\/\/tribunavm.com.ar\/index.php\/wp-json\/wp\/v2\/posts\/11783"}],"collection":[{"href":"https:\/\/tribunavm.com.ar\/index.php\/wp-json\/wp\/v2\/posts"}],"about":[{"href":"https:\/\/tribunavm.com.ar\/index.php\/wp-json\/wp\/v2\/types\/post"}],"author":[{"embeddable":true,"href":"https:\/\/tribunavm.com.ar\/index.php\/wp-json\/wp\/v2\/users\/2"}],"replies":[{"embeddable":true,"href":"https:\/\/tribunavm.com.ar\/index.php\/wp-json\/wp\/v2\/comments?post=11783"}],"version-history":[{"count":2,"href":"https:\/\/tribunavm.com.ar\/index.php\/wp-json\/wp\/v2\/posts\/11783\/revisions"}],"predecessor-version":[{"id":11789,"href":"https:\/\/tribunavm.com.ar\/index.php\/wp-json\/wp\/v2\/posts\/11783\/revisions\/11789"}],"wp:featuredmedia":[{"embeddable":true,"href":"https:\/\/tribunavm.com.ar\/index.php\/wp-json\/wp\/v2\/media\/11786"}],"wp:attachment":[{"href":"https:\/\/tribunavm.com.ar\/index.php\/wp-json\/wp\/v2\/media?parent=11783"}],"wp:term":[{"taxonomy":"category","embeddable":true,"href":"https:\/\/tribunavm.com.ar\/index.php\/wp-json\/wp\/v2\/categories?post=11783"},{"taxonomy":"post_tag","embeddable":true,"href":"https:\/\/tribunavm.com.ar\/index.php\/wp-json\/wp\/v2\/tags?post=11783"}],"curies":[{"name":"wp","href":"https:\/\/api.w.org\/{rel}","templated":true}]}}