{"id":11938,"date":"2024-10-26T23:05:39","date_gmt":"2024-10-26T23:05:39","guid":{"rendered":"https:\/\/tribunavm.com.ar\/?p=11938"},"modified":"2024-11-02T22:35:41","modified_gmt":"2024-11-02T22:35:41","slug":"el-fmi-y-caputo-con-las-mismas-prioridades","status":"publish","type":"post","link":"https:\/\/tribunavm.com.ar\/index.php\/2024\/10\/26\/el-fmi-y-caputo-con-las-mismas-prioridades\/","title":{"rendered":"El FMI y Caputo con las mismas prioridades"},"content":{"rendered":"<div class=\"row clearfix\">\n<div class=\"col-md-8\">\n<div class=\"intro-text\">\n<p><span style=\"font-weight: 400;\">El ministro de Econom\u00eda endeud\u00f3 al pa\u00eds nuevamente por 8.800 millones de d\u00f3lares. Los acuerdos se dieron en el marco del encuentro anual entre el FMI y el Banco Mundial en EE.UU. donde particip\u00f3 junto a una comitiva de gobierno.<\/span><\/p>\n<\/div>\n<p><span style=\"font-weight: 400;\"><span class=\"dropcap \" style=\"background-color: #ffffff; color: #dd9933; border-color: #ffffff;\">M<\/span>ientras el presidente Javier Milei expresa no querer acudir m\u00e1s a la deuda p\u00fablica debido a que significa en el futuro \u201cm\u00e1s impuestos y emisi\u00f3n monetaria\u201d, el ministro de Econom\u00eda, <\/span><b>Luis Caputo, acord\u00f3 esta semana nueva deuda por 8.800 millones de d\u00f3lares<\/b><span style=\"font-weight: 400;\">.<\/span><\/p>\n<p><span style=\"font-weight: 400;\">El monto surge de distintos <\/span><b>acuerdos llevados a cabo con representantes de la Corporaci\u00f3n Financiera Internacional (CFI), el Banco Interamericano de Desarrollo (BID) y el Banco Mundial (BM)<\/b><span style=\"font-weight: 400;\"> en el marco de las <\/span><span style=\"color: #ff9900;\"><a style=\"color: #ff9900;\" href=\"https:\/\/meetings.imf.org\/es\/2024\/Spring\/About\"><span style=\"font-weight: 400;\">Reuniones Anuales<\/span><\/a><\/span><span style=\"font-weight: 400;\"> realizadas por dichas instituciones y el Fondo Monetario Internacional (FMI) .<\/span><\/p>\n<p><span style=\"color: #ff6600;\"><b>R\u00e9cord de deuda y reforma laboral<\/b><\/span><\/p>\n<p><span style=\"font-weight: 400;\">La <\/span><b>directora gerente del FMI, Kristalina Georgieva<\/b><span style=\"font-weight: 400;\">, en su <\/span><span style=\"color: #ff9900;\"><a style=\"color: #ff9900;\" href=\"https:\/\/www.imf.org\/es\/News\/Articles\/2024\/10\/25\/sp102524-annual-meetings-plenary\"><span style=\"font-weight: 400;\">discurso<\/span><\/a><\/span><span style=\"font-weight: 400;\"> de cierre del evento present\u00f3 un escenario complejo aunque alentador para los acreedores, ya que <\/span><b>espera \u201cque la deuda p\u00fablica mundial siga aumentando\u201d<\/b><span style=\"font-weight: 400;\"> debido a \u201cpagos de intereses m\u00e1s elevados que consumen una parte cada vez mayor de los ingresos fiscales, sobre todo en los pa\u00edses de ingreso bajo y mercados emergentes\u201d.<\/span><\/p>\n<p><span style=\"font-weight: 400;\">En ello tuvo mucho que ver el FMI, ya que \u201cen los a\u00f1os desde el estallido de la pandemia, <\/span><b>hemos batido r\u00e9cords tanto en volumen total de pr\u00e9stamos como en n\u00famero de pa\u00edses que han recibido asistencia<\/b><span style=\"font-weight: 400;\">\u201d.<\/span><\/p>\n<figure id=\"attachment_11940\" aria-describedby=\"caption-attachment-11940\" style=\"width: 560px\" class=\"wp-caption aligncenter\"><img loading=\"lazy\" decoding=\"async\" class=\" wp-image-11940\" src=\"https:\/\/tribunavm.com.ar\/wp-content\/uploads\/2024\/10\/er.png\" alt=\"\" width=\"560\" height=\"315\" srcset=\"https:\/\/tribunavm.com.ar\/wp-content\/uploads\/2024\/10\/er.png 1706w, https:\/\/tribunavm.com.ar\/wp-content\/uploads\/2024\/10\/er-300x169.png 300w, https:\/\/tribunavm.com.ar\/wp-content\/uploads\/2024\/10\/er-1024x576.png 1024w, https:\/\/tribunavm.com.ar\/wp-content\/uploads\/2024\/10\/er-768x432.png 768w, https:\/\/tribunavm.com.ar\/wp-content\/uploads\/2024\/10\/er-1536x864.png 1536w, https:\/\/tribunavm.com.ar\/wp-content\/uploads\/2024\/10\/er-750x422.png 750w, https:\/\/tribunavm.com.ar\/wp-content\/uploads\/2024\/10\/er-1140x642.png 1140w\" sizes=\"(max-width: 560px) 100vw, 560px\" \/><figcaption id=\"caption-attachment-11940\" class=\"wp-caption-text\">Seg\u00fan la gerente Georgieva \u201cal reforzar la funci\u00f3n de prestamista y los instrumentos de financiamiento precautorio del FMI se afianza la red mundial de seguridad financiera\u201d.<\/figcaption><\/figure>\n<p><span style=\"font-weight: 400;\">Mencion\u00f3 que los gobiernos del mundo se enfrentan a tres problemas en simult\u00e1neo: \u201cla elevaci\u00f3n necesaria del gasto p\u00fablico, los l\u00edmites de la pol\u00edtica fiscal y la necesidad de recomponer las reservas\u201d.<\/span><\/p>\n<p><span style=\"font-weight: 400;\">Para afrontarlos propone una serie de <\/span><b>reformas que \u201ccomprenden medidas en el mercado laboral<\/b><span style=\"font-weight: 400;\">, como la mejora de las competencias y la adecuaci\u00f3n entre la oferta y la demanda de empleo; <\/span><b>medidas en el mercado de productos destinadas a reducir la burocracia<\/b><span style=\"font-weight: 400;\"> y movilizar el ahorro, <\/span><b>y medidas concretas para fomentar la innovaci\u00f3n y elevar la productividad<\/b><span style=\"font-weight: 400;\">\u201d.<\/span><\/p>\n<p><span style=\"color: #ff6600;\"><b>Argentina, el buen alumno<\/b><\/span><\/p>\n<p><span style=\"font-weight: 400;\">El d\u00eda anterior al cierre, Georgieva se reuni\u00f3 con el ministro Caputo asegurando que <\/span><b>se trat\u00f3 de una \u201cmuy buena reuni\u00f3n\u201d y que observ\u00f3 \u201cun alineamiento en cuanto a las prioridades en el pa\u00eds\u201d. \u201cFelicit\u00e9 a Caputo<\/b><span style=\"font-weight: 400;\"> (&#8230;) porque observamos objetivamente los indicadores econ\u00f3micos de Argentina y vemos la mejora\u201d, coment\u00f3 Georgieva.<\/span><\/p>\n<figure id=\"attachment_11941\" aria-describedby=\"caption-attachment-11941\" style=\"width: 558px\" class=\"wp-caption aligncenter\"><img loading=\"lazy\" decoding=\"async\" class=\" wp-image-11941\" src=\"https:\/\/tribunavm.com.ar\/wp-content\/uploads\/2024\/10\/Interior-caputo.png\" alt=\"\" width=\"558\" height=\"372\" srcset=\"https:\/\/tribunavm.com.ar\/wp-content\/uploads\/2024\/10\/Interior-caputo.png 758w, https:\/\/tribunavm.com.ar\/wp-content\/uploads\/2024\/10\/Interior-caputo-300x200.png 300w, https:\/\/tribunavm.com.ar\/wp-content\/uploads\/2024\/10\/Interior-caputo-750x500.png 750w\" sizes=\"(max-width: 558px) 100vw, 558px\" \/><figcaption id=\"caption-attachment-11941\" class=\"wp-caption-text\">Tambi\u00e9n participaron en la reuni\u00f3n, el secretario de Finanzas, Pablo Quirno; el secretario de Pol\u00edtica Econ\u00f3mica, Jos\u00e9 Luis Daza; el Presidente del Banco Central, Santiago Bausili; y el representante argentino ante el FMI, Leonardo Madcur; entre otros.<\/figcaption><\/figure>\n<p><span style=\"font-weight: 400;\">El ministro tambi\u00e9n particip\u00f3 en los encuentros del <\/span><b>Comit\u00e9 Monetario y Financiero Internacional (CMFI)<\/b><span style=\"font-weight: 400;\">, un espacio que asesora e informa a la Junta de Gobernadores del FMI acerca de la supervisi\u00f3n y gesti\u00f3n del sistema monetario y financiero internacional, seg\u00fan la <\/span><span style=\"color: #ff9900;\"><a style=\"color: #ff9900;\" href=\"https:\/\/www.argentina.gob.ar\/noticias\/luis-caputo-se-reunio-con-la-directora-gerente-del-fmi-kristalina-georgieva-0\"><span style=\"font-weight: 400;\">comunicaci\u00f3n oficial<\/span><\/a><\/span><span style=\"font-weight: 400;\"> del ministerio.<\/span><\/p>\n<p><span style=\"font-weight: 400;\">Adem\u00e1s, junto con la comitiva, participaron de una <\/span><b>reuni\u00f3n del Comit\u00e9 de Desarrollo del Banco Mundial; de un encuentro del G24; se reuni\u00f3 con el Viceministro de Italia, Ricardo Barbieri; y estuvo presente en el encuentro del Council on Foreign Relations (CFR),<\/b> <i><span style=\"font-weight: 400;\">Think Tank<\/span><\/i><span style=\"font-weight: 400;\"> que aborda el seguimiento sobre pol\u00edtica exterior conformado por funcionarios gubernamentales y ejecutivos de empresas.<\/span><\/p>\n<p><span style=\"color: #ff6600;\"><b>De deuda somos<\/b><\/span><\/p>\n<p><span style=\"font-weight: 400;\">En medio de un contexto econ\u00f3mico regresivo, el irrestricto el apoyo del gobierno a los <\/span><span style=\"color: #ff9900;\"><a style=\"color: #ff9900;\" href=\"https:\/\/tribunavm.com.ar\/index.php\/2024\/10\/07\/la-patria-es-la-deuda\/\"><span style=\"font-weight: 400;\">bonistas<\/span><\/a><\/span><span style=\"font-weight: 400;\"> y los <\/span><span style=\"color: #ff9900;\"><a style=\"color: #ff9900;\" href=\"https:\/\/tribunavm.com.ar\/index.php\/2024\/09\/23\/al-servicio-de-la-deuda\/\"><span style=\"font-weight: 400;\">organismos multilaterales <\/span><\/a><\/span><span style=\"font-weight: 400;\">de cr\u00e9dito, qued\u00f3 a\u00fan m\u00e1s expl\u00edcito luego de las reuniones mantenidas en Washington.\u00a0<\/span><\/p>\n<p><span style=\"font-weight: 400;\">La primera reuni\u00f3n se realiz\u00f3 con la <\/span><b>directora gerente de Operaciones del Banco Mundial, Anna Bjerde<\/b><span style=\"font-weight: 400;\">, donde <\/span><b>acordaron un nuevo pr\u00e9stamo para el sector p\u00fablico por 2.000 millones de d\u00f3lares<\/b><span style=\"font-weight: 400;\">.<\/span><\/p>\n<figure id=\"attachment_11942\" aria-describedby=\"caption-attachment-11942\" style=\"width: 588px\" class=\"wp-caption aligncenter\"><img loading=\"lazy\" decoding=\"async\" class=\" wp-image-11942\" src=\"https:\/\/tribunavm.com.ar\/wp-content\/uploads\/2024\/10\/Anna-Bjerde-con-caputo.jpg\" alt=\"\" width=\"588\" height=\"330\" srcset=\"https:\/\/tribunavm.com.ar\/wp-content\/uploads\/2024\/10\/Anna-Bjerde-con-caputo.jpg 900w, https:\/\/tribunavm.com.ar\/wp-content\/uploads\/2024\/10\/Anna-Bjerde-con-caputo-300x168.jpg 300w, https:\/\/tribunavm.com.ar\/wp-content\/uploads\/2024\/10\/Anna-Bjerde-con-caputo-768x431.jpg 768w, https:\/\/tribunavm.com.ar\/wp-content\/uploads\/2024\/10\/Anna-Bjerde-con-caputo-750x421.jpg 750w\" sizes=\"(max-width: 588px) 100vw, 588px\" \/><figcaption id=\"caption-attachment-11942\" class=\"wp-caption-text\">Anna Bjerde junto a Luis Caputo.<\/figcaption><\/figure>\n<p><span style=\"font-weight: 400;\">Tambi\u00e9n con el <\/span><b>presidente del Banco Interamericano de Desarrollo (BID), Ilan Goldfajn<\/b><span style=\"font-weight: 400;\">, quien le <\/span><b>prestar\u00e1 al pa\u00eds 2.400 millones de d\u00f3lares<\/b><span style=\"font-weight: 400;\">. Adem\u00e1s de que se \u201cpromover\u00e1 el <\/span><b>apoyo financiero de BID Invest hacia el sector privado para los pr\u00f3ximos dos a\u00f1os con financiamiento superior a los 1.400 millones de d\u00f3lares<\/b><span style=\"font-weight: 400;\">\u201d.<\/span><\/p>\n<p><span style=\"font-weight: 400;\">Otro pr\u00e9stamo destinado al sector privado se acord\u00f3 con el<\/span><b> director gerente de la Corporaci\u00f3n Financiera Internacional (CFI), Makhtar Diop, por 3.000 millones de d\u00f3lares<\/b><span style=\"font-weight: 400;\"> \u201cque ser\u00e1n destinados a estos sectores estrat\u00e9gicos\u201d.<\/span><\/p>\n<\/div>\n<div class=\"col-md-3\">\n<p>&nbsp;<\/p>\n<\/div>\n<\/div>\n","protected":false},"excerpt":{"rendered":"<p>El ministro de Econom\u00eda endeud\u00f3 al pa\u00eds nuevamente por 8.800 millones de d\u00f3lares. Los acuerdos se dieron en el marco del encuentro anual entre el FMI y el Banco Mundial en EE.UU. donde particip\u00f3 junto a una comitiva de gobierno. Mientras el presidente Javier Milei expresa no querer acudir m\u00e1s a la deuda p\u00fablica debido [&hellip;]<\/p>\n","protected":false},"author":2,"featured_media":11939,"comment_status":"open","ping_status":"open","sticky":false,"template":"","format":"standard","meta":{"_exactmetrics_skip_tracking":false,"_exactmetrics_sitenote_active":false,"_exactmetrics_sitenote_note":"","_exactmetrics_sitenote_category":0,"jnews-multi-image_gallery":[],"jnews_single_post":{"format":"standard","override":[{"template":"10","parallax":"1","fullscreen":"1","layout":"no-sidebar","sidebar":"default-sidebar","second_sidebar":"default-sidebar","sticky_sidebar":"1","share_position":"hide","share_float_style":"share-monocrhome","show_featured":"1","show_post_meta":"1","show_post_author_image":"1","show_post_date":"1","post_date_format":"custom","post_date_format_custom":"d\/m\/Y","show_post_category":"1","show_post_reading_time":"0","post_reading_time_wpm":"300","post_calculate_word_method":"str_word_count","show_zoom_button":"0","zoom_button_out_step":"2","zoom_button_in_step":"3","show_post_tag":"1","number_popup_post":"1","show_author_box":"0","show_post_related":"1"}],"image_override":[{"single_post_thumbnail_size":"crop-500","single_post_gallery_size":"crop-500"}],"trending_post_position":"meta","trending_post_label":"Trending","sponsored_post_label":"Sponsored by","disable_ad":"0"},"jnews_primary_category":[],"jnews_social_meta":[],"jnews_override_counter":{"view_counter_number":"0","share_counter_number":"0","like_counter_number":"0","dislike_counter_number":"0"},"_joinchat":[],"footnotes":""},"categories":[279],"tags":[544,52],"class_list":["post-11938","post","type-post","status-publish","format-standard","has-post-thumbnail","hentry","category-gobierno","tag-edicion-143","tag-finanzas"],"_links":{"self":[{"href":"https:\/\/tribunavm.com.ar\/index.php\/wp-json\/wp\/v2\/posts\/11938"}],"collection":[{"href":"https:\/\/tribunavm.com.ar\/index.php\/wp-json\/wp\/v2\/posts"}],"about":[{"href":"https:\/\/tribunavm.com.ar\/index.php\/wp-json\/wp\/v2\/types\/post"}],"author":[{"embeddable":true,"href":"https:\/\/tribunavm.com.ar\/index.php\/wp-json\/wp\/v2\/users\/2"}],"replies":[{"embeddable":true,"href":"https:\/\/tribunavm.com.ar\/index.php\/wp-json\/wp\/v2\/comments?post=11938"}],"version-history":[{"count":1,"href":"https:\/\/tribunavm.com.ar\/index.php\/wp-json\/wp\/v2\/posts\/11938\/revisions"}],"predecessor-version":[{"id":11943,"href":"https:\/\/tribunavm.com.ar\/index.php\/wp-json\/wp\/v2\/posts\/11938\/revisions\/11943"}],"wp:featuredmedia":[{"embeddable":true,"href":"https:\/\/tribunavm.com.ar\/index.php\/wp-json\/wp\/v2\/media\/11939"}],"wp:attachment":[{"href":"https:\/\/tribunavm.com.ar\/index.php\/wp-json\/wp\/v2\/media?parent=11938"}],"wp:term":[{"taxonomy":"category","embeddable":true,"href":"https:\/\/tribunavm.com.ar\/index.php\/wp-json\/wp\/v2\/categories?post=11938"},{"taxonomy":"post_tag","embeddable":true,"href":"https:\/\/tribunavm.com.ar\/index.php\/wp-json\/wp\/v2\/tags?post=11938"}],"curies":[{"name":"wp","href":"https:\/\/api.w.org\/{rel}","templated":true}]}}