{"id":11967,"date":"2024-11-04T00:19:07","date_gmt":"2024-11-04T00:19:07","guid":{"rendered":"https:\/\/tribunavm.com.ar\/?p=11967"},"modified":"2024-11-04T13:42:30","modified_gmt":"2024-11-04T13:42:30","slug":"las-fintech-se-consolidan-en-el-sector-financiero","status":"publish","type":"post","link":"https:\/\/tribunavm.com.ar\/index.php\/2024\/11\/04\/las-fintech-se-consolidan-en-el-sector-financiero\/","title":{"rendered":"Las fintech se consolidan en el sector financiero"},"content":{"rendered":"<div class=\"row clearfix\">\n<div class=\"col-md-8\">\n<p><span style=\"color: #212121; font-size: 1.5em; letter-spacing: -0.01em; font-family: -apple-system, BlinkMacSystemFont, 'Segoe UI', Roboto, Oxygen-Sans, Ubuntu, Cantarell, 'Helvetica Neue', sans-serif;\">Se desarroll\u00f3 la sexta edici\u00f3n del \u201cFintech Forum\u201d que cont\u00f3 con la participaci\u00f3n de billeteras virtuales, bancos, empresas cripto, organismos reguladores, entre otros.<\/span><\/p>\n<p><span style=\"font-weight: 400;\"><span class=\"dropcap \" style=\"background-color: #ffffff; color: #dd9933; border-color: #ffffff;\">El<\/span> pasado mi\u00e9rcoles 30 de octubre tuvo lugar el encuentro organizado por la <\/span><span style=\"color: #ff9900;\"><a style=\"color: #ff9900;\" href=\"https:\/\/camarafintech.org\/\"><span style=\"font-weight: 400;\">C\u00e1mara Argentina Fintech (CAF)<\/span><\/a><\/span><span style=\"font-weight: 400;\"><span style=\"color: #ff9900;\">.<\/span> La inauguraci\u00f3n qued\u00f3 a cargo del presidente del Banco Central (BCRA), <\/span><b>Santiago Bausili, <\/b><span style=\"font-weight: 400;\">quien <\/span><b>plante\u00f3: \u201cheredamos una cargada tensi\u00f3n, las <\/b><b>fintech <\/b><b>versus los bancos\u201d.<\/b><span style=\"font-weight: 400;\"> Al tiempo que sostuvo, <\/span><b>\u201cnosotros no lo vemos de esa manera\u201d.<\/b><\/p>\n<p><span style=\"font-weight: 400;\">\u201cNo nos imaginamos c\u00f3mo los bancos pueden crecer y competir sin la parte tecnol\u00f3gica, y probablemente la amplia mayor\u00eda de los proyectos tecnol\u00f3gicos tengan una vida muy limitada sin la parte financiera\u201d.<\/span><span style=\"font-weight: 400;\"> \u201cPor eso, nosotros vamos a la complementariedad, hay que trabajar en nivelar la cancha para que no se produzca esta rivalidad\u201d, explic\u00f3 el presidente del BCRA.<\/span><\/p>\n<blockquote class=\"pullquote align-right\"><p><strong><span style=\"color: #ff9900;\"><a style=\"color: #ff9900;\" href=\"https:\/\/tribunavm.com.ar\/index.php\/2024\/09\/09\/billetera-mata-banco\/\">Billetera mata banco<\/a><\/span><\/strong><\/p><\/blockquote>\n<p><span style=\"font-weight: 400;\">En el encuentro, la <\/span><b>CAF realiz\u00f3 la presentaci\u00f3n de dos iniciativas<\/b><span style=\"font-weight: 400;\">. Por un lado, el proyecto de <\/span><b><i>Open Finance<\/i><\/b><b> (Finanzas Abiertas)<\/b><span style=\"font-weight: 400;\">; por el otro, la <\/span><b><i>tokenizaci\u00f3n <\/i><\/b><b>de activos<\/b><span style=\"font-weight: 400;\">.<\/span><\/p>\n<p><span style=\"font-weight: 400;\">Pedro Inchauspe, director del Banco Central, dijo que el \u201cconcepto de Open Finance es super interesante. Trabajamos mucho en estos ejes y estamos lo suficientemente tarde frente a otros pa\u00edses, pero todav\u00eda a tiempo de aprender de sus errores (&#8230;) estamos en el momento y con la tecnolog\u00eda justa para hacerlo\u201d.<\/span><\/p>\n<p><span style=\"font-weight: 400;\">Respecto a la <\/span><i><span style=\"font-weight: 400;\">tokenizaci\u00f3n, <\/span><\/i><span style=\"font-weight: 400;\">Roberto Silva, director de la Comisi\u00f3n Nacional de Valores (CNV), aleg\u00f3 que \u201cla tokenizaci\u00f3n nos interesa (&#8230;) podemos pensar y trabajar en armar un r\u00e9gimen, donde todav\u00eda estamos trabados en algunas discusiones legales, pero tenemos ganas de avanzar en ese sentido\u201d.<\/span><\/p>\n<figure id=\"attachment_11968\" aria-describedby=\"caption-attachment-11968\" style=\"width: 1200px\" class=\"wp-caption alignnone\"><img loading=\"lazy\" decoding=\"async\" class=\"size-full wp-image-11968\" src=\"https:\/\/tribunavm.com.ar\/wp-content\/uploads\/2024\/11\/santiago-bausilli.png\" alt=\"\" width=\"1200\" height=\"800\" srcset=\"https:\/\/tribunavm.com.ar\/wp-content\/uploads\/2024\/11\/santiago-bausilli.png 1200w, https:\/\/tribunavm.com.ar\/wp-content\/uploads\/2024\/11\/santiago-bausilli-300x200.png 300w, https:\/\/tribunavm.com.ar\/wp-content\/uploads\/2024\/11\/santiago-bausilli-1024x683.png 1024w, https:\/\/tribunavm.com.ar\/wp-content\/uploads\/2024\/11\/santiago-bausilli-768x512.png 768w, https:\/\/tribunavm.com.ar\/wp-content\/uploads\/2024\/11\/santiago-bausilli-750x500.png 750w, https:\/\/tribunavm.com.ar\/wp-content\/uploads\/2024\/11\/santiago-bausilli-1140x760.png 1140w\" sizes=\"(max-width: 1200px) 100vw, 1200px\" \/><figcaption id=\"caption-attachment-11968\" class=\"wp-caption-text\">Es la primera vez desde que comenz\u00f3 a realizarse el foro de las fintech que un presidente del Banco Central participa del evento.<\/figcaption><\/figure>\n<p><span style=\"color: #ff9900;\"><b>Mundo cripto<\/b><\/span><\/p>\n<p><span style=\"font-weight: 400;\">Las criptomonedas tambi\u00e9n fueron parte del debate en el marco de un panel en el que participaron Gustavo Manr\u00edquez (Supervielle), Fabian Kon (Banco Galicia), Paula Arregui (Mercado Pago) y Pierpaolo Barbieri (Ual\u00e1).<\/span><\/p>\n<p><span style=\"font-weight: 400;\">Barbieri consider\u00f3 que &#8220;la adopci\u00f3n de criptomonedas representa una oportunidad para que los usuarios ahorren y protejan su capital, algo que el efectivo no permite en un contexto inflacionario&#8221;. &#8220;Para la nueva generaci\u00f3n, <\/span><b>Bitcoin es una especie de &#8216;oro digital&#8217;,<\/b><span style=\"font-weight: 400;\"> y tiene que estar en la oferta financiera para que los usuarios tengan m\u00e1s alternativas&#8221;, a\u00f1adi\u00f3.<\/span><\/p>\n<p><span style=\"font-weight: 400;\">Por su parte, <\/span><b>Gustavo Manriquez<\/b><span style=\"font-weight: 400;\"> sostuvo: &#8220;<\/span><b>No soy el mayor defensor de cripto, pero quiero que mis clientes tengan la opci\u00f3n de operar con cripto en Supervielle<\/b><span style=\"font-weight: 400;\">.<\/span><span style=\"font-weight: 400;\"> La libertad significa permitirles elegir, y si no lo ofrezco yo, lo buscar\u00e1n en otro lugar&#8221;.<\/span><\/p>\n<figure id=\"attachment_11969\" aria-describedby=\"caption-attachment-11969\" style=\"width: 1280px\" class=\"wp-caption alignnone\"><img loading=\"lazy\" decoding=\"async\" class=\"size-full wp-image-11969\" src=\"https:\/\/tribunavm.com.ar\/wp-content\/uploads\/2024\/11\/PIERPAOLO-BARBIERI.jpeg\" alt=\"\" width=\"1280\" height=\"852\" srcset=\"https:\/\/tribunavm.com.ar\/wp-content\/uploads\/2024\/11\/PIERPAOLO-BARBIERI.jpeg 1280w, https:\/\/tribunavm.com.ar\/wp-content\/uploads\/2024\/11\/PIERPAOLO-BARBIERI-300x200.jpeg 300w, https:\/\/tribunavm.com.ar\/wp-content\/uploads\/2024\/11\/PIERPAOLO-BARBIERI-1024x682.jpeg 1024w, https:\/\/tribunavm.com.ar\/wp-content\/uploads\/2024\/11\/PIERPAOLO-BARBIERI-768x511.jpeg 768w, https:\/\/tribunavm.com.ar\/wp-content\/uploads\/2024\/11\/PIERPAOLO-BARBIERI-750x499.jpeg 750w, https:\/\/tribunavm.com.ar\/wp-content\/uploads\/2024\/11\/PIERPAOLO-BARBIERI-1140x759.jpeg 1140w\" sizes=\"(max-width: 1280px) 100vw, 1280px\" \/><figcaption id=\"caption-attachment-11969\" class=\"wp-caption-text\">Banco Galicia fue el primer banco tradicional en habilitar la operatoria con criptomonedas el 2 de mayo del 2022. Tres d\u00edas despu\u00e9s el BCRA a trav\u00e9s de una comunicaci\u00f3n prohibi\u00f3 la operatoria.<\/figcaption><\/figure>\n<p><span style=\"color: #ff9900;\"><b>Cierre<\/b><\/span><\/p>\n<p><span style=\"font-weight: 400;\">El encargado de cerrar el evento fue <\/span><b>Federico Sturzenegger<\/b><span style=\"font-weight: 400;\">, ministro de Desregulaci\u00f3n y Transformaci\u00f3n del Estado, quien areng\u00f3 ante los presentes que actualmente \u201cel nivel de actividad econ\u00f3mica es m\u00e1s alto que cuando asumi\u00f3 Milei\u201d explicado, en parte, por \u201cla baja del gasto p\u00fablico\u201d.<\/span><\/p>\n<p><span style=\"font-weight: 400;\">\u201cLa estabilidad macro que empieza a sentirse, se consolida de manera muy sostenida y muy fuerte el pr\u00f3ximo a\u00f1o porque <\/span><b>se atac\u00f3 el coraz\u00f3n del problema, que es lo fiscal<\/b><span style=\"font-weight: 400;\">\u201d, ampli\u00f3 Sturzenegger.<\/span><\/p>\n<p><span style=\"font-weight: 400;\">El ministro record\u00f3 su \u00e9poca al frente del BCRA al sostener que en su gesti\u00f3n se neg\u00f3 a regular la industria fintech porque \u201cno ve\u00eda ning\u00fan riesgo a tutelar. <\/span><b>Los bancos nos pusieron mucha presi\u00f3n para que los regulemos y los liquidemos\u201d<\/b><span style=\"font-weight: 400;\">, se\u00f1al\u00f3.<\/span><\/p>\n<p><span style=\"font-weight: 400;\">A partir de all\u00ed, Sturzenegger carg\u00f3 contra los bancos dirigi\u00e9ndose a los presentes: \u201custedes\u00a0 resistieron la presi\u00f3n de los bancos, que no quer\u00edan que este ecosistema prosperara. Por suerte no les dimos bola\u201d.\u00a0<\/span><\/p>\n<p><span style=\"font-weight: 400;\">Adem\u00e1s consider\u00f3 que los bancos \u201cestuvieron mucho tiempo c\u00f3modos viviendo del impuesto inflacionario\u201d, pero \u201ccuando baje la tasa de inflaci\u00f3n, ese modelo de negocios desaparece\u201d. Ah\u00ed ya \u201cno van a poder financiar su ecuaci\u00f3n econ\u00f3mica pagando cero e invirtiendo en activos que ya nominalmente van a rendir poco\u201d, entonces \u201cse van a terminar transformando en bancos. Van a tener que salir a buscar a los depositantes\u201d, concluy\u00f3.<\/span><\/p>\n<\/div>\n<div class=\"col-md-3\">\n<p>&nbsp;<\/p>\n<\/div>\n<\/div>\n","protected":false},"excerpt":{"rendered":"<p>Se desarroll\u00f3 la sexta edici\u00f3n del \u201cFintech Forum\u201d que cont\u00f3 con la participaci\u00f3n de billeteras virtuales, bancos, empresas cripto, organismos reguladores, entre otros.<\/p>\n","protected":false},"author":2,"featured_media":11970,"comment_status":"open","ping_status":"open","sticky":false,"template":"","format":"standard","meta":{"_exactmetrics_skip_tracking":false,"_exactmetrics_sitenote_active":false,"_exactmetrics_sitenote_note":"","_exactmetrics_sitenote_category":0,"jnews-multi-image_gallery":[],"jnews_single_post":{"format":"standard","override":[{"template":"10","parallax":"1","fullscreen":"1","layout":"no-sidebar","sidebar":"default-sidebar","second_sidebar":"default-sidebar","sticky_sidebar":"1","share_position":"hide","share_float_style":"share-monocrhome","show_featured":"1","show_post_meta":"1","show_post_author_image":"1","show_post_date":"1","post_date_format":"custom","post_date_format_custom":"d\/m\/Y","show_post_category":"1","show_post_reading_time":"0","post_reading_time_wpm":"300","post_calculate_word_method":"str_word_count","show_zoom_button":"0","zoom_button_out_step":"2","zoom_button_in_step":"3","show_post_tag":"1","number_popup_post":"1","show_author_box":"0","show_post_related":"1"}],"image_override":[{"single_post_thumbnail_size":"crop-500","single_post_gallery_size":"crop-500"}],"trending_post_position":"meta","trending_post_label":"Trending","sponsored_post_label":"Sponsored by","disable_ad":"0"},"jnews_primary_category":[],"jnews_social_meta":[],"jnews_override_counter":{"view_counter_number":"0","share_counter_number":"0","like_counter_number":"0","dislike_counter_number":"0"},"_joinchat":[],"footnotes":""},"categories":[278],"tags":[544,52],"class_list":["post-11967","post","type-post","status-publish","format-standard","has-post-thumbnail","hentry","category-economia","tag-edicion-143","tag-finanzas"],"_links":{"self":[{"href":"https:\/\/tribunavm.com.ar\/index.php\/wp-json\/wp\/v2\/posts\/11967"}],"collection":[{"href":"https:\/\/tribunavm.com.ar\/index.php\/wp-json\/wp\/v2\/posts"}],"about":[{"href":"https:\/\/tribunavm.com.ar\/index.php\/wp-json\/wp\/v2\/types\/post"}],"author":[{"embeddable":true,"href":"https:\/\/tribunavm.com.ar\/index.php\/wp-json\/wp\/v2\/users\/2"}],"replies":[{"embeddable":true,"href":"https:\/\/tribunavm.com.ar\/index.php\/wp-json\/wp\/v2\/comments?post=11967"}],"version-history":[{"count":1,"href":"https:\/\/tribunavm.com.ar\/index.php\/wp-json\/wp\/v2\/posts\/11967\/revisions"}],"predecessor-version":[{"id":11971,"href":"https:\/\/tribunavm.com.ar\/index.php\/wp-json\/wp\/v2\/posts\/11967\/revisions\/11971"}],"wp:featuredmedia":[{"embeddable":true,"href":"https:\/\/tribunavm.com.ar\/index.php\/wp-json\/wp\/v2\/media\/11970"}],"wp:attachment":[{"href":"https:\/\/tribunavm.com.ar\/index.php\/wp-json\/wp\/v2\/media?parent=11967"}],"wp:term":[{"taxonomy":"category","embeddable":true,"href":"https:\/\/tribunavm.com.ar\/index.php\/wp-json\/wp\/v2\/categories?post=11967"},{"taxonomy":"post_tag","embeddable":true,"href":"https:\/\/tribunavm.com.ar\/index.php\/wp-json\/wp\/v2\/tags?post=11967"}],"curies":[{"name":"wp","href":"https:\/\/api.w.org\/{rel}","templated":true}]}}