{"id":11973,"date":"2024-11-04T00:26:56","date_gmt":"2024-11-04T00:26:56","guid":{"rendered":"https:\/\/tribunavm.com.ar\/?p=11973"},"modified":"2024-11-02T21:37:40","modified_gmt":"2024-11-02T21:37:40","slug":"pais-en-venta","status":"publish","type":"post","link":"https:\/\/tribunavm.com.ar\/index.php\/2024\/11\/04\/pais-en-venta\/","title":{"rendered":"Pa\u00eds en venta"},"content":{"rendered":"<div class=\"row clearfix\">\n<div class=\"col-md-8\">\n<p><span style=\"color: #212121; font-size: 1.5em; letter-spacing: -0.01em; font-family: -apple-system, BlinkMacSystemFont, 'Segoe UI', Roboto, Oxygen-Sans, Ubuntu, Cantarell, 'Helvetica Neue', sans-serif;\">La agenda de las privatizaciones del Gobierno Nacional avanza con el Belgrano Cargas y bandas de espectro del 5G.<\/span><\/p>\n<p><span style=\"font-weight: 400;\"><span class=\"dropcap \" style=\"background-color: #ffffff; color: #dd9933; border-color: #ffffff;\">E<\/span>l pasado mi\u00e9rcoles, a trav\u00e9s de un <\/span><span style=\"color: #ff9900;\"><a style=\"color: #ff9900;\" href=\"https:\/\/www.argentina.gob.ar\/noticias\/comunicado-oficial-numero-64\"><span style=\"font-weight: 400;\">comunicado<\/span><\/a><\/span><span style=\"font-weight: 400;\">, el Gobierno anunci\u00f3 la privatizaci\u00f3n de Trenes Argentinos Cargas, empresa p\u00fablica conocida como Belgrano Cargas que opera tres l\u00edneas ferroviarias: la hom\u00f3nima Belgrano, la San Mart\u00edn y la Urquiza.<\/span><\/p>\n<p><span style=\"font-weight: 400;\">La concesi\u00f3n involucra las operaciones sobre los 7.600 km de v\u00edas, manteniendo los rieles y tierras como propiedad del Estado.<\/span><\/p>\n<p><span style=\"font-weight: 400;\">\u201cEste Gobierno va a privatizar todo lo que se pueda privatizar, y va a pasarle al sector privado para que funcione eficazmente todo lo que le pueda pasar al sector privado. Se termin\u00f3 el Estado empresario\u201d, indic\u00f3 la Oficina del Presidente.<\/span><\/p>\n<p><span style=\"font-weight: 400;\">En conferencia de prensa, el vocero Manuel Adorni justific\u00f3 la decisi\u00f3n al se\u00f1alar que la empresa precis\u00f3 transferencias del Gobierno equivalentes a 112 millones de d\u00f3lares y termin\u00f3 2023 con un d\u00e9ficit de casi $30.000 millones.<\/span><\/p>\n<figure id=\"attachment_11974\" aria-describedby=\"caption-attachment-11974\" style=\"width: 1200px\" class=\"wp-caption alignnone\"><img loading=\"lazy\" decoding=\"async\" class=\"size-full wp-image-11974\" src=\"https:\/\/tribunavm.com.ar\/wp-content\/uploads\/2024\/11\/diego-chaher-y-manuel-adornijpg.webp\" alt=\"\" width=\"1200\" height=\"675\" srcset=\"https:\/\/tribunavm.com.ar\/wp-content\/uploads\/2024\/11\/diego-chaher-y-manuel-adornijpg.webp 1200w, https:\/\/tribunavm.com.ar\/wp-content\/uploads\/2024\/11\/diego-chaher-y-manuel-adornijpg-300x169.webp 300w, https:\/\/tribunavm.com.ar\/wp-content\/uploads\/2024\/11\/diego-chaher-y-manuel-adornijpg-1024x576.webp 1024w, https:\/\/tribunavm.com.ar\/wp-content\/uploads\/2024\/11\/diego-chaher-y-manuel-adornijpg-768x432.webp 768w, https:\/\/tribunavm.com.ar\/wp-content\/uploads\/2024\/11\/diego-chaher-y-manuel-adornijpg-750x422.webp 750w, https:\/\/tribunavm.com.ar\/wp-content\/uploads\/2024\/11\/diego-chaher-y-manuel-adornijpg-1140x641.webp 1140w\" sizes=\"(max-width: 1200px) 100vw, 1200px\" \/><figcaption id=\"caption-attachment-11974\" class=\"wp-caption-text\">Chaher y Adorni, en conferencia de prensa.<\/figcaption><\/figure>\n<p><span style=\"font-weight: 400;\">Diego Chaher, titular de la Agencia de Transformaci\u00f3n de Empresas P\u00fablicas, form\u00f3 parte de la conferencia en la que asegur\u00f3 que \u201ceste modelo triplicar\u00e1 el volumen de carga transportada, ya que se incrementar\u00e1 la cantidad de trenes y sus frecuencias\u201d.<\/span><\/p>\n<p><span style=\"font-weight: 400;\">Esta red ferroviaria atraviesa 17 provincias del noroeste y centro del pa\u00eds. Seg\u00fan la Comisi\u00f3n Nacional de Regulaci\u00f3n del Transporte (CNRT), el a\u00f1o pasado se transportaron 19 millones de toneladas de carga por ferrocarril. Casi un 40% corresponde a granos; un 27,4%, a minerales y materiales de construcci\u00f3n; y un 10% a subproductos agrarios.<\/span><\/p>\n<p><span style=\"font-weight: 400;\">La l\u00ednea San Mart\u00edn representa el 20% del mercado de transporte de cargas ferroviario; la l\u00ednea Belgrano, el 14%; y la Urquiza, el 3%. Por ende, la empresa estatal representa el 37% del transporte de cargas en vias, seguida por NCA SA (l\u00ednea Mitre), que concentra el 25% del mercado; FSR SA (l\u00ednea Roca), con el 22%; y la FEP SA, que administra el corredor Rosario-Bah\u00eda Blanca, el 14%. El 2% restante corresponde al Tren Patag\u00f3nico, de reciente puesta en funcionamiento.<\/span><\/p>\n<figure id=\"attachment_11975\" aria-describedby=\"caption-attachment-11975\" style=\"width: 359px\" class=\"wp-caption aligncenter\"><img loading=\"lazy\" decoding=\"async\" class=\"wp-image-11975 size-full\" src=\"https:\/\/tribunavm.com.ar\/wp-content\/uploads\/2024\/11\/logistica_trenes_1.png\" alt=\"\" width=\"359\" height=\"287\" srcset=\"https:\/\/tribunavm.com.ar\/wp-content\/uploads\/2024\/11\/logistica_trenes_1.png 359w, https:\/\/tribunavm.com.ar\/wp-content\/uploads\/2024\/11\/logistica_trenes_1-300x240.png 300w\" sizes=\"(max-width: 359px) 100vw, 359px\" \/><figcaption id=\"caption-attachment-11975\" class=\"wp-caption-text\">Mapa de red ferroviaria de cargas (2020). Fuente: Bolsa de Comercio de Rosario.<\/figcaption><\/figure>\n<p><span style=\"font-weight: 400;\">\u201cEs muy prematuro poder calificar el proceso de privatizaci\u00f3n. Hay una realidad y es que el sistema integral del transporte ferroviario en Argentina tiene que reconfigurarse\u201d sostuvo Sergio Sasia, secretario general de la Uni\u00f3n Ferroviaria, en declaraciones a la prensa. En dicho marco, el dirigente asegur\u00f3 la existencia de un di\u00e1logo con el Gobierno y confirm\u00f3 su no adhesi\u00f3n al paro nacional de transporte del 30 de octubre.<\/span><\/p>\n<p><span style=\"color: #ff9900;\"><b>Telecomunicaciones<\/b><\/span><\/p>\n<p><span style=\"font-weight: 400;\">A su vez, Manuel Adorni, anunci\u00f3 que el Gobierno tom\u00f3 la decisi\u00f3n de licitar porciones del espectro radioel\u00e9ctrico en manos de la estatal Arsat (100 Mhz) y del Ente Nacional de Comunicaciones (Enacom) 50 Mhz, para que vengan \u201cinversiones para mejorar el servicio de telecomunicaciones\u201d.<\/span><\/p>\n<p><span style=\"font-weight: 400;\">En este marco, mencion\u00f3 que una auditor\u00eda relev\u00f3 deudas por m\u00e1s de $3 mil millones por parte de las empresas que operan en el sistema de telecomunicaci\u00f3n en concepto de aportes al fondo de inversi\u00f3n, como Telef\u00f3nica y Telecom. \u201cEste trabajo dej\u00f3 en evidencia que el Enacom omiti\u00f3 intimar a las empresas, fall\u00f3 en el control e incurri\u00f3 en una demora\u201d para hacer cumplir el reglamento, indic\u00f3 Adorni.<\/span><\/p>\n<\/div>\n<\/div>\n","protected":false},"excerpt":{"rendered":"<p>La agenda de las privatizaciones del Gobierno avanza con el Belgrano Cargas y bandas de espectro del 5G.<\/p>\n","protected":false},"author":2,"featured_media":11976,"comment_status":"open","ping_status":"open","sticky":false,"template":"","format":"standard","meta":{"_exactmetrics_skip_tracking":false,"_exactmetrics_sitenote_active":false,"_exactmetrics_sitenote_note":"","_exactmetrics_sitenote_category":0,"jnews-multi-image_gallery":[],"jnews_single_post":{"format":"standard","override":[{"template":"10","parallax":"1","fullscreen":"1","layout":"no-sidebar","sidebar":"default-sidebar","second_sidebar":"default-sidebar","sticky_sidebar":"1","share_position":"hide","share_float_style":"share-monocrhome","show_featured":"1","show_post_meta":"1","show_post_author_image":"1","show_post_date":"1","post_date_format":"custom","post_date_format_custom":"d\/m\/Y","show_post_category":"1","show_post_reading_time":"0","post_reading_time_wpm":"300","post_calculate_word_method":"str_word_count","show_zoom_button":"0","zoom_button_out_step":"2","zoom_button_in_step":"3","show_post_tag":"1","number_popup_post":"1","show_author_box":"0","show_post_related":"1"}],"image_override":[{"single_post_thumbnail_size":"crop-500","single_post_gallery_size":"crop-500"}],"trending_post_position":"meta","trending_post_label":"Trending","sponsored_post_label":"Sponsored by","disable_ad":"0"},"jnews_primary_category":[],"jnews_social_meta":[],"jnews_override_counter":{"view_counter_number":"0","share_counter_number":"0","like_counter_number":"0","dislike_counter_number":"0"},"_joinchat":[],"footnotes":""},"categories":[279],"tags":[82,544,87],"class_list":["post-11973","post","type-post","status-publish","format-standard","has-post-thumbnail","hentry","category-gobierno","tag-comunicacion","tag-edicion-143","tag-transporte"],"_links":{"self":[{"href":"https:\/\/tribunavm.com.ar\/index.php\/wp-json\/wp\/v2\/posts\/11973"}],"collection":[{"href":"https:\/\/tribunavm.com.ar\/index.php\/wp-json\/wp\/v2\/posts"}],"about":[{"href":"https:\/\/tribunavm.com.ar\/index.php\/wp-json\/wp\/v2\/types\/post"}],"author":[{"embeddable":true,"href":"https:\/\/tribunavm.com.ar\/index.php\/wp-json\/wp\/v2\/users\/2"}],"replies":[{"embeddable":true,"href":"https:\/\/tribunavm.com.ar\/index.php\/wp-json\/wp\/v2\/comments?post=11973"}],"version-history":[{"count":1,"href":"https:\/\/tribunavm.com.ar\/index.php\/wp-json\/wp\/v2\/posts\/11973\/revisions"}],"predecessor-version":[{"id":11977,"href":"https:\/\/tribunavm.com.ar\/index.php\/wp-json\/wp\/v2\/posts\/11973\/revisions\/11977"}],"wp:featuredmedia":[{"embeddable":true,"href":"https:\/\/tribunavm.com.ar\/index.php\/wp-json\/wp\/v2\/media\/11976"}],"wp:attachment":[{"href":"https:\/\/tribunavm.com.ar\/index.php\/wp-json\/wp\/v2\/media?parent=11973"}],"wp:term":[{"taxonomy":"category","embeddable":true,"href":"https:\/\/tribunavm.com.ar\/index.php\/wp-json\/wp\/v2\/categories?post=11973"},{"taxonomy":"post_tag","embeddable":true,"href":"https:\/\/tribunavm.com.ar\/index.php\/wp-json\/wp\/v2\/tags?post=11973"}],"curies":[{"name":"wp","href":"https:\/\/api.w.org\/{rel}","templated":true}]}}