{"id":12014,"date":"2024-11-04T00:12:48","date_gmt":"2024-11-04T00:12:48","guid":{"rendered":"https:\/\/tribunavm.com.ar\/?p=12014"},"modified":"2024-11-04T13:43:04","modified_gmt":"2024-11-04T13:43:04","slug":"luchar","status":"publish","type":"post","link":"https:\/\/tribunavm.com.ar\/index.php\/2024\/11\/04\/luchar\/","title":{"rendered":"La \u00fanica opci\u00f3n es luchar"},"content":{"rendered":"<div class=\"row clearfix\">\n<div class=\"col-md-8\">\n<p><span style=\"font-weight: 400;\"><span class=\"dropcap \" style=\"background-color: #ffffff; color: #dd9933; border-color: #ffffff;\">L<\/span>os grandes empresarios y pol\u00edticos celebraron sus encuentros para analizar el contexto y planificar estrategias de cara al futuro. En estos espacios, ejercen presi\u00f3n para que las pol\u00edticas respondan a sus intereses compitiendo ferozmente por obtener la mayor tajada del \u201cajuste del Estado\u201d y el \u201csuper\u00e1vit fiscal\u201d.<\/span><\/p>\n<p><span style=\"font-weight: 400;\">Tambi\u00e9n est\u00e1n quienes proponen a los trabajadores la v\u00eda del di\u00e1logo y el consenso para contener el conflicto que generan estas pol\u00edticas. No obstante, el ajuste, la explotaci\u00f3n y la represi\u00f3n promovidos por el r\u00e9gimen son tan evidentes que incluso ellos mismos terminan atrapados en la contradicci\u00f3n, erosionando la confianza en sus propuestas.<\/span><\/p>\n<p><span style=\"font-weight: 400;\">Sin embargo, el bot\u00edn m\u00e1s significativo no se disputa en esas reuniones, sino en los mercados burs\u00e1tiles, en el endeudamiento p\u00fablico, en los negocios del comercio exterior y en las fluctuaciones de las monedas.\u00a0<\/span><\/p>\n<p><span style=\"font-weight: 400;\">La verdadera orientaci\u00f3n pol\u00edtica se decide all\u00ed, en el \u00e1mbito financiero y en las transacciones de exportaci\u00f3n que estos sectores impulsan. Con ese marco, las fintech y los bancos disputan porcentajes de sus ganancias y la deuda p\u00fablica estrangula la pol\u00edtica de distribuci\u00f3n de los recursos en el pa\u00eds.<\/span><\/p>\n<p><span style=\"font-weight: 400;\">En ese espacio, las distintas fracciones luchan por apropiarse de la fuerza de trabajo del pueblo. Esto genera un escenario dual: por un lado, pobreza y explotaci\u00f3n para los trabajadores; por otro, ganancias exorbitantes para los fondos de inversi\u00f3n y las corporaciones que financian.<\/span><\/p>\n<p><span style=\"font-weight: 400;\">Parecen ser inabarcables las razones atribuidas a la situaci\u00f3n que vivimos, pero la ra\u00edz del problema es una y radica en el conflicto de poder entre las clases. Desde all\u00ed, ser\u00e1 su resoluci\u00f3n: s\u00f3lo la lucha podr\u00e1 revertir esta situaci\u00f3n.<\/span><\/p>\n<\/div>\n<\/div>\n","protected":false},"excerpt":{"rendered":"<p>Los grandes empresarios y pol\u00edticos celebraron sus encuentros para analizar el contexto y planificar estrategias de cara al futuro. En estos espacios, ejercen presi\u00f3n para que las pol\u00edticas respondan a sus intereses compitiendo ferozmente por obtener la mayor tajada del \u201cajuste del Estado\u201d y el \u201csuper\u00e1vit fiscal\u201d.<\/p>\n","protected":false},"author":2,"featured_media":0,"comment_status":"open","ping_status":"open","sticky":false,"template":"","format":"standard","meta":{"_exactmetrics_skip_tracking":false,"_exactmetrics_sitenote_active":false,"_exactmetrics_sitenote_note":"","_exactmetrics_sitenote_category":0,"jnews-multi-image_gallery":[],"jnews_single_post":{"format":"standard","override":[{"template":"10","parallax":"1","fullscreen":"1","layout":"no-sidebar","sidebar":"default-sidebar","second_sidebar":"default-sidebar","sticky_sidebar":"1","share_position":"hide","share_float_style":"share-monocrhome","show_featured":"1","show_post_meta":"1","show_post_author_image":"1","show_post_date":"1","post_date_format":"custom","post_date_format_custom":"d\/m\/Y","show_post_category":"1","show_post_reading_time":"0","post_reading_time_wpm":"300","post_calculate_word_method":"str_word_count","show_zoom_button":"0","zoom_button_out_step":"2","zoom_button_in_step":"3","show_post_tag":"1","number_popup_post":"1","show_author_box":"0","show_post_related":"1"}],"image_override":[{"single_post_thumbnail_size":"crop-500","single_post_gallery_size":"crop-500"}],"trending_post_position":"meta","trending_post_label":"Trending","sponsored_post_label":"Sponsored by","disable_ad":"0"},"jnews_primary_category":[],"jnews_social_meta":[],"jnews_override_counter":{"view_counter_number":"0","share_counter_number":"0","like_counter_number":"0","dislike_counter_number":"0"},"_joinchat":[],"footnotes":""},"categories":[26],"tags":[544],"class_list":["post-12014","post","type-post","status-publish","format-standard","hentry","category-editorial","tag-edicion-143"],"_links":{"self":[{"href":"https:\/\/tribunavm.com.ar\/index.php\/wp-json\/wp\/v2\/posts\/12014"}],"collection":[{"href":"https:\/\/tribunavm.com.ar\/index.php\/wp-json\/wp\/v2\/posts"}],"about":[{"href":"https:\/\/tribunavm.com.ar\/index.php\/wp-json\/wp\/v2\/types\/post"}],"author":[{"embeddable":true,"href":"https:\/\/tribunavm.com.ar\/index.php\/wp-json\/wp\/v2\/users\/2"}],"replies":[{"embeddable":true,"href":"https:\/\/tribunavm.com.ar\/index.php\/wp-json\/wp\/v2\/comments?post=12014"}],"version-history":[{"count":2,"href":"https:\/\/tribunavm.com.ar\/index.php\/wp-json\/wp\/v2\/posts\/12014\/revisions"}],"predecessor-version":[{"id":12021,"href":"https:\/\/tribunavm.com.ar\/index.php\/wp-json\/wp\/v2\/posts\/12014\/revisions\/12021"}],"wp:attachment":[{"href":"https:\/\/tribunavm.com.ar\/index.php\/wp-json\/wp\/v2\/media?parent=12014"}],"wp:term":[{"taxonomy":"category","embeddable":true,"href":"https:\/\/tribunavm.com.ar\/index.php\/wp-json\/wp\/v2\/categories?post=12014"},{"taxonomy":"post_tag","embeddable":true,"href":"https:\/\/tribunavm.com.ar\/index.php\/wp-json\/wp\/v2\/tags?post=12014"}],"curies":[{"name":"wp","href":"https:\/\/api.w.org\/{rel}","templated":true}]}}