{"id":12030,"date":"2024-11-11T23:02:13","date_gmt":"2024-11-11T23:02:13","guid":{"rendered":"https:\/\/tribunavm.com.ar\/?p=12030"},"modified":"2024-11-19T12:33:47","modified_gmt":"2024-11-19T12:33:47","slug":"ate-convoca-a-un-corte-de-autopista","status":"publish","type":"post","link":"https:\/\/tribunavm.com.ar\/index.php\/2024\/11\/11\/ate-convoca-a-un-corte-de-autopista\/","title":{"rendered":"ATE convoca a un corte de autopista"},"content":{"rendered":"<div class=\"row clearfix\">\n<div class=\"col-md-8\">\n<p><span style=\"color: #212121; font-size: 1.5em; letter-spacing: -0.01em;\">Los trabajadores de Fabricaciones Militares realizar\u00e1n la medida el mi\u00e9rcoles 20 de noviembre para hacer frente al vaciamiento de la empresa.<\/span><\/p>\n<p><span style=\"font-weight: 400;\"><span class=\"dropcap \" style=\"background-color: #ffffff; color: #dd9933; border-color: #ffffff;\">L<\/span>a Asociaci\u00f3n de Trabajadores del Estado (ATE) de la seccional Villa Maria anunci\u00f3 un corte de ruta en la autopista C\u00f3rdoba-Rosario a la altura de la calle Buenos Aires el mi\u00e9rcoles 20 de noviembre. La acci\u00f3n de reclamo se defini\u00f3 en una reuni\u00f3n que mantuvieron la semana pasada los representantes del sindicato en el Consejo Directivo Provincial.\u00a0<\/span><\/p>\n<blockquote class=\"pullquote align-right\"><p><strong><span style=\"color: #ff9900;\"><a style=\"color: #ff9900;\" href=\"https:\/\/tribunavm.com.ar\/index.php\/2024\/11\/04\/estatales-en-estado-de-alerta\/\">Estatales en estado de alerta<\/a><\/span><\/strong><\/p><\/blockquote>\n<p><span style=\"font-weight: 400;\">La secretaria gremial del sindicato, Silvana Torres, mencion\u00f3 a Tribuna que ya tienen confirmada la presencia de las seccionales de ATE de R\u00edo Tercero y C\u00f3rdoba, adem\u00e1s de la asistencia de trabajadores de Fabricaciones de Santa Fe, los trabajadores de la Petroqu\u00edmica R\u00edo Tercero y otros representantes gremiales de CGT Villa Maria. Tambi\u00e9n, esperan y convocan el acompa\u00f1amiento de universitarios y trabajadores de otros sectores de la ciudad.\u00a0<\/span><\/p>\n<p><span style=\"font-weight: 400;\">\u201cCreemos que va a ser una movida grande y esperamos que tenga la repercusi\u00f3n que estamos buscando\u201d mencion\u00f3 Torres. Adem\u00e1s agreg\u00f3 que \u201c<\/span><b>el corte se va a llevar a cabo el d\u00eda de la soberan\u00eda nacional en referencia al vaciamiento que est\u00e1n transitando en Fabricaciones Militares<\/b><span style=\"font-weight: 400;\">\u201d.<\/span><\/p>\n<figure id=\"attachment_12031\" aria-describedby=\"caption-attachment-12031\" style=\"width: 724px\" class=\"wp-caption alignnone\"><img loading=\"lazy\" decoding=\"async\" class=\"wp-image-12031 size-large\" src=\"https:\/\/tribunavm.com.ar\/wp-content\/uploads\/2024\/11\/interior-724x1024.jpeg\" alt=\"\" width=\"724\" height=\"1024\" srcset=\"https:\/\/tribunavm.com.ar\/wp-content\/uploads\/2024\/11\/interior-724x1024.jpeg 724w, https:\/\/tribunavm.com.ar\/wp-content\/uploads\/2024\/11\/interior-212x300.jpeg 212w, https:\/\/tribunavm.com.ar\/wp-content\/uploads\/2024\/11\/interior-768x1086.jpeg 768w, https:\/\/tribunavm.com.ar\/wp-content\/uploads\/2024\/11\/interior-1086x1536.jpeg 1086w, https:\/\/tribunavm.com.ar\/wp-content\/uploads\/2024\/11\/interior-750x1061.jpeg 750w, https:\/\/tribunavm.com.ar\/wp-content\/uploads\/2024\/11\/interior.jpeg 1131w\" sizes=\"(max-width: 724px) 100vw, 724px\" \/><figcaption id=\"caption-attachment-12031\" class=\"wp-caption-text\">Flyer de convocatoria de ATE.<\/figcaption><\/figure>\n<p><span style=\"color: #ff9900;\"><b>Panorama de Fabricaciones Militares<\/b><\/span><\/p>\n<p><span style=\"font-weight: 400;\">El pasado viernes ATE emiti\u00f3 un <\/span><span style=\"color: #ff9900;\"><a style=\"color: #ff9900;\" href=\"https:\/\/www.instagram.com\/p\/DCIPpgQxrA5\/?igsh=MTlueDFra2V6MHdxMg%3D%3D\"><span style=\"font-weight: 400;\">comunicado <\/span><\/a><\/span><span style=\"font-weight: 400;\">a trav\u00e9s de sus redes sociales en el que informaron que recibieron una notificaci\u00f3n acerca de que la empresa Fabricaciones Militares (FM) est\u00e1 atravesando un proceso de transformaci\u00f3n de Sociedad del Estado a Sociedad An\u00f3nima Unipersonal (SAU).<\/span><\/p>\n<p><span style=\"font-weight: 400;\">Adem\u00e1s agregan que en la comunicaci\u00f3n oficial les mencionaron que el objetivo de este cambio es \u201cdotar a la empresa de mayor agilidad y flexibilidad&#8221; para competir en el mercado por lo cual la empresa comenzar\u00e1\u00a0 a operar &#8220;seg\u00fan las normas del derecho privado&#8221;.<\/span><\/p>\n<p><span style=\"font-weight: 400;\">En este marco, ATE inici\u00f3 la convocatoria a una medida de reclamo el mi\u00e9rcoles 20 en la ruta nacional N\u00ba 9. \u201c<\/span><b>Consideramos fundamental difundir este panorama a todos nuestros afiliados, trabajadores de FM Villa Mar\u00eda, y sociedad villamariense en general, para dar a conocer el momento que vive nuestra industria naciona<\/b><span style=\"font-weight: 400;\">l\u201d, concluyeron.\u00a0<\/span><\/p>\n<\/div>\n<\/div>\n","protected":false},"excerpt":{"rendered":"<p>Los trabajadores de Fabricaciones Militares realizar\u00e1n la medida el mi\u00e9rcoles 20 de noviembre para hacer frente al vaciamiento de la empresa.<\/p>\n","protected":false},"author":2,"featured_media":12034,"comment_status":"open","ping_status":"open","sticky":false,"template":"","format":"standard","meta":{"_exactmetrics_skip_tracking":false,"_exactmetrics_sitenote_active":false,"_exactmetrics_sitenote_note":"","_exactmetrics_sitenote_category":0,"jnews-multi-image_gallery":[],"jnews_single_post":{"format":"standard","override":[{"template":"10","parallax":"1","fullscreen":"1","layout":"no-sidebar","sidebar":"default-sidebar","second_sidebar":"default-sidebar","sticky_sidebar":"1","share_position":"hide","share_float_style":"share-monocrhome","show_featured":"1","show_post_meta":"1","show_post_author_image":"1","show_post_date":"1","post_date_format":"custom","post_date_format_custom":"d\/m\/Y","show_post_category":"1","show_post_reading_time":"0","post_reading_time_wpm":"300","post_calculate_word_method":"str_word_count","show_zoom_button":"0","zoom_button_out_step":"2","zoom_button_in_step":"3","show_post_tag":"1","number_popup_post":"1","show_author_box":"0","show_post_related":"1"}],"image_override":[{"single_post_thumbnail_size":"crop-500","single_post_gallery_size":"crop-500"}],"trending_post_position":"meta","trending_post_label":"Trending","sponsored_post_label":"Sponsored by","disable_ad":"0"},"jnews_primary_category":[],"jnews_social_meta":[],"jnews_override_counter":{"view_counter_number":"0","share_counter_number":"0","like_counter_number":"0","dislike_counter_number":"0"},"_joinchat":[],"footnotes":""},"categories":[27,22],"tags":[547,42],"class_list":["post-12030","post","type-post","status-publish","format-standard","has-post-thumbnail","hentry","category-local","category-actualidad","tag-estatal","tag-industria"],"_links":{"self":[{"href":"https:\/\/tribunavm.com.ar\/index.php\/wp-json\/wp\/v2\/posts\/12030"}],"collection":[{"href":"https:\/\/tribunavm.com.ar\/index.php\/wp-json\/wp\/v2\/posts"}],"about":[{"href":"https:\/\/tribunavm.com.ar\/index.php\/wp-json\/wp\/v2\/types\/post"}],"author":[{"embeddable":true,"href":"https:\/\/tribunavm.com.ar\/index.php\/wp-json\/wp\/v2\/users\/2"}],"replies":[{"embeddable":true,"href":"https:\/\/tribunavm.com.ar\/index.php\/wp-json\/wp\/v2\/comments?post=12030"}],"version-history":[{"count":3,"href":"https:\/\/tribunavm.com.ar\/index.php\/wp-json\/wp\/v2\/posts\/12030\/revisions"}],"predecessor-version":[{"id":12132,"href":"https:\/\/tribunavm.com.ar\/index.php\/wp-json\/wp\/v2\/posts\/12030\/revisions\/12132"}],"wp:featuredmedia":[{"embeddable":true,"href":"https:\/\/tribunavm.com.ar\/index.php\/wp-json\/wp\/v2\/media\/12034"}],"wp:attachment":[{"href":"https:\/\/tribunavm.com.ar\/index.php\/wp-json\/wp\/v2\/media?parent=12030"}],"wp:term":[{"taxonomy":"category","embeddable":true,"href":"https:\/\/tribunavm.com.ar\/index.php\/wp-json\/wp\/v2\/categories?post=12030"},{"taxonomy":"post_tag","embeddable":true,"href":"https:\/\/tribunavm.com.ar\/index.php\/wp-json\/wp\/v2\/tags?post=12030"}],"curies":[{"name":"wp","href":"https:\/\/api.w.org\/{rel}","templated":true}]}}