{"id":12052,"date":"2024-11-18T00:00:44","date_gmt":"2024-11-18T00:00:44","guid":{"rendered":"https:\/\/tribunavm.com.ar\/?p=12052"},"modified":"2024-11-18T16:38:04","modified_gmt":"2024-11-18T16:38:04","slug":"el-regreso-de-trump-a-la-casa-blanca","status":"publish","type":"post","link":"https:\/\/tribunavm.com.ar\/index.php\/2024\/11\/18\/el-regreso-de-trump-a-la-casa-blanca\/","title":{"rendered":"El regreso de Trump a la Casa Blanca"},"content":{"rendered":"<div class=\"row clearfix\">\n<div class=\"col-md-8\">\n<p><span style=\"color: #212121; font-size: 1.5em; letter-spacing: -0.01em;\">El contundente triunfo de Trump en las elecciones estadounidenses promete cambios en las pol\u00edticas de seguridad y en los conflictos b\u00e9licos.\u00a0<\/span><\/p>\n<p><span style=\"font-weight: 400;\"><span class=\"dropcap \" style=\"background-color: #ffffff; color: #dd9933; border-color: #ffffff;\">E<\/span>l pasado martes 5 de noviembre, <\/span><b>el candidato republicano Donald Trump fue elegido para iniciar en 2025 su segundo mandato como presidente de los Estados Unidos. <\/b><span style=\"font-weight: 400;\">Con su compa\u00f1ero de f\u00f3rmula, el empresario James Vance, derrotaron con el 50,4% y 312 esca\u00f1os del colegio electoral a la f\u00f3rmula del Partido Dem\u00f3crata liderada por la actual vicepresidenta Kamala Harris y Tim Walz, que obtuvo el 48% y alcanz\u00f3 los 226 electores.<\/span><\/p>\n<p><span style=\"font-weight: 400;\">A su vez, con la finalizaci\u00f3n del escrutinio,<\/span><b> los republicanos obtuvieron el control del Senado y la C\u00e1mara de Representantes del Congreso<\/b><span style=\"font-weight: 400;\">. Tambi\u00e9n fueron parte de la contienda la candidata del partido verde, Jill Stein (0,48%); el candidato independiente Robert Kennedy Jr. (0,46%) y el libertario Chase Oliver (0,41%), entre otros (0,2%).<\/span><\/p>\n<figure id=\"attachment_12053\" aria-describedby=\"caption-attachment-12053\" style=\"width: 1006px\" class=\"wp-caption alignnone\"><img loading=\"lazy\" decoding=\"async\" class=\"size-full wp-image-12053\" src=\"https:\/\/tribunavm.com.ar\/wp-content\/uploads\/2024\/11\/1-interior-elecciones-eeuu.png\" alt=\"\" width=\"1006\" height=\"747\" srcset=\"https:\/\/tribunavm.com.ar\/wp-content\/uploads\/2024\/11\/1-interior-elecciones-eeuu.png 1006w, https:\/\/tribunavm.com.ar\/wp-content\/uploads\/2024\/11\/1-interior-elecciones-eeuu-300x223.png 300w, https:\/\/tribunavm.com.ar\/wp-content\/uploads\/2024\/11\/1-interior-elecciones-eeuu-768x570.png 768w, https:\/\/tribunavm.com.ar\/wp-content\/uploads\/2024\/11\/1-interior-elecciones-eeuu-750x557.png 750w\" sizes=\"(max-width: 1006px) 100vw, 1006px\" \/><figcaption id=\"caption-attachment-12053\" class=\"wp-caption-text\">Mapa de las elecciones (actualizado al 11\/11). Fuente: The Associated Press (AP).<\/figcaption><\/figure>\n<p><span style=\"font-weight: 400;\">Tras las primeras proyecciones de los resultados, Trump brind\u00f3 un discurso de victoria en West Palm Beach, Florida. \u201cVamos a ayudar a nuestro pa\u00eds a sanar. Tenemos un pa\u00eds que necesita ayuda muy urgentemente. Vamos a arreglar nuestras fronteras. <\/span><b>Esta ser\u00e1 verdaderamente la era dorada de Estados Unidos\u201d<\/b><span style=\"font-weight: 400;\">.<\/span><\/p>\n<p><span style=\"font-weight: 400;\">A su vez,prometi\u00f3 el pago de la deuda y la reducci\u00f3n de impuestos, y en referencia a los conflictos b\u00e9licos, se\u00f1al\u00f3:<\/span><b> \u201cDicen que quiero empezar guerras, no es verdad, quiero detener las guerras\u201d<\/b><span style=\"font-weight: 400;\">.<\/span><\/p>\n<p><span style=\"font-weight: 400;\">Por su lado, Kamala Harris reconoci\u00f3 su derrota en un acto en la Universidad de Howard, en Washington. \u201cNunca renunciar\u00e9 a la lucha por un futuro en el que los estadounidenses puedan perseguir sus sue\u00f1os, ambiciones y aspiraciones; en el que las mujeres de Estados Unidos tengan la libertad de tomar decisiones sobre su propio cuerpo y que el gobierno no les diga qu\u00e9 hacer\u201d, sostuvo.<\/span><\/p>\n<blockquote class=\"twitter-tweet\">\n<p dir=\"ltr\" lang=\"en\">It should come as no great surprise that a Democratic Party which has abandoned working class people would find that the working class has abandoned them.<\/p>\n<p>While the Democratic leadership defends the status quo, the American people are angry and want change.<\/p>\n<p>And they\u2019re right. <a href=\"https:\/\/t.co\/lM2gSJmQFL\">pic.twitter.com\/lM2gSJmQFL<\/a><\/p>\n<p>\u2014 Bernie Sanders (@BernieSanders) <a href=\"https:\/\/twitter.com\/BernieSanders\/status\/1854271157135941698?ref_src=twsrc%5Etfw\">November 6, 2024<\/a><\/p><\/blockquote>\n<p><script async src=\"https:\/\/platform.twitter.com\/widgets.js\" charset=\"utf-8\"><\/script><\/p>\n<p><span style=\"font-weight: 400;\">&#8220;<\/span><b>No deber\u00eda sorprendernos demasiado que un Partido Dem\u00f3crata que ha abandonado a la clase trabajadora descubra que la clase trabajadora lo ha abandonado a \u00e9l&#8221;<\/b><span style=\"font-weight: 400;\">, se\u00f1al\u00f3 por su parte el senador independiente <\/span><b>Bernie Sanders<\/b><span style=\"font-weight: 400;\">, a trav\u00e9s de X. \u201cMientras el liderazgo dem\u00f3crata defiende el status quo, el pueblo estadounidense est\u00e1 enojado y quiere un cambio. Y tiene raz\u00f3n\u201d, agreg\u00f3.<\/span><\/p>\n<p><b>Volod\u00edmir Zelenski<\/b><span style=\"font-weight: 400;\">, presidente de Ucrania, envi\u00f3 sus felicitaciones a Trump por su \u201cimpresionante victoria\u201d, y expres\u00f3 su esperanza de que pueda trabajar con \u00e9l para lograr una \u201cpaz justa\u201d en Ucrania.<\/span><\/p>\n<p><span style=\"font-weight: 400;\">\u201cTu hist\u00f3rico regreso a la Casa Blanca ofrece un nuevo comienzo a Estados Unidos y una vuelta al compromiso con la gran alianza entre Israel y Estados Unidos\u201d, celebr\u00f3 por su parte<\/span><b> Benjamin Netanyahu<\/b><span style=\"font-weight: 400;\">, primer ministro de Israel.<\/span><\/p>\n<p><span style=\"font-weight: 400;\">El canciller alem\u00e1n, <\/span><b>Olaf Scholz<\/b><span style=\"font-weight: 400;\">, tras felicitar a Trump en redes sociales, llam\u00f3 por la unidad de Alemania y EEUU. \u201cPodemos lograr mucho m\u00e1s juntos que uno contra el otro\u201d, expres\u00f3 y extendi\u00f3 su llamado a la Uni\u00f3n Europea (UE): &#8220;<\/span><b>Ahora la UE debe estar especialmente unida<\/b><span style=\"font-weight: 400;\">, y actuar de manera conjunta\u201d.<\/span><\/p>\n<p><span style=\"color: #ff9900;\"><b>Recorte e incertidumbre<\/b><\/span><\/p>\n<p><span style=\"font-weight: 400;\">Un d\u00eda despu\u00e9s de conocerse los resultados provisorios, el comit\u00e9 de la Reserva Federal (Fed) <\/span><b>anunci\u00f3 un recorte en sus tasas de referencia en un cuarto de punto porcentual<\/b><span style=\"font-weight: 400;\">, pasando de 4,75-5% a 4,50-4,75%, que seg\u00fan expresaron est\u00e1 vinculado a la disminuci\u00f3n de la inflaci\u00f3n y mejores perspectivas del mercado laboral.<\/span><\/p>\n<p><span style=\"font-weight: 400;\">Sobre el futuro de la pol\u00edtica de recortes, Jerome Powell, presidente de la FED, declar\u00f3 en una conferencia de prensa: \u201cNo sabemos cu\u00e1l es el calendario y el tipo de reformas que vendr\u00e1n y por lo tanto no sabemos cu\u00e1les pueden ser los efectos sobre la econom\u00eda. No adivinamos, no especulamos, no suponemos\u201d.<\/span><\/p>\n<p><span style=\"font-weight: 400;\">Al ser consultado respecto a la posibilidad de que Trump pudiera despedirlo o degradarlo respondi\u00f3 que \u201cno est\u00e1 permitido bajo la ley\u201d.<\/span><\/p>\n<p><span style=\"color: #ff9900;\"><b>Apoyo oficial<\/b><\/span><\/p>\n<p><b>El presidente Javier Milei <\/b><span style=\"font-weight: 400;\">felicit\u00f3 a trav\u00e9s de X a Trump por su &#8220;formidable victoria electoral&#8221; y<\/span><b> viaj\u00f3 a EE.UU. el jueves pasado para sostener un encuentro con el mandatario electo en el marco de la Conferencia de Acci\u00f3n Pol\u00edtica Conservadora (CPAC)<\/b><span style=\"font-weight: 400;\">.<\/span><\/p>\n<figure id=\"attachment_12054\" aria-describedby=\"caption-attachment-12054\" style=\"width: 700px\" class=\"wp-caption alignnone\"><img loading=\"lazy\" decoding=\"async\" class=\"size-full wp-image-12054\" src=\"https:\/\/tribunavm.com.ar\/wp-content\/uploads\/2024\/11\/1-interior-TRUMP-MILEI-MUSK-1.jpg\" alt=\"\" width=\"700\" height=\"467\" srcset=\"https:\/\/tribunavm.com.ar\/wp-content\/uploads\/2024\/11\/1-interior-TRUMP-MILEI-MUSK-1.jpg 700w, https:\/\/tribunavm.com.ar\/wp-content\/uploads\/2024\/11\/1-interior-TRUMP-MILEI-MUSK-1-300x200.jpg 300w\" sizes=\"(max-width: 700px) 100vw, 700px\" \/><figcaption id=\"caption-attachment-12054\" class=\"wp-caption-text\">El presidente junto a la secretar\u00eda de la Presidencia, Karina Milei, Elon Musk y Donald Trump, en su residencia en Mar-a-Lago.<\/figcaption><\/figure>\n<p><span style=\"font-weight: 400;\">En una intervenci\u00f3n, <\/span><b>el presidente realiz\u00f3 una convocatoria a conformar una alianza de \u201cpueblos libres\u201d entre Argentina, Estados Unidos, Israel e Italia<\/b><span style=\"font-weight: 400;\"> para restaurar la causa de Occidente, \u201cque nos convirti\u00f3 en ciudadanos y nos liber\u00f3 del yugo del tirano. La causa que descubri\u00f3 el m\u00e9todo cient\u00edfico que industrializ\u00f3 el planeta y que &#8211; con el capitalismo de libre empresa &#8211; sac\u00f3 de la miseria a miles de millones de seres humanos\u201d.<\/span><\/p>\n<\/div>\n<\/div>\n","protected":false},"excerpt":{"rendered":"<p>El contundente triunfo de Trump en las elecciones estadounidenses promete cambios en las pol\u00edticas de seguridad y en los conflictos b\u00e9licos.<\/p>\n","protected":false},"author":2,"featured_media":12055,"comment_status":"open","ping_status":"open","sticky":false,"template":"","format":"standard","meta":{"_exactmetrics_skip_tracking":false,"_exactmetrics_sitenote_active":false,"_exactmetrics_sitenote_note":"","_exactmetrics_sitenote_category":0,"jnews-multi-image_gallery":[],"jnews_single_post":{"format":"standard","override":[{"template":"10","parallax":"1","fullscreen":"1","layout":"no-sidebar","sidebar":"default-sidebar","second_sidebar":"default-sidebar","sticky_sidebar":"1","share_position":"hide","share_float_style":"share-monocrhome","show_featured":"1","show_post_meta":"1","show_post_author_image":"1","show_post_date":"1","post_date_format":"custom","post_date_format_custom":"d\/m\/Y","show_post_category":"1","show_post_reading_time":"0","post_reading_time_wpm":"300","post_calculate_word_method":"str_word_count","show_zoom_button":"0","zoom_button_out_step":"2","zoom_button_in_step":"3","show_post_tag":"1","number_popup_post":"1","show_author_box":"0","show_post_related":"1"}],"image_override":[{"single_post_thumbnail_size":"crop-500","single_post_gallery_size":"crop-500"}],"trending_post_position":"meta","trending_post_label":"Trending","sponsored_post_label":"Sponsored by","disable_ad":"0"},"jnews_primary_category":[],"jnews_social_meta":[],"jnews_override_counter":{"view_counter_number":"0","share_counter_number":"0","like_counter_number":"0","dislike_counter_number":"0"},"_joinchat":[],"footnotes":""},"categories":[276],"tags":[549,198],"class_list":["post-12052","post","type-post","status-publish","format-standard","has-post-thumbnail","hentry","category-internacional","tag-edicion-144","tag-eeuu"],"_links":{"self":[{"href":"https:\/\/tribunavm.com.ar\/index.php\/wp-json\/wp\/v2\/posts\/12052"}],"collection":[{"href":"https:\/\/tribunavm.com.ar\/index.php\/wp-json\/wp\/v2\/posts"}],"about":[{"href":"https:\/\/tribunavm.com.ar\/index.php\/wp-json\/wp\/v2\/types\/post"}],"author":[{"embeddable":true,"href":"https:\/\/tribunavm.com.ar\/index.php\/wp-json\/wp\/v2\/users\/2"}],"replies":[{"embeddable":true,"href":"https:\/\/tribunavm.com.ar\/index.php\/wp-json\/wp\/v2\/comments?post=12052"}],"version-history":[{"count":2,"href":"https:\/\/tribunavm.com.ar\/index.php\/wp-json\/wp\/v2\/posts\/12052\/revisions"}],"predecessor-version":[{"id":12126,"href":"https:\/\/tribunavm.com.ar\/index.php\/wp-json\/wp\/v2\/posts\/12052\/revisions\/12126"}],"wp:featuredmedia":[{"embeddable":true,"href":"https:\/\/tribunavm.com.ar\/index.php\/wp-json\/wp\/v2\/media\/12055"}],"wp:attachment":[{"href":"https:\/\/tribunavm.com.ar\/index.php\/wp-json\/wp\/v2\/media?parent=12052"}],"wp:term":[{"taxonomy":"category","embeddable":true,"href":"https:\/\/tribunavm.com.ar\/index.php\/wp-json\/wp\/v2\/categories?post=12052"},{"taxonomy":"post_tag","embeddable":true,"href":"https:\/\/tribunavm.com.ar\/index.php\/wp-json\/wp\/v2\/tags?post=12052"}],"curies":[{"name":"wp","href":"https:\/\/api.w.org\/{rel}","templated":true}]}}