{"id":12095,"date":"2024-11-18T00:18:20","date_gmt":"2024-11-18T00:18:20","guid":{"rendered":"https:\/\/tribunavm.com.ar\/?p=12095"},"modified":"2024-11-16T21:35:52","modified_gmt":"2024-11-16T21:35:52","slug":"caputo-volvio-a-postergar-la-fecha-de-la-salida-al-cepo","status":"publish","type":"post","link":"https:\/\/tribunavm.com.ar\/index.php\/2024\/11\/18\/caputo-volvio-a-postergar-la-fecha-de-la-salida-al-cepo\/","title":{"rendered":"Caputo volvi\u00f3 a postergar la fecha de la salida al cepo"},"content":{"rendered":"<div class=\"row clearfix\">\n<div class=\"col-md-8\">\n<p><span style=\"color: #212121; font-size: 1.5em; letter-spacing: -0.01em;\">En una cumbre empresaria, el ministro Caputo volvi\u00f3 a plantear incertidumbres sobre la salida del cepo mientras los empresarios advierten por la sostenibilidad del apoyo social.<\/span><\/p>\n<p><span style=\"font-weight: 400;\"><span class=\"dropcap \" style=\"background-color: #ffffff; color: #dd9933; border-color: #ffffff;\">E<\/span>l pasado martes en la sede de la Bolsa de Comercio de Buenos Aires se dio la Conferencia Anual FIEL 2024, en conmemoraci\u00f3n del 60\u00ba aniversario de la Fundaci\u00f3n de Investigaciones Econ\u00f3micas Latinoamericanas (FIEL). El evento empresario cont\u00f3 con la presencia del ministro Caputo, quien expuso sobre las medidas econ\u00f3micas del Gobierno Nacional.\u00a0<\/span><\/p>\n<p><span style=\"font-weight: 400;\">&#8220;En t\u00e9rminos de salir del cepo, creo que nadie puede dudar de que<\/span><b> estamos en el mejor momento<\/b><span style=\"font-weight: 400;\"> desde la asunci\u00f3n del Presidente&#8221;, plante\u00f3 el ministro. Sin embargo, no dio precisiones sobre el momento de la salida y volvi\u00f3 a sostener que \u201ces un tema de condiciones y no de tiempo\u201d.<\/span><\/p>\n<p><span style=\"font-weight: 400;\">M\u00e1s a\u00fan, <\/span><b>desminti\u00f3 la teor\u00eda de que \u201csi no se sale del cepo no se puede crecer<\/b><span style=\"font-weight: 400;\">. Nosotros el a\u00f1o que viene vamos a estar creciendo al 5% o m\u00e1s, a\u00fan con cepo, entonces el a\u00f1o que viene, <\/span><b>en alg\u00fan momento se va a salir del cepo&#8221;<\/b><span style=\"font-weight: 400;\">, estim\u00f3.<\/span><\/p>\n<p><span style=\"font-weight: 400;\">Por otro lado, destac\u00f3 que en octubre se alcanz\u00f3 un super\u00e1vit financiero y consider\u00f3 que la inflaci\u00f3n \u201cpr\u00e1cticamente es una batalla que se ha ganado\u201d. Sobre los pasos a seguir, apunt\u00f3 que el Gobierno avanzar\u00e1 en la eliminaci\u00f3n de \u201c7 u 8\u201d puntos en impuestos: \u201c<\/span><b>Argentina no tiene que ganar competitividad devaluando<\/b><span style=\"font-weight: 400;\">. Tenemos que ganarla bajando impuestos, a eso venimos y ese es el pr\u00f3ximo paso\u201d.<\/span><\/p>\n<figure id=\"attachment_12096\" aria-describedby=\"caption-attachment-12096\" style=\"width: 972px\" class=\"wp-caption alignnone\"><img loading=\"lazy\" decoding=\"async\" class=\"size-full wp-image-12096\" src=\"https:\/\/tribunavm.com.ar\/wp-content\/uploads\/2024\/11\/1-interior-CAPUTO.png\" alt=\"\" width=\"972\" height=\"540\" srcset=\"https:\/\/tribunavm.com.ar\/wp-content\/uploads\/2024\/11\/1-interior-CAPUTO.png 972w, https:\/\/tribunavm.com.ar\/wp-content\/uploads\/2024\/11\/1-interior-CAPUTO-300x167.png 300w, https:\/\/tribunavm.com.ar\/wp-content\/uploads\/2024\/11\/1-interior-CAPUTO-768x427.png 768w, https:\/\/tribunavm.com.ar\/wp-content\/uploads\/2024\/11\/1-interior-CAPUTO-750x417.png 750w\" sizes=\"(max-width: 972px) 100vw, 972px\" \/><figcaption id=\"caption-attachment-12096\" class=\"wp-caption-text\">FIEL fue fundada en 1964 por la Bolsa de Comercio de Buenos Aires, la C\u00e1mara Argentina de Comercio, la Sociedad Rural Argentina y la Uni\u00f3n Industrial Argentina.<\/figcaption><\/figure>\n<p><span style=\"font-weight: 400;\">En ese marco, hizo un llamado a los empresarios presentes a invertir.\u00a0 &#8220;Argentina est\u00e1 en un momento que va a cambiar su historia. <\/span><b>Mientras m\u00e1s r\u00e1pido conf\u00eden e inviertan en el pa\u00eds, m\u00e1s r\u00e1pido vamos a crecer<\/b><span style=\"font-weight: 400;\">. No tengan dudas de que Argentina va a ser el pa\u00eds estrella durante los pr\u00f3ximos 30 a\u00f1os&#8221;, asegur\u00f3.<\/span><\/p>\n<p><span style=\"font-weight: 400;\">Por su parte, Hern\u00e1n Lacunza, ministro de Econom\u00eda del gobierno de Cambiemos entre agosto y diciembre de 2019, y representante de la consultora Empiria, en su disertaci\u00f3n destac\u00f3 que \u201cel trabajo fiscal es tan importante y tan bien hecho que no hay que ponerlo en riesgo por alguna inconsistencia\u201d.\u00a0<\/span><\/p>\n<p><span style=\"font-weight: 400;\">En ese marco, advirti\u00f3 que al Gobierno por el apoyo social al plan econ\u00f3mico. \u201c<\/span><b>Que nos haya bancado 11 meses la calle no significa que nos van a bancar 22<\/b><span style=\"font-weight: 400;\">. No s\u00e9 si la gente va a discernir tan f\u00e1cil, ojal\u00e1 que s\u00ed\u201d, plante\u00f3.<\/span><\/p>\n<\/div>\n<\/div>\n","protected":false},"excerpt":{"rendered":"<p>En una cumbre empresaria, el ministro Caputo volvi\u00f3 a plantear incertidumbres sobre la salida del cepo mientras los empresarios advierten por la sostenibilidad del apoyo social.<\/p>\n","protected":false},"author":2,"featured_media":12097,"comment_status":"open","ping_status":"open","sticky":false,"template":"","format":"standard","meta":{"_exactmetrics_skip_tracking":false,"_exactmetrics_sitenote_active":false,"_exactmetrics_sitenote_note":"","_exactmetrics_sitenote_category":0,"jnews-multi-image_gallery":[],"jnews_single_post":{"format":"standard","override":[{"template":"10","parallax":"1","fullscreen":"1","layout":"no-sidebar","sidebar":"default-sidebar","second_sidebar":"default-sidebar","sticky_sidebar":"1","share_position":"hide","share_float_style":"share-monocrhome","show_featured":"1","show_post_meta":"1","show_post_author_image":"1","show_post_date":"1","post_date_format":"custom","post_date_format_custom":"d\/m\/Y","show_post_category":"1","show_post_reading_time":"0","post_reading_time_wpm":"300","post_calculate_word_method":"str_word_count","show_zoom_button":"0","zoom_button_out_step":"2","zoom_button_in_step":"3","show_post_tag":"1","number_popup_post":"1","show_author_box":"0","show_post_related":"1"}],"image_override":[{"single_post_thumbnail_size":"crop-500","single_post_gallery_size":"crop-500"}],"trending_post_position":"meta","trending_post_label":"Trending","sponsored_post_label":"Sponsored by","disable_ad":"0"},"jnews_primary_category":[],"jnews_social_meta":[],"jnews_override_counter":{"view_counter_number":"0","share_counter_number":"0","like_counter_number":"0","dislike_counter_number":"0"},"_joinchat":[],"footnotes":""},"categories":[278],"tags":[549,52],"class_list":["post-12095","post","type-post","status-publish","format-standard","has-post-thumbnail","hentry","category-economia","tag-edicion-144","tag-finanzas"],"_links":{"self":[{"href":"https:\/\/tribunavm.com.ar\/index.php\/wp-json\/wp\/v2\/posts\/12095"}],"collection":[{"href":"https:\/\/tribunavm.com.ar\/index.php\/wp-json\/wp\/v2\/posts"}],"about":[{"href":"https:\/\/tribunavm.com.ar\/index.php\/wp-json\/wp\/v2\/types\/post"}],"author":[{"embeddable":true,"href":"https:\/\/tribunavm.com.ar\/index.php\/wp-json\/wp\/v2\/users\/2"}],"replies":[{"embeddable":true,"href":"https:\/\/tribunavm.com.ar\/index.php\/wp-json\/wp\/v2\/comments?post=12095"}],"version-history":[{"count":2,"href":"https:\/\/tribunavm.com.ar\/index.php\/wp-json\/wp\/v2\/posts\/12095\/revisions"}],"predecessor-version":[{"id":12101,"href":"https:\/\/tribunavm.com.ar\/index.php\/wp-json\/wp\/v2\/posts\/12095\/revisions\/12101"}],"wp:featuredmedia":[{"embeddable":true,"href":"https:\/\/tribunavm.com.ar\/index.php\/wp-json\/wp\/v2\/media\/12097"}],"wp:attachment":[{"href":"https:\/\/tribunavm.com.ar\/index.php\/wp-json\/wp\/v2\/media?parent=12095"}],"wp:term":[{"taxonomy":"category","embeddable":true,"href":"https:\/\/tribunavm.com.ar\/index.php\/wp-json\/wp\/v2\/categories?post=12095"},{"taxonomy":"post_tag","embeddable":true,"href":"https:\/\/tribunavm.com.ar\/index.php\/wp-json\/wp\/v2\/tags?post=12095"}],"curies":[{"name":"wp","href":"https:\/\/api.w.org\/{rel}","templated":true}]}}