{"id":12160,"date":"2024-12-09T00:52:06","date_gmt":"2024-12-09T00:52:06","guid":{"rendered":"https:\/\/tribunavm.com.ar\/?p=12160"},"modified":"2024-12-07T21:04:25","modified_gmt":"2024-12-07T21:04:25","slug":"avanza-el-acuerdo-con-la-union-europea","status":"publish","type":"post","link":"https:\/\/tribunavm.com.ar\/index.php\/2024\/12\/09\/avanza-el-acuerdo-con-la-union-europea\/","title":{"rendered":"Avanza el acuerdo con la Uni\u00f3n Europea"},"content":{"rendered":"<div class=\"row clearfix\">\n<div class=\"col-md-8\">\n<p><span style=\"color: #212121; font-size: 1.5em; letter-spacing: -0.01em;\">El viernes pasado tuvo lugar la 65\u00b0 Cumbre del Mercosur en Montevideo, Uruguay, donde el bloque firm\u00f3 con la Uni\u00f3n Europea el tratado de libre comercio.<\/span><\/p>\n<p><span style=\"font-weight: 400;\"><span class=\"dropcap \" style=\"background-color: #ffffff; color: #dd9933; border-color: #ffffff;\">E<\/span>l encuentro cont\u00f3 con la presencia de los mandatarios de Argentina, Javier Milei; de Brasil, Luiz In\u00e1cio Lula da Silva; de Paraguay, Santiago Pe\u00f1a; y de Uruguay, Luis Lacalle Pou. Adem\u00e1s, Bolivia formaliz\u00f3 su primera participaci\u00f3n como miembro pleno del Mercosur, con la presencia del presidente Luis Arce.<\/span><\/p>\n<p><span style=\"font-weight: 400;\">En este marco, Argentina asumi\u00f3 la presidencia pro tempore del bloque. <\/span><b>Javier Milei, en su discurso defini\u00f3 al bloque como una \u201cprisi\u00f3n que no permite que sus pa\u00edses miembros puedan aprovechar ni sus ventajas comparativas, ni su potencial exportador\u201d<\/b><span style=\"font-weight: 400;\"> y llam\u00f3 a sus pares a \u201caceptar que este modelo est\u00e1 agotado\u201d. \u201cEste bloque no puede seguir siendo un cepo que esclavice a nuestros pa\u00edses\u201d, a\u00f1adi\u00f3.<\/span><\/p>\n<p><span style=\"font-weight: 400;\">\u201cMientras el resto del planeta se expand\u00eda gracias al comercio, nosotros le dijimos que \u2018No\u2019 a Estados Unidos, que ofrec\u00eda un acuerdo de libre comercio en todo el continente\u201d, dijo en referencia a la IV Cumbre de las Am\u00e9ricas en la cual el bloque rechaz\u00f3 el ALCA \u201cEsa perorata disfrazada de nacionalismo le cost\u00f3 car\u00edsimo a nuestros ciudadanos. \u00bfSaben cu\u00e1l es la \u00fanica manera de defender el inter\u00e9s de nuestros ciudadanos? Viviendo el libre comercio, porque genera prosperidad\u201d, concluy\u00f3 el Presidente.<\/span><\/p>\n<p><span style=\"color: #ff9900;\"><b>Acuerdo con la Uni\u00f3n Europea<\/b><\/span><\/p>\n<figure id=\"attachment_12161\" aria-describedby=\"caption-attachment-12161\" style=\"width: 992px\" class=\"wp-caption alignnone\"><img loading=\"lazy\" decoding=\"async\" class=\"size-full wp-image-12161\" src=\"https:\/\/tribunavm.com.ar\/wp-content\/uploads\/2024\/12\/1-interno-MERCOSUR-UE.jpg\" alt=\"\" width=\"992\" height=\"744\" srcset=\"https:\/\/tribunavm.com.ar\/wp-content\/uploads\/2024\/12\/1-interno-MERCOSUR-UE.jpg 992w, https:\/\/tribunavm.com.ar\/wp-content\/uploads\/2024\/12\/1-interno-MERCOSUR-UE-300x225.jpg 300w, https:\/\/tribunavm.com.ar\/wp-content\/uploads\/2024\/12\/1-interno-MERCOSUR-UE-768x576.jpg 768w, https:\/\/tribunavm.com.ar\/wp-content\/uploads\/2024\/12\/1-interno-MERCOSUR-UE-750x563.jpg 750w\" sizes=\"(max-width: 992px) 100vw, 992px\" \/><figcaption id=\"caption-attachment-12161\" class=\"wp-caption-text\">Von der Leyen, junto a Milei, Lacalle Pou, Lula y Pe\u00f1a.<\/figcaption><\/figure>\n<p><span style=\"font-weight: 400;\">La cumbre cont\u00f3 con la presencia de Ursula Von der Leyen, presidenta de la Comisi\u00f3n Europea, quien asisti\u00f3 para<\/span><b> anunciar el acuerdo entre el Mercosur y la Uni\u00f3n Europea (UE), tras m\u00e1s de 25 a\u00f1os de negociaciones<\/b><span style=\"font-weight: 400;\">.<\/span><\/p>\n<p><span style=\"font-weight: 400;\">Ambos bloques publicaron un <\/span><span style=\"color: #ff9900;\"><a style=\"color: #ff9900;\" href=\"https:\/\/www.mercosur.int\/wp-content\/uploads\/2024\/12\/Declaracion-Conjunta-MCS-UE_ESP.pdf\"><span style=\"font-weight: 400;\">comunicado conjunto<\/span><\/a><\/span><span style=\"font-weight: 400;\"> en donde confirman &#8220;la conclusi\u00f3n final de las negociaciones para un Acuerdo de Asociaci\u00f3n entre las dos regiones&#8221;. Pese a este avance, el acuerdo a\u00fan requiere la ratificaci\u00f3n del parlamento de la UE y los pa\u00edses del Mercosur para su firma definitiva.<\/span><\/p>\n<blockquote class=\"pullquote align-right\"><p><strong><span style=\"color: #ff9900;\"><a style=\"color: #ff9900;\" href=\"https:\/\/tribunavm.com.ar\/index.php\/2023\/06\/25\/la-union-europea-planea-expandir-sus-negocios-en-america-latina\/\">La Uni\u00f3n Europea planea expandir sus negocios en Am\u00e9rica Latina<\/a><\/span><\/strong><\/p><\/blockquote>\n<p><span style=\"font-weight: 400;\">En su intervenci\u00f3n, Lula destac\u00f3 mejoras respecto al acuerdo alcanzado en 2019, que planteaba condiciones &#8220;inaceptables&#8221;. Entre las modificaciones, el brasile\u00f1o subray\u00f3 que \u201cse logr\u00f3 alargar el calendario para abrir el mercado automotor, lo que resguarda la capacidad de producir del sector industrial\u201d.<\/span><\/p>\n<p><span style=\"font-weight: 400;\">El acuerdo implica que la UE eliminar\u00e1 los aranceles para un 92% de las exportaciones pertenecientes al Mercosur; que por parte de \u00e9ste \u00faltimo suprimir\u00e1 aranceles para el 91% de las importaciones que se realicen desde la UE. M\u00e1s del 14% de las exportaciones totales del Mercosur tuvieron como destino a la Uni\u00f3n Europea y el 20% de lo importado por consumidores regionales fue de origen europeo.<\/span><\/p>\n<p><span style=\"font-weight: 400;\">&#8220;Somos socios con mentalidades comunes y una cultura entrelazada. Se que soplan fuertes vientos en sentido contrario, hacia el aislamiento, pero este acuerdo es nuestra clara respuesta a ello&#8221;, celebr\u00f3 Von der Leyen.<\/span><\/p>\n<\/div>\n<\/div>\n","protected":false},"excerpt":{"rendered":"<p>El viernes pasado tuvo lugar la 65\u00b0 Cumbre del Mercosur en Montevideo, Uruguay, donde el bloque firm\u00f3 con la Uni\u00f3n Europea el tratado de libre comercio.<\/p>\n","protected":false},"author":2,"featured_media":12166,"comment_status":"open","ping_status":"open","sticky":false,"template":"","format":"standard","meta":{"_exactmetrics_skip_tracking":false,"_exactmetrics_sitenote_active":false,"_exactmetrics_sitenote_note":"","_exactmetrics_sitenote_category":0,"jnews-multi-image_gallery":[],"jnews_single_post":{"format":"standard","override":[{"template":"10","parallax":"1","fullscreen":"1","layout":"no-sidebar","sidebar":"default-sidebar","second_sidebar":"default-sidebar","sticky_sidebar":"1","share_position":"hide","share_float_style":"share-monocrhome","show_featured":"1","show_post_meta":"1","show_post_author_image":"1","show_post_date":"1","post_date_format":"custom","post_date_format_custom":"d\/m\/Y","show_post_category":"1","show_post_reading_time":"0","post_reading_time_wpm":"300","post_calculate_word_method":"str_word_count","show_zoom_button":"0","zoom_button_out_step":"2","zoom_button_in_step":"3","show_post_tag":"1","number_popup_post":"1","show_author_box":"0","show_post_related":"1"}],"image_override":[{"single_post_thumbnail_size":"crop-500","single_post_gallery_size":"crop-500"}],"trending_post_position":"meta","trending_post_label":"Trending","sponsored_post_label":"Sponsored by","disable_ad":"0"},"jnews_primary_category":[],"jnews_social_meta":[],"jnews_override_counter":{"view_counter_number":"0","share_counter_number":"0","like_counter_number":"0","dislike_counter_number":"0"},"_joinchat":[],"footnotes":""},"categories":[277],"tags":[550,258,461],"class_list":["post-12160","post","type-post","status-publish","format-standard","has-post-thumbnail","hentry","category-latinoamerica","tag-edicion-145","tag-mercosur","tag-union-europea-ue"],"_links":{"self":[{"href":"https:\/\/tribunavm.com.ar\/index.php\/wp-json\/wp\/v2\/posts\/12160"}],"collection":[{"href":"https:\/\/tribunavm.com.ar\/index.php\/wp-json\/wp\/v2\/posts"}],"about":[{"href":"https:\/\/tribunavm.com.ar\/index.php\/wp-json\/wp\/v2\/types\/post"}],"author":[{"embeddable":true,"href":"https:\/\/tribunavm.com.ar\/index.php\/wp-json\/wp\/v2\/users\/2"}],"replies":[{"embeddable":true,"href":"https:\/\/tribunavm.com.ar\/index.php\/wp-json\/wp\/v2\/comments?post=12160"}],"version-history":[{"count":1,"href":"https:\/\/tribunavm.com.ar\/index.php\/wp-json\/wp\/v2\/posts\/12160\/revisions"}],"predecessor-version":[{"id":12163,"href":"https:\/\/tribunavm.com.ar\/index.php\/wp-json\/wp\/v2\/posts\/12160\/revisions\/12163"}],"wp:featuredmedia":[{"embeddable":true,"href":"https:\/\/tribunavm.com.ar\/index.php\/wp-json\/wp\/v2\/media\/12166"}],"wp:attachment":[{"href":"https:\/\/tribunavm.com.ar\/index.php\/wp-json\/wp\/v2\/media?parent=12160"}],"wp:term":[{"taxonomy":"category","embeddable":true,"href":"https:\/\/tribunavm.com.ar\/index.php\/wp-json\/wp\/v2\/categories?post=12160"},{"taxonomy":"post_tag","embeddable":true,"href":"https:\/\/tribunavm.com.ar\/index.php\/wp-json\/wp\/v2\/tags?post=12160"}],"curies":[{"name":"wp","href":"https:\/\/api.w.org\/{rel}","templated":true}]}}