{"id":12172,"date":"2024-12-09T00:12:04","date_gmt":"2024-12-09T00:12:04","guid":{"rendered":"https:\/\/tribunavm.com.ar\/?p=12172"},"modified":"2024-12-07T21:16:14","modified_gmt":"2024-12-07T21:16:14","slug":"universidades-reclaman-condiciones-dignas-para-el-ciclo-lectivo-2025","status":"publish","type":"post","link":"https:\/\/tribunavm.com.ar\/index.php\/2024\/12\/09\/universidades-reclaman-condiciones-dignas-para-el-ciclo-lectivo-2025\/","title":{"rendered":"Universidades reclaman condiciones dignas para el ciclo lectivo 2025"},"content":{"rendered":"<div class=\"row clearfix\">\n<div class=\"col-md-8\">\n<p><span style=\"color: #212121; font-size: 1.5em; letter-spacing: -0.01em;\">Los gremios universitarios presentaron un comunicado con car\u00e1cter de urgencia a la ministra de Capital Humano y al secretario de Educaci\u00f3n.<\/span><\/p>\n<p><span style=\"font-weight: 400;\"><span class=\"dropcap \" style=\"background-color: #ffffff; color: #dd9933; border-color: #ffffff;\">E<\/span>l pasado lunes, el Frente Sindical Universitario solicit\u00f3 la reapertura de las negociaciones salariales con una concentraci\u00f3n frente al Palacio Sarmiento, sede de la Secretar\u00eda de Educaci\u00f3n de la ciudad de Buenos Aires, bajo la consigna \u201cPor un fin de a\u00f1o sin salarios de pobreza\u201d.\u00a0<\/span><\/p>\n<p><span style=\"font-weight: 400;\">Durante el desarrollo de la actividad, el miembro de las mesas directivas de la Conadu Hist\u00f3rica, Antonio Rosell\u00f3, expres\u00f3: \u201cEsto es la continuidad de la lucha universitaria que lleva once meses, se decidi\u00f3 que seguir\u00e1 con el conjunto de los trabajadores porque tenemos que derrotar la pol\u00edtica de Milei hacia los ocupados y desocupados, activos y pasivos, y priorizar la defensa de la educaci\u00f3n y la salud p\u00fablica en el marco de la autonom\u00eda nacional&#8221;.<\/span><\/p>\n<p><span style=\"font-weight: 400;\">Luego de las intervenciones de los diferentes gremios, el Frente present\u00f3 una carta dirigida a la ministra de Capital Humano, Sandra Pettovello y al secretario de Educaci\u00f3n, Carlos Torrendell, en la que\u00a0 solicitan \u201ccon car\u00e1cter de urgencia\u201d la convocatoria a paritarias para docentes y no docentes.<\/span><\/p>\n<p><span style=\"font-weight: 400;\">En la carta reclaman que <\/span><b>\u201clos salarios de trabajadoras y trabajadores de las Universidades Nacionales han sufrido la p\u00e9rdida m\u00e1s importante desde la refundaci\u00f3n democr\u00e1tica y es responsabilidad de este Gobierno convocar y sostener la paritaria para que los salarios salgan de la l\u00ednea de la pobreza\u201d.<\/b><\/p>\n<blockquote class=\"twitter-tweet\">\n<p dir=\"ltr\" lang=\"es\">Nos reunimos frente al Palacio Pizurno con gremios docentes y nodocentes para entregar una nota pidiendo la convocatoria a paritaria y reclamar por el presupuesto universitario 2025<\/p>\n<p>\u00a1Seguimos defendiendo la universidad p\u00fablica, gratuita, de calidad y al servicio de los pueblos! <a href=\"https:\/\/t.co\/f1V49vfxmG\">pic.twitter.com\/f1V49vfxmG<\/a><\/p>\n<p>\u2014 Fedun (@FEDUNArgentina) <a href=\"https:\/\/twitter.com\/FEDUNArgentina\/status\/1863695128495370265?ref_src=twsrc%5Etfw\">December 2, 2024<\/a><\/p><\/blockquote>\n<p><script async src=\"https:\/\/platform.twitter.com\/widgets.js\" charset=\"utf-8\"><\/script><\/p>\n<p><span style=\"color: #ff9900;\"><b>Sin garant\u00edas para iniciar el 2025<\/b><\/span><\/p>\n<p><span style=\"font-weight: 400;\">Por su parte, ADIUC, el gremio docente de la Universidad Nacional de C\u00f3rdoba, advirti\u00f3 en un <\/span><span style=\"color: #ff9900;\"><a style=\"color: #ff9900;\" href=\"https:\/\/adiuc.org.ar\/2024\/12\/04\/no-estan-garantizadas-las-condiciones-para-el-comienzo-del-ciclo-lectivo-2025\/\"><span style=\"font-weight: 400;\">comunicado<\/span><\/a><\/span><span style=\"font-weight: 400;\"> que \u201cno est\u00e1n garantizadas las condiciones para el comienzo del ciclo lectivo 2025\u201d.\u00a0<\/span><\/p>\n<p><span style=\"font-weight: 400;\">Indican que el motivo principal por el cual peligra el ciclo lectivo est\u00e1 relacionado a la p\u00e9rdida salarial, ya que actualmente \u201c<\/span><b>el presupuesto universitario registra la peor ca\u00edda en 30 a\u00f1os, con un ajuste del 34% respecto de 2023<\/b><span style=\"font-weight: 400;\">\u201d.\u00a0<\/span><\/p>\n<p><span style=\"font-weight: 400;\">Adem\u00e1s advierten que \u201cpodr\u00eda ponerse peor\u201d ya que el proyecto de Presupuesto 2025 ampar\u00e1ndose en la Ley Bases, plantea la suspensi\u00f3n de art\u00edculos y leyes cuyo incumplimiento garantiza un combo de desinversi\u00f3n y desfinanciamiento en educaci\u00f3n y ciencia.<\/span><\/p>\n<p><span style=\"font-weight: 400;\">A su vez, resaltan que el motivo por el cual se est\u00e1 finalizando el a\u00f1o acad\u00e9mico \u201ccorrectamente\u201d no tiene que ver con la \u201cnormalidad\u201d en las universidades sino con el compromiso de los docentes con el proceso educativo y el acuerdo con los estudiantes.\u00a0<\/span><\/p>\n<p><span style=\"font-weight: 400;\">Finalmente, el gremio docente convoca a \u201cseguir multiplicando los espacios de organizaci\u00f3n para sostener las universidades y la ciencia como pilares del desarrollo soberano de nuestro pa\u00eds&#8221;.<\/span><\/p>\n<\/div>\n<\/div>\n","protected":false},"excerpt":{"rendered":"<p>Los gremios universitarios presentaron un comunicado con car\u00e1cter de urgencia a la ministra de Capital Humano y al secretario de Educaci\u00f3n.<\/p>\n","protected":false},"author":2,"featured_media":12173,"comment_status":"open","ping_status":"open","sticky":false,"template":"","format":"standard","meta":{"_exactmetrics_skip_tracking":false,"_exactmetrics_sitenote_active":false,"_exactmetrics_sitenote_note":"","_exactmetrics_sitenote_category":0,"jnews-multi-image_gallery":[],"jnews_single_post":{"format":"standard","override":[{"template":"10","parallax":"1","fullscreen":"1","layout":"no-sidebar","sidebar":"default-sidebar","second_sidebar":"default-sidebar","sticky_sidebar":"1","share_position":"hide","share_float_style":"share-monocrhome","show_featured":"1","show_post_meta":"1","show_post_author_image":"1","show_post_date":"1","post_date_format":"custom","post_date_format_custom":"d\/m\/Y","show_post_category":"1","show_post_reading_time":"0","post_reading_time_wpm":"300","post_calculate_word_method":"str_word_count","show_zoom_button":"0","zoom_button_out_step":"2","zoom_button_in_step":"3","show_post_tag":"1","number_popup_post":"1","show_author_box":"0","show_post_related":"1"}],"image_override":[{"single_post_thumbnail_size":"crop-500","single_post_gallery_size":"crop-500"}],"trending_post_position":"meta","trending_post_label":"Trending","sponsored_post_label":"Sponsored by","disable_ad":"0"},"jnews_primary_category":[],"jnews_social_meta":[],"jnews_override_counter":{"view_counter_number":"0","share_counter_number":"0","like_counter_number":"0","dislike_counter_number":"0"},"_joinchat":[],"footnotes":""},"categories":[22],"tags":[550,50],"class_list":["post-12172","post","type-post","status-publish","format-standard","has-post-thumbnail","hentry","category-actualidad","tag-edicion-145","tag-educacion"],"_links":{"self":[{"href":"https:\/\/tribunavm.com.ar\/index.php\/wp-json\/wp\/v2\/posts\/12172"}],"collection":[{"href":"https:\/\/tribunavm.com.ar\/index.php\/wp-json\/wp\/v2\/posts"}],"about":[{"href":"https:\/\/tribunavm.com.ar\/index.php\/wp-json\/wp\/v2\/types\/post"}],"author":[{"embeddable":true,"href":"https:\/\/tribunavm.com.ar\/index.php\/wp-json\/wp\/v2\/users\/2"}],"replies":[{"embeddable":true,"href":"https:\/\/tribunavm.com.ar\/index.php\/wp-json\/wp\/v2\/comments?post=12172"}],"version-history":[{"count":3,"href":"https:\/\/tribunavm.com.ar\/index.php\/wp-json\/wp\/v2\/posts\/12172\/revisions"}],"predecessor-version":[{"id":12176,"href":"https:\/\/tribunavm.com.ar\/index.php\/wp-json\/wp\/v2\/posts\/12172\/revisions\/12176"}],"wp:featuredmedia":[{"embeddable":true,"href":"https:\/\/tribunavm.com.ar\/index.php\/wp-json\/wp\/v2\/media\/12173"}],"wp:attachment":[{"href":"https:\/\/tribunavm.com.ar\/index.php\/wp-json\/wp\/v2\/media?parent=12172"}],"wp:term":[{"taxonomy":"category","embeddable":true,"href":"https:\/\/tribunavm.com.ar\/index.php\/wp-json\/wp\/v2\/categories?post=12172"},{"taxonomy":"post_tag","embeddable":true,"href":"https:\/\/tribunavm.com.ar\/index.php\/wp-json\/wp\/v2\/tags?post=12172"}],"curies":[{"name":"wp","href":"https:\/\/api.w.org\/{rel}","templated":true}]}}