{"id":12230,"date":"2025-01-07T22:32:31","date_gmt":"2025-01-07T22:32:31","guid":{"rendered":"https:\/\/tribunavm.com.ar\/?p=12230"},"modified":"2025-01-24T21:23:21","modified_gmt":"2025-01-24T21:23:21","slug":"vecinos-se-manifestaron-contra-el-basural-a-cielo-abierto","status":"publish","type":"post","link":"https:\/\/tribunavm.com.ar\/index.php\/2025\/01\/07\/vecinos-se-manifestaron-contra-el-basural-a-cielo-abierto\/","title":{"rendered":"Vecinos se manifestaron contra el basural a cielo abierto"},"content":{"rendered":"<div class=\"row clearfix\">\n<div class=\"col-md-8\">\n<p><span style=\"color: #212121; font-size: 1.5em; letter-spacing: -0.01em;\">Mediante una carta exigieron a los concejales el cese de la actividad que comenz\u00f3 a realizar la firma Planeta Verde S.A. en el lugar.<\/span><\/p>\n<p><span style=\"font-weight: 400;\"><span class=\"dropcap \" style=\"background-color: #ffffff; color: #dd9933; border-color: #ffffff;\">V<\/span>ecinos del barrio Malvinas Argentinas, junto a integrantes de la Asamblea Socioambiental \u201cMonte Nativo Vuelve\u201d, <\/span><b>realizaron este martes una manifestaci\u00f3n en el Concejo Deliberante para solicitar el cese inmediato de las actividades realizadas por la empresa Planeta Verde S.A<\/b><span style=\"font-weight: 400;\">.<\/span><\/p>\n<p><span style=\"font-weight: 400;\">La empresa realiz\u00f3 un convenio con la Municipalidad de Villa Mar\u00eda, a trav\u00e9s de la Ordenanza 8.175, donde se promueve la <\/span><b>creaci\u00f3n de un Centro de Transferencia de Residuos S\u00f3lidos Urbanos (RSU) en la reserva del Algarrobal.<\/b><\/p>\n<p><img loading=\"lazy\" decoding=\"async\" class=\"alignnone size-full wp-image-12232\" src=\"https:\/\/tribunavm.com.ar\/wp-content\/uploads\/2025\/01\/1000204826-scaled.jpg\" alt=\"\" width=\"2560\" height=\"1151\" srcset=\"https:\/\/tribunavm.com.ar\/wp-content\/uploads\/2025\/01\/1000204826-scaled.jpg 2560w, https:\/\/tribunavm.com.ar\/wp-content\/uploads\/2025\/01\/1000204826-300x135.jpg 300w, https:\/\/tribunavm.com.ar\/wp-content\/uploads\/2025\/01\/1000204826-1024x461.jpg 1024w, https:\/\/tribunavm.com.ar\/wp-content\/uploads\/2025\/01\/1000204826-768x345.jpg 768w, https:\/\/tribunavm.com.ar\/wp-content\/uploads\/2025\/01\/1000204826-1536x691.jpg 1536w, https:\/\/tribunavm.com.ar\/wp-content\/uploads\/2025\/01\/1000204826-2048x921.jpg 2048w, https:\/\/tribunavm.com.ar\/wp-content\/uploads\/2025\/01\/1000204826-750x337.jpg 750w, https:\/\/tribunavm.com.ar\/wp-content\/uploads\/2025\/01\/1000204826-1140x513.jpg 1140w\" sizes=\"(max-width: 2560px) 100vw, 2560px\" \/><\/p>\n<p><span style=\"font-weight: 400;\">La semana pasada, autoridades municipales mantuvieron un encuentro con los vecinos pero estos no conformes con la misma avanzaron con la protesta realizada en la sesi\u00f3n del concejo deliberante.<\/span><\/p>\n<p><span style=\"font-weight: 400;\">Luego de presentar la carta a los concejales se movilizaron hacia el edificio municipal donde tambi\u00e9n informaron la situaci\u00f3n a las autoridades. Seg\u00fan el escrito, el convenio incumple con las ordenanzas N\u00b0 7.209, 7.125, 7.599 y 3.662, adem\u00e1s de la Ley N\u00b0 25.831 que establece pautas de acceso a la informaci\u00f3n p\u00fablica ambiental.<\/span><\/p>\n<p><span style=\"color: #ff9900;\"><b>Qu\u00e9 dice el convenio<\/b><\/span><\/p>\n<p><span style=\"font-weight: 400;\">Seg\u00fan la ordenanza, la creaci\u00f3n de un Centro de Transferencia de RSU tendr\u00e1 el objetivo de optimizar la gesti\u00f3n de residuos. Para ello <\/span><b>se subloca un predio de 2 hect\u00e1reas en calle Santa Cruz N\u00b0 100 a la firma PLANETA VERDE S.A. que ya comenz\u00f3 con las operaciones en el lugar<\/b><span style=\"font-weight: 400;\">.<\/span><\/p>\n<p><img loading=\"lazy\" decoding=\"async\" class=\"alignnone size-full wp-image-12231\" src=\"https:\/\/tribunavm.com.ar\/wp-content\/uploads\/2025\/01\/1000204847-scaled-e1736288982560.jpg\" alt=\"\" width=\"1736\" height=\"1151\" srcset=\"https:\/\/tribunavm.com.ar\/wp-content\/uploads\/2025\/01\/1000204847-scaled-e1736288982560.jpg 1736w, https:\/\/tribunavm.com.ar\/wp-content\/uploads\/2025\/01\/1000204847-scaled-e1736288982560-300x199.jpg 300w, https:\/\/tribunavm.com.ar\/wp-content\/uploads\/2025\/01\/1000204847-scaled-e1736288982560-1024x679.jpg 1024w, https:\/\/tribunavm.com.ar\/wp-content\/uploads\/2025\/01\/1000204847-scaled-e1736288982560-768x509.jpg 768w, https:\/\/tribunavm.com.ar\/wp-content\/uploads\/2025\/01\/1000204847-scaled-e1736288982560-1536x1018.jpg 1536w, https:\/\/tribunavm.com.ar\/wp-content\/uploads\/2025\/01\/1000204847-scaled-e1736288982560-750x497.jpg 750w, https:\/\/tribunavm.com.ar\/wp-content\/uploads\/2025\/01\/1000204847-scaled-e1736288982560-1140x756.jpg 1140w\" sizes=\"(max-width: 1736px) 100vw, 1736px\" \/><\/p>\n<p><span style=\"font-weight: 400;\">La firma se compromete a brindar el servicio de recolecci\u00f3n, carga y transporte de los residuos desde el Centro de Transferencia hasta el Centro de Gesti\u00f3n Ambiental Villa Mar\u00eda &#8211; Villa Nueva.<\/span><\/p>\n<p><span style=\"font-weight: 400;\">El convenio establece que <\/span><b>el Centro actuar\u00e1 como un espacio transitorio de almacenamiento diario para los RSU<\/b><span style=\"font-weight: 400;\">, aclarando que no se permitir\u00e1 la acumulaci\u00f3n de residuos domiciliarios en el sitio.<\/span><\/p>\n<a href=\"https:\/\/tribunavm.com.ar\/wp-content\/uploads\/2025\/01\/proy_e0c5d2207a18d40e9078c05a998efa95_241218_132545-1.pdf\" class=\"pdfemb-viewer\" style=\"width:600px;height:900px;\" data-width=\"600\" data-height=\"900\" data-toolbar=\"bottom\" data-toolbar-fixed=\"off\">proy_e0c5d2207a18d40e9078c05a998efa95_241218_132545 (1)<\/a>\n<p><b>El monto que abonar\u00e1 la municipalidad es de $21.350.000 por mes, ajust\u00e1ndose de forma cuatrimestral seg\u00fan el IPC<\/b><span style=\"font-weight: 400;\">. El mismo tendr\u00e1 una vigencia de dos a\u00f1os, con posibilidad de pr\u00f3rroga por un a\u00f1o adicional bajo las mismas condiciones.<\/span><\/p>\n<p><span style=\"font-weight: 400;\">Respecto al convenio, los vecinos<\/span><span style=\"font-weight: 400;\"> solicitaron informaci\u00f3n que no se precisa, como por ejemplo la ubicaci\u00f3n geogr\u00e1fica, los resultados de un estudio ambiental y la clasificaci\u00f3n de los tipos de residuos que va a receptar el basural, entre otros puntos.<\/span><\/p>\n<\/div>\n<div class=\"col-md-3\">\n<p>&nbsp;<\/p>\n<\/div>\n<\/div>\n","protected":false},"excerpt":{"rendered":"<p>Mediante una carta exigieron a los concejales el cese de la actividad que comenz\u00f3 a realizar la firma Planeta Verde S.A. en el lugar.<\/p>\n","protected":false},"author":2,"featured_media":12234,"comment_status":"open","ping_status":"open","sticky":false,"template":"","format":"standard","meta":{"_exactmetrics_skip_tracking":false,"_exactmetrics_sitenote_active":false,"_exactmetrics_sitenote_note":"","_exactmetrics_sitenote_category":0,"jnews-multi-image_gallery":[],"jnews_single_post":{"format":"standard","override":[{"template":"10","parallax":"1","fullscreen":"1","layout":"no-sidebar","sidebar":"default-sidebar","second_sidebar":"default-sidebar","sticky_sidebar":"1","share_position":"hide","share_float_style":"share-monocrhome","show_featured":"1","show_post_meta":"1","show_post_author_image":"1","show_post_date":"1","post_date_format":"custom","post_date_format_custom":"d\/m\/Y","show_post_category":"1","show_post_reading_time":"0","post_reading_time_wpm":"300","post_calculate_word_method":"str_word_count","show_zoom_button":"0","zoom_button_out_step":"2","zoom_button_in_step":"3","show_post_tag":"1","number_popup_post":"1","show_author_box":"0","show_post_related":"1"}],"image_override":[{"single_post_thumbnail_size":"crop-500","single_post_gallery_size":"crop-500"}],"trending_post_position":"meta","trending_post_label":"Trending","sponsored_post_label":"Sponsored by","disable_ad":"0"},"jnews_primary_category":[],"jnews_social_meta":[],"jnews_override_counter":{"view_counter_number":"0","share_counter_number":"0","like_counter_number":"0","dislike_counter_number":"0"},"_joinchat":[],"footnotes":""},"categories":[27],"tags":[39],"class_list":["post-12230","post","type-post","status-publish","format-standard","has-post-thumbnail","hentry","category-local","tag-gobierno"],"_links":{"self":[{"href":"https:\/\/tribunavm.com.ar\/index.php\/wp-json\/wp\/v2\/posts\/12230"}],"collection":[{"href":"https:\/\/tribunavm.com.ar\/index.php\/wp-json\/wp\/v2\/posts"}],"about":[{"href":"https:\/\/tribunavm.com.ar\/index.php\/wp-json\/wp\/v2\/types\/post"}],"author":[{"embeddable":true,"href":"https:\/\/tribunavm.com.ar\/index.php\/wp-json\/wp\/v2\/users\/2"}],"replies":[{"embeddable":true,"href":"https:\/\/tribunavm.com.ar\/index.php\/wp-json\/wp\/v2\/comments?post=12230"}],"version-history":[{"count":2,"href":"https:\/\/tribunavm.com.ar\/index.php\/wp-json\/wp\/v2\/posts\/12230\/revisions"}],"predecessor-version":[{"id":12273,"href":"https:\/\/tribunavm.com.ar\/index.php\/wp-json\/wp\/v2\/posts\/12230\/revisions\/12273"}],"wp:featuredmedia":[{"embeddable":true,"href":"https:\/\/tribunavm.com.ar\/index.php\/wp-json\/wp\/v2\/media\/12234"}],"wp:attachment":[{"href":"https:\/\/tribunavm.com.ar\/index.php\/wp-json\/wp\/v2\/media?parent=12230"}],"wp:term":[{"taxonomy":"category","embeddable":true,"href":"https:\/\/tribunavm.com.ar\/index.php\/wp-json\/wp\/v2\/categories?post=12230"},{"taxonomy":"post_tag","embeddable":true,"href":"https:\/\/tribunavm.com.ar\/index.php\/wp-json\/wp\/v2\/tags?post=12230"}],"curies":[{"name":"wp","href":"https:\/\/api.w.org\/{rel}","templated":true}]}}